{"id":8068,"date":"2020-11-04T18:28:32","date_gmt":"2020-11-04T15:28:32","guid":{"rendered":"http:\/\/mersinekonomipolitikagazetesi.com\/?p=8068"},"modified":"2020-11-04T18:28:32","modified_gmt":"2020-11-04T15:28:32","slug":"vali-su-sehitler-verilerek-bizlere-emanet-edilen-vatanimiza-sonsuza-kadar-sahip-cikacagiz","status":"publish","type":"post","link":"https:\/\/akdenizolaygazetesi.com\/?p=8068","title":{"rendered":"Vali Su: &#8220;\u015eehitler verilerek bizlere emanet edilen vatan\u0131m\u0131za sonsuza kadar sahip \u00e7\u0131kaca\u011f\u0131z&#8221;"},"content":{"rendered":"<p><span style=\"line-height: 1.6em;\">Mersin Valisi Ali \u0130hsan Su, 30 A\u011fustos Zafer Bayram\u0131 dolay\u0131s\u0131yla yay\u0131nlad\u0131\u011f\u0131 mesajda &#8220;Nice \u015fehitler verilerek bizlere emanet edilen bu kutsal vatan\u0131m\u0131za sonsuza kadar sahip \u00e7\u0131kmaya devam edece\u011fiz&#8221; dedi.\u00a0<\/span><\/p>\n<p>Vali Su, bin y\u0131ld\u0131r yurt edinilen Anadolu&#8217;nun sonsuza kadar vatan olarak kalmas\u0131n\u0131n teminat\u0131 olan 30 A\u011fustos Zafer Bayram\u0131&#8217;n\u0131n 98. y\u0131l d\u00f6n\u00fcm\u00fcn\u00fc b\u00fcy\u00fck bir gururla kutlad\u0131klar\u0131n\u0131 belirterek, &#8220;Milletimiz, Gazi Mustafa Kemal Atat\u00fcrk \u00f6nderli\u011finde birlik, beraberlik ve karde\u015flik ruhu i\u00e7erisinde ba\u011f\u0131ms\u0131zl\u0131\u011f\u0131na, \u00f6zg\u00fcrl\u00fc\u011f\u00fcne, milli ve manevi de\u011ferlerine daima sahip \u00e7\u0131kaca\u011f\u0131n\u0131 bu b\u00fcy\u00fck zafer ile t\u00fcm d\u00fcnyaya g\u00f6stermi\u015ftir. Tarihi \u015fanl\u0131 zaferlerle dolu bir milletin fertleri olarak bizler de u\u011fruna nice \u015fehitler verilerek bizlere emanet edilen bu kutsal vatan\u0131m\u0131za sonsuza kadar sahip \u00e7\u0131kmaya ve \u00fclkemizi \u00e7a\u011fda\u015f medeniyet seviyesinin \u00fcst\u00fcne \u00e7\u0131karmak i\u00e7in var g\u00fcc\u00fcm\u00fczle \u00e7al\u0131\u015fmaya devam edece\u011fiz. Bu duygularla ba\u015fta Bu b\u00fcy\u00fck zaferin komutan\u0131 ve Cumhuriyetimizin kurucusu Gazi Mustafa Kemal Atat\u00fcrk ve bu \u015fanl\u0131 zaferin t\u00fcm kahramanlar\u0131 olmak \u00fczere vatan ve millet u\u011fruna canlar\u0131n\u0131 feda ederek \u015fahadet mertebesine eri\u015fen t\u00fcm \u015fehitlerimizi rahmetle, gazilerimizi \u015f\u00fckranla an\u0131yor, Mersinli hem\u015fehrilerimin 30 A\u011fustos Zafer Bayram\u0131n\u0131 kutluyor, sayg\u0131lar\u0131m\u0131 sunuyorum&#8221; dedi.\u00a0<\/p>\n","protected":false},"excerpt":{"rendered":"<p>Mersin Valisi Ali \u0130hsan Su, 30 A\u011fustos Zafer Bayram\u0131 dolay\u0131s\u0131yla yay\u0131nlad\u0131\u011f\u0131 mesajda &#8220;Nice \u015fehitler verilerek bizlere emanet edilen bu kutsal vatan\u0131m\u0131za sonsuza kadar sahip \u00e7\u0131kmaya devam edece\u011fiz&#8221; dedi.\u00a0 Vali Su, &hellip; <a href=\"https:\/\/akdenizolaygazetesi.com\/?p=8068\" class=\"more-link\">Devam\u0131n\u0131 Oku&#8230;<\/a><\/p>\n","protected":false},"author":1,"featured_media":0,"comment_status":"open","ping_status":"open","sticky":false,"template":"","format":"standard","meta":[],"categories":[],"tags":[],"_links":{"self":[{"href":"https:\/\/akdenizolaygazetesi.com\/index.php?rest_route=\/wp\/v2\/posts\/8068"}],"collection":[{"href":"https:\/\/akdenizolaygazetesi.com\/index.php?rest_route=\/wp\/v2\/posts"}],"about":[{"href":"https:\/\/akdenizolaygazetesi.com\/index.php?rest_route=\/wp\/v2\/types\/post"}],"author":[{"embeddable":true,"href":"https:\/\/akdenizolaygazetesi.com\/index.php?rest_route=\/wp\/v2\/users\/1"}],"replies":[{"embeddable":true,"href":"https:\/\/akdenizolaygazetesi.com\/index.php?rest_route=%2Fwp%2Fv2%2Fcomments&post=8068"}],"version-history":[{"count":0,"href":"https:\/\/akdenizolaygazetesi.com\/index.php?rest_route=\/wp\/v2\/posts\/8068\/revisions"}],"wp:attachment":[{"href":"https:\/\/akdenizolaygazetesi.com\/index.php?rest_route=%2Fwp%2Fv2%2Fmedia&parent=8068"}],"wp:term":[{"taxonomy":"category","embeddable":true,"href":"https:\/\/akdenizolaygazetesi.com\/index.php?rest_route=%2Fwp%2Fv2%2Fcategories&post=8068"},{"taxonomy":"post_tag","embeddable":true,"href":"https:\/\/akdenizolaygazetesi.com\/index.php?rest_route=%2Fwp%2Fv2%2Ftags&post=8068"}],"curies":[{"name":"wp","href":"https:\/\/api.w.org\/{rel}","templated":true}]}}