{"id":8069,"date":"2020-11-04T18:28:32","date_gmt":"2020-11-04T15:28:32","guid":{"rendered":"http:\/\/mersinekonomipolitikagazetesi.com\/?p=8069"},"modified":"2020-11-04T18:28:32","modified_gmt":"2020-11-04T15:28:32","slug":"mersin-sehir-tiyatrosu-anadolu-topragi-uyaniyor-gosterisiyle-perdelerini-acti","status":"publish","type":"post","link":"https:\/\/akdenizolaygazetesi.com\/?p=8069","title":{"rendered":"Mersin \u015eehir Tiyatrosu, &#8216;Anadolu Topra\u011f\u0131 Uyan\u0131yor&#8217; g\u00f6sterisiyle perdelerini a\u00e7t\u0131"},"content":{"rendered":"<p><span style=\"line-height: 1.6em;\">\u00a0Mersin B\u00fcy\u00fck\u015fehir Belediyesi \u015eehir Tiyatrosu, 30 A\u011fustos Zafer Bayram\u0131\u2019n\u0131n 98. y\u0131l d\u00f6n\u00fcm\u00fc dolay\u0131s\u0131yla \u201cAnadolu Topra\u011f\u0131 Uyan\u0131yor\u201d adl\u0131 g\u00f6sterimle perdelerini a\u00e7t\u0131. B\u00fcy\u00fck\u015fehir Beledyie Ba\u015fkan\u0131 Vahap Se\u00e7er&#8217;in de kat\u0131ld\u0131\u011f\u0131 g\u00f6steri, b\u00fcy\u00fck be\u011feni ald\u0131.\u00a0<\/span><\/p>\n<p>G\u00f6steri \u00f6ncesi konu\u015fan Ba\u015fkan Se\u00e7er, o y\u0131llarda canlar\u0131n\u0131 hi\u00e7e sayarak m\u00fccadele eden kahramanlar\u0131n modern T\u00fcrkiye Cumhuriyeti\u2019ni olu\u015fturdu\u011funu belirterek, \u201cGe\u00e7mi\u015fini bilmeyen, gelece\u011fini \u015fekillendiremez. \u0130\u015fte T\u00fcrkiye Cumhuriyeti bu ko\u015fullarda bundan 100 y\u0131l \u00f6nce imkans\u0131zl\u0131klar i\u00e7erisinde k\u00fcllerinden do\u011fan bir Cumhuriyet. Uluslar\u0131n k\u0131r\u0131lma noktalar\u0131 vard\u0131r tarihlerinde. Hayatlar\u0131n\u0131n \u015feklini, y\u00f6n\u00fcn\u00fc de\u011fi\u015ftiren olaylar vard\u0131r. Buradaki oyunda Mondros\u2019u reddeden, Sevr\u2019i y\u0131rt\u0131p atan, Lozan\u2019\u0131 yapanlar\u0131n hikayesini anlatt\u0131n\u0131z. Daha sonra bu insanlar modern T\u00fcrkiye Cumhuriyeti\u2019ni olu\u015fturdu.. Toplumun \u00fcmmet olmaktan \u00e7\u0131kmas\u0131n\u0131, vatanda\u015f olmas\u0131n\u0131, millet olmas\u0131n\u0131, tebaal\u0131ktan \u00e7\u0131k\u0131p ba\u011f\u0131ms\u0131z bir yurtta\u015f, kimli\u011fi olan bir yurtta\u015f, modern, \u00e7a\u011fda\u015f, bilime inanan bir toplum olu\u015fturulmas\u0131n\u0131 sa\u011flad\u0131lar\u201d dedi.\u00a0<\/p>\n<p>\u201cBu ger\u00e7ekler \u0131\u015f\u0131\u011f\u0131nda o insanlara lay\u0131k olmak i\u00e7in \u00e7al\u0131\u015f\u0131yoruz\u201d\u00a0<br \/>\nToplumlar\u0131n y\u00fczy\u0131llar s\u00fcren m\u00fccadeleler sonucunda demokrasi, \u00f6zg\u00fcrl\u00fck ve ba\u011f\u0131ms\u0131zl\u0131k gibi kazan\u0131mlar elde ettiklerini vurgulayan Se\u00e7er, \u201c\u015eimdi geldi\u011fimiz noktada bizler bu ger\u00e7ekler \u0131\u015f\u0131\u011f\u0131nda o insanlara lay\u0131k olmak i\u00e7in \u00e7al\u0131\u015f\u0131yoruz. 100 y\u0131l, \u00e7ok uzun bir s\u00fcre, \u00e7ok k\u0131sa bir s\u00fcre. Hayat da uzun bir s\u00fcre ama \u00f6zg\u00fcrl\u00fck, ba\u011f\u0131ms\u0131zl\u0131k, demokrasi m\u00fccadelesinde asl\u0131nda T\u00fcrkiye hen\u00fcz yeni y\u00fcr\u00fcyen bir \u00e7ocuk gibi. Bak\u0131n geli\u015fmi\u015f toplumlara, tam ba\u011f\u0131ms\u0131z, demokratik, hukuk devleti normlar\u0131na eri\u015fmi\u015f, laik. Bu toplumlar y\u00fczy\u0131llarca \u00e7ok b\u00fcy\u00fck bedeller \u00f6demi\u015fler. F\u0131rt\u0131nalar, ya\u011fmurlar, boranlar, karlar, siyasi cinayetler, bask\u0131lar. Biz, ulus olarak \u015fu anda hala bu bedelleri \u00f6d\u00fcyoruz ve bunun fark\u0131nda olan bir ku\u015fa\u011f\u0131 temsil ediyorum\u201d diye konu\u015ftu.\u00a0<br \/>\nMersin\u2019i bu bilin\u00e7 ve do\u011frultuda daha \u00e7a\u011fda\u015f ve modern bir kent haline getirmek istediklerini s\u00f6yleyen Se\u00e7er, \u201cBu bilin\u00e7le kendi kentimize, herkes kendi sorumluluk alan\u0131 i\u00e7erisinde \u00e7a\u011fda\u015f, modern, insanlar\u0131n birbirini sevdi\u011fi sayd\u0131\u011f\u0131, birbirini renginden, mezhebinden, me\u015frebinden, dilinden, inanc\u0131ndan dolay\u0131 \u00f6teki g\u00f6rmedi\u011fi bir kent olu\u015fturmak istiyoruz. Modern bir kent, \u00e7a\u011fda\u015f bir kent, sanat kenti, k\u00fclt\u00fcr kenti, karde\u015flik kenti Mersin\u2019i olu\u015fturmak istiyoruz. \u0130\u015fte, bu kadrolarla olu\u015fturaca\u011f\u0131z\u201d \u015feklinde konu\u015ftu.\u00a0<br \/>\nGelecek 30 A\u011fustoslarda daha geni\u015f kitlelerle co\u015fku dolu bir bayram kutlayacaklar\u0131n\u0131n alt\u0131n\u0131 \u00e7izen Se\u00e7er, &#8220;Ke\u015fke bu pandemi belas\u0131 olmasayd\u0131, bu g\u00fczel g\u00f6steriyi biz vatanda\u015flar\u0131m\u0131zla, halk\u0131m\u0131zla beraber izleyebilseydik. O beni ger\u00e7ekten \u00e7ok \u00fczd\u00fc. \u0130n\u015fallah d\u00fcnya bu illetten kurtulur, gelecek 30 A\u011fustoslarda, burada da bir not d\u00fc\u015fmek istiyorum, \u00e7ok daha g\u00f6rkemli \u00e7ok daha ses getiren, \u00e7ok daha tarihimizi an\u0131msatan \u00e7ocuklar\u0131m\u0131za \u00f6\u011freten daha nice nice 30 A\u011fustoslar, 29 Ekimler ya\u015fayaca\u011f\u0131z. Bunu da bir not olarak d\u00fc\u015fmenizi istiyorum. Bayram\u0131m\u0131z kutlu olsun\u201d ifadelerini kulland\u0131.\u00a0<br \/>\nSe\u00e7er, K\u00fclt\u00fcr ve Sosyal \u0130\u015fler Dairesi Ba\u015fkan\u0131 Bengi \u0130spir \u00d6zd\u00fclger ile \u015eehir Tiyatrosu Genel Sanat Y\u00f6netmeni Murat Atak\u2019\u0131n nezdinde sanat\u00e7\u0131lara te\u015fekk\u00fcr edip, \u00e7i\u00e7ek takdiminde bulundu. Ard\u0131ndan \u015eehir Tiyatrosu g\u00f6sterisini sundu. 90\u2019\u0131 sahne \u00f6n\u00fcnde olmak \u00fczere 120 ki\u015filik ekiple haz\u0131rl\u0131klar\u0131 tamamlayan sanat ve teknik ekip performanslar\u0131yla b\u00fcy\u00fck be\u011feni toplad\u0131. Mersin B\u00fcy\u00fck\u015fehir Belediyesi \u015eehir Tiyatrosu Sanat Y\u00f6netmeni Murat Atak\u2019\u0131n rejis\u00f6rl\u00fc\u011f\u00fcnde ger\u00e7ekle\u015fen oyunda K\u00fclt\u00fcr ve Sosyal \u0130\u015fler Dairesi Koordinat\u00f6r\u00fc Bengi \u0130spir \u00d6zd\u00fclger de Mustafa Kemal Atat\u00fcrk\u2019\u00fcn sevdi\u011fi \u015fark\u0131lar\u0131 seslendirdi. Ankara Devlet Opera ve Balesi sanat\u00e7\u0131lar\u0131 da konuk sanat\u00e7\u0131 olarak oyunda yerini ald\u0131 ve yine Atat\u00fcrk\u2019\u00fcn sevdi\u011fi ve dinledi\u011fi eserlere ses verdi.\u00a0<\/p>\n","protected":false},"excerpt":{"rendered":"<p>\u00a0Mersin B\u00fcy\u00fck\u015fehir Belediyesi \u015eehir Tiyatrosu, 30 A\u011fustos Zafer Bayram\u0131\u2019n\u0131n 98. y\u0131l d\u00f6n\u00fcm\u00fc dolay\u0131s\u0131yla \u201cAnadolu Topra\u011f\u0131 Uyan\u0131yor\u201d adl\u0131 g\u00f6sterimle perdelerini a\u00e7t\u0131. B\u00fcy\u00fck\u015fehir Beledyie Ba\u015fkan\u0131 Vahap Se\u00e7er&#8217;in de kat\u0131ld\u0131\u011f\u0131 g\u00f6steri, b\u00fcy\u00fck be\u011feni &hellip; <a href=\"https:\/\/akdenizolaygazetesi.com\/?p=8069\" class=\"more-link\">Devam\u0131n\u0131 Oku&#8230;<\/a><\/p>\n","protected":false},"author":1,"featured_media":0,"comment_status":"open","ping_status":"open","sticky":false,"template":"","format":"standard","meta":[],"categories":[],"tags":[],"_links":{"self":[{"href":"https:\/\/akdenizolaygazetesi.com\/index.php?rest_route=\/wp\/v2\/posts\/8069"}],"collection":[{"href":"https:\/\/akdenizolaygazetesi.com\/index.php?rest_route=\/wp\/v2\/posts"}],"about":[{"href":"https:\/\/akdenizolaygazetesi.com\/index.php?rest_route=\/wp\/v2\/types\/post"}],"author":[{"embeddable":true,"href":"https:\/\/akdenizolaygazetesi.com\/index.php?rest_route=\/wp\/v2\/users\/1"}],"replies":[{"embeddable":true,"href":"https:\/\/akdenizolaygazetesi.com\/index.php?rest_route=%2Fwp%2Fv2%2Fcomments&post=8069"}],"version-history":[{"count":0,"href":"https:\/\/akdenizolaygazetesi.com\/index.php?rest_route=\/wp\/v2\/posts\/8069\/revisions"}],"wp:attachment":[{"href":"https:\/\/akdenizolaygazetesi.com\/index.php?rest_route=%2Fwp%2Fv2%2Fmedia&parent=8069"}],"wp:term":[{"taxonomy":"category","embeddable":true,"href":"https:\/\/akdenizolaygazetesi.com\/index.php?rest_route=%2Fwp%2Fv2%2Fcategories&post=8069"},{"taxonomy":"post_tag","embeddable":true,"href":"https:\/\/akdenizolaygazetesi.com\/index.php?rest_route=%2Fwp%2Fv2%2Ftags&post=8069"}],"curies":[{"name":"wp","href":"https:\/\/api.w.org\/{rel}","templated":true}]}}