{"id":8070,"date":"2020-11-04T18:28:32","date_gmt":"2020-11-04T15:28:32","guid":{"rendered":"http:\/\/mersinekonomipolitikagazetesi.com\/?p=8070"},"modified":"2020-11-04T18:28:32","modified_gmt":"2020-11-04T15:28:32","slug":"su-tartismasi-kanli-bitti-1-olu-1-yarali","status":"publish","type":"post","link":"https:\/\/akdenizolaygazetesi.com\/?p=8070","title":{"rendered":"Su tart\u0131\u015fmas\u0131 kanl\u0131 bitti: 1 \u00f6l\u00fc, 1 yaral\u0131"},"content":{"rendered":"<p><span style=\"line-height: 1.6em;\">Mersin\u2019in Erdemli il\u00e7esine ba\u011fl\u0131 \u00c7aml\u0131 Mahallesi Karafrenk Yaylas\u0131&#8217;nda tar\u0131m arazisini sulama meselesi y\u00fcz\u00fcnden \u00e7\u0131kan tart\u0131\u015fmada av t\u00fcfe\u011fi ile vurulan bir ki\u015fi \u00f6ld\u00fc, bir ki\u015fi de yaraland\u0131. Katil zanl\u0131s\u0131, jandarma taraf\u0131ndan yakalanarak g\u00f6zalt\u0131na al\u0131nd\u0131.\u00a0<\/span><\/p>\n<p>Edinilen bilgiye g\u00f6re olay, il\u00e7eye ba\u011fl\u0131 \u00c7aml\u0131 Mahallesi Karafrenk Yaylas\u0131&#8217;nda meydana geldi. Abdullah K. ile Murat Arslan tar\u0131m arazisi sulama meselesi y\u00fcz\u00fcnden tart\u0131\u015ft\u0131. Tart\u0131\u015fma b\u00fcy\u00fcyerek kavgaya d\u00f6n\u00fc\u015ft\u00fc. Abdullah K. yan\u0131nda getirdi\u011fi av t\u00fcfe\u011fi ile tart\u0131\u015ft\u0131\u011f\u0131 Murat Arslan\u2019\u0131n kafas\u0131na bir el ate\u015f etti. Olaya m\u00fcdahale etmek isteyen Arslan\u2019\u0131n k\u0131z\u0131 G\u00f6n\u00fcl Arslan\u2019a (26) da bir el ate\u015f ederek yaralad\u0131. Murat Arslan olay yerinde hayat\u0131n\u0131 kaybetti. 112 Acil ekipleri taraf\u0131ndan ilk m\u00fcdahalede bulunulan G\u00f6n\u00fcl Arslan&#8217;a ise Mersin \u00dcniversitesi T\u0131p Fak\u00fcltesi Hastanesine kald\u0131r\u0131ld\u0131.\u00a0<br \/>\nKatil zanl\u0131s\u0131 Abdullah K. olay yerine gelen Jandarma taraf\u0131ndan yakalanarak g\u00f6zalt\u0131na al\u0131nd\u0131. Cinayetle ilgili soru\u015fturma s\u00fcrerken Murat Arslan&#8217;\u0131n cenazesi otopsi i\u00e7in Erdemli Devlet Hastanesi&#8217;ne kald\u0131r\u0131ld\u0131.\u00a0<\/p>\n","protected":false},"excerpt":{"rendered":"<p>Mersin\u2019in Erdemli il\u00e7esine ba\u011fl\u0131 \u00c7aml\u0131 Mahallesi Karafrenk Yaylas\u0131&#8217;nda tar\u0131m arazisini sulama meselesi y\u00fcz\u00fcnden \u00e7\u0131kan tart\u0131\u015fmada av t\u00fcfe\u011fi ile vurulan bir ki\u015fi \u00f6ld\u00fc, bir ki\u015fi de yaraland\u0131. Katil zanl\u0131s\u0131, jandarma taraf\u0131ndan &hellip; <a href=\"https:\/\/akdenizolaygazetesi.com\/?p=8070\" class=\"more-link\">Devam\u0131n\u0131 Oku&#8230;<\/a><\/p>\n","protected":false},"author":1,"featured_media":0,"comment_status":"open","ping_status":"open","sticky":false,"template":"","format":"standard","meta":[],"categories":[],"tags":[],"_links":{"self":[{"href":"https:\/\/akdenizolaygazetesi.com\/index.php?rest_route=\/wp\/v2\/posts\/8070"}],"collection":[{"href":"https:\/\/akdenizolaygazetesi.com\/index.php?rest_route=\/wp\/v2\/posts"}],"about":[{"href":"https:\/\/akdenizolaygazetesi.com\/index.php?rest_route=\/wp\/v2\/types\/post"}],"author":[{"embeddable":true,"href":"https:\/\/akdenizolaygazetesi.com\/index.php?rest_route=\/wp\/v2\/users\/1"}],"replies":[{"embeddable":true,"href":"https:\/\/akdenizolaygazetesi.com\/index.php?rest_route=%2Fwp%2Fv2%2Fcomments&post=8070"}],"version-history":[{"count":0,"href":"https:\/\/akdenizolaygazetesi.com\/index.php?rest_route=\/wp\/v2\/posts\/8070\/revisions"}],"wp:attachment":[{"href":"https:\/\/akdenizolaygazetesi.com\/index.php?rest_route=%2Fwp%2Fv2%2Fmedia&parent=8070"}],"wp:term":[{"taxonomy":"category","embeddable":true,"href":"https:\/\/akdenizolaygazetesi.com\/index.php?rest_route=%2Fwp%2Fv2%2Fcategories&post=8070"},{"taxonomy":"post_tag","embeddable":true,"href":"https:\/\/akdenizolaygazetesi.com\/index.php?rest_route=%2Fwp%2Fv2%2Ftags&post=8070"}],"curies":[{"name":"wp","href":"https:\/\/api.w.org\/{rel}","templated":true}]}}