{"id":8073,"date":"2020-11-04T18:28:32","date_gmt":"2020-11-04T15:28:32","guid":{"rendered":"http:\/\/mersinekonomipolitikagazetesi.com\/?p=8073"},"modified":"2020-11-04T18:28:32","modified_gmt":"2020-11-04T15:28:32","slug":"sehit-atesi-mersine-dustu-4","status":"publish","type":"post","link":"https:\/\/akdenizolaygazetesi.com\/?p=8073","title":{"rendered":"\u015eehit ate\u015fi Mersin&#8217;e d\u00fc\u015ft\u00fc"},"content":{"rendered":"<p><span style=\"line-height: 1.6em;\">\u00a0A\u011fr\u0131 Do\u011fubeyaz\u0131t&#8217;da s\u0131zma giri\u015fiminde bulunan ter\u00f6r \u00f6rg\u00fct\u00fc mensuplar\u0131yla \u00e7\u0131kan \u00e7at\u0131\u015fmada \u015fehit olan Uzman \u00c7avu\u015f \u0130dris \u015eahin&#8217;in (25) Mersin&#8217;deki ailesine ac\u0131 haber verildi. \u015eehidin bekar oldu\u011fu \u00f6\u011frenilirken, yar\u0131n Mersin&#8217;de defnedilece\u011fi belirtildi.\u00a0<\/span><\/p>\n<p>A\u011fr\u0131 Do\u011fubeyaz\u0131t&#8217;da \u015fehit olan Uzman \u00c7avu\u015f \u0130dris \u015eahin&#8217;in Mersin&#8217;in merkez il\u00e7e Toroslar il\u00e7esinde oturan annesi Perizade Y\u0131ld\u0131r\u0131m, ac\u0131 haberi askeri yetkililerden ald\u0131. \u00c7at\u0131\u015fmada evlad\u0131n\u0131n \u015fehit d\u00fc\u015ft\u00fc\u011f\u00fc haberini alan anne, g\u00f6zya\u015flar\u0131na bo\u011fuldu. Ailenin oturdu\u011fu ev ile yak\u0131ndaki evler T\u00fcrk bayraklar\u0131yla donat\u0131l\u0131rken, \u015fehidin yak\u0131nlar\u0131n\u0131, kom\u015fular\u0131 ve yetkililer teselli etmeye \u00e7al\u0131\u015ft\u0131. Toroslar Kaymakam\u0131 Ahmet Hikmet \u015eahin, Belediye Ba\u015fkan Yard\u0131mc\u0131s\u0131 \u015eeyda G\u00fclden, il\u00e7e Emniyet M\u00fcd\u00fcr\u00fc Zeki Av\u015far, il\u00e7e Jandarma Komutan\u0131 Y\u00fczba\u015f\u0131 Abdullah Kalayc\u0131o\u011flu ile Merkez Komutan\u0131 Binba\u015f\u0131 Levent Var&#8217;da taziye evine gelerek, aileye ba\u015fsa\u011fl\u0131\u011f\u0131 diledi.\u00a0<br \/>\n\u015eehidin babas\u0131n\u0131n hayat\u0131n\u0131 kaybetti\u011fi ve bekar oldu\u011fu \u00f6\u011frenilirken, cenazesinin yar\u0131n Mersin&#8217;de defnedilece\u011fi kaydedildi.\u00a0<br \/>\n1. Mekanize Hudut Tugay Komutanl\u0131\u011f\u0131nda g\u00f6revli Piyade Uzman \u00c7avu\u015f \u0130dris \u015eahin, A\u011fr\u0131 Do\u011fubeyaz\u0131t s\u0131n\u0131r hatt\u0131nda, sabaha kar\u015f\u0131 s\u0131zma giri\u015fiminde bulunan ter\u00f6r \u00f6rg\u00fct\u00fc mensuplar\u0131yla \u00e7\u0131kan \u00e7at\u0131\u015fmada \u015fehit olmu\u015ftu.\u00a0<\/p>\n","protected":false},"excerpt":{"rendered":"<p>\u00a0A\u011fr\u0131 Do\u011fubeyaz\u0131t&#8217;da s\u0131zma giri\u015fiminde bulunan ter\u00f6r \u00f6rg\u00fct\u00fc mensuplar\u0131yla \u00e7\u0131kan \u00e7at\u0131\u015fmada \u015fehit olan Uzman \u00c7avu\u015f \u0130dris \u015eahin&#8217;in (25) Mersin&#8217;deki ailesine ac\u0131 haber verildi. \u015eehidin bekar oldu\u011fu \u00f6\u011frenilirken, yar\u0131n Mersin&#8217;de defnedilece\u011fi belirtildi.\u00a0 &hellip; <a href=\"https:\/\/akdenizolaygazetesi.com\/?p=8073\" class=\"more-link\">Devam\u0131n\u0131 Oku&#8230;<\/a><\/p>\n","protected":false},"author":1,"featured_media":0,"comment_status":"open","ping_status":"open","sticky":false,"template":"","format":"standard","meta":[],"categories":[],"tags":[],"_links":{"self":[{"href":"https:\/\/akdenizolaygazetesi.com\/index.php?rest_route=\/wp\/v2\/posts\/8073"}],"collection":[{"href":"https:\/\/akdenizolaygazetesi.com\/index.php?rest_route=\/wp\/v2\/posts"}],"about":[{"href":"https:\/\/akdenizolaygazetesi.com\/index.php?rest_route=\/wp\/v2\/types\/post"}],"author":[{"embeddable":true,"href":"https:\/\/akdenizolaygazetesi.com\/index.php?rest_route=\/wp\/v2\/users\/1"}],"replies":[{"embeddable":true,"href":"https:\/\/akdenizolaygazetesi.com\/index.php?rest_route=%2Fwp%2Fv2%2Fcomments&post=8073"}],"version-history":[{"count":0,"href":"https:\/\/akdenizolaygazetesi.com\/index.php?rest_route=\/wp\/v2\/posts\/8073\/revisions"}],"wp:attachment":[{"href":"https:\/\/akdenizolaygazetesi.com\/index.php?rest_route=%2Fwp%2Fv2%2Fmedia&parent=8073"}],"wp:term":[{"taxonomy":"category","embeddable":true,"href":"https:\/\/akdenizolaygazetesi.com\/index.php?rest_route=%2Fwp%2Fv2%2Fcategories&post=8073"},{"taxonomy":"post_tag","embeddable":true,"href":"https:\/\/akdenizolaygazetesi.com\/index.php?rest_route=%2Fwp%2Fv2%2Ftags&post=8073"}],"curies":[{"name":"wp","href":"https:\/\/api.w.org\/{rel}","templated":true}]}}