{"id":8074,"date":"2020-11-04T18:28:32","date_gmt":"2020-11-04T15:28:32","guid":{"rendered":"http:\/\/mersinekonomipolitikagazetesi.com\/?p=8074"},"modified":"2020-11-04T18:28:32","modified_gmt":"2020-11-04T15:28:32","slug":"baskan-yilmaz-30-agustos-zafer-bayramini-kutladi","status":"publish","type":"post","link":"https:\/\/akdenizolaygazetesi.com\/?p=8074","title":{"rendered":"BA\u015eKAN YILMAZ, 30 A\u011eUSTOS ZAFER BAYRAMI\u2019NI KUTLADI"},"content":{"rendered":"<p>\u00a0<br \/>\nToroslar Belediye Ba\u015fkan\u0131 Ats\u0131z Af\u015f\u0131n Y\u0131lmaz, 30 A\u011fustos Zafer Bayram\u0131\u2019n\u0131n 98\u2019inci y\u0131l d\u00f6n\u00fcm\u00fc dolay\u0131s\u0131yla bir mesaj yay\u0131nlad\u0131.<br \/>\n\u00a0<br \/>\n30 A\u011fustos Ba\u015fkomutanl\u0131k Meydan Muharebesi\u2019nin 98\u2019inci y\u0131l d\u00f6n\u00fcm\u00fcn\u00fc kutlaman\u0131n hakl\u0131 gurur ve sevincini ya\u015fad\u0131klar\u0131n\u0131 belirten Ba\u015fkan Y\u0131lmaz; \u201cUlu \u00d6nderimiz Gazi Mustafa Kemal Atat\u00fcrk ve silah arkada\u015flar\u0131 \u00f6nc\u00fcl\u00fc\u011f\u00fcnde yap\u0131lan kurtulu\u015f m\u00fccadelesi, 30 A\u011fustos Ba\u015fkomutanl\u0131k Meydan Muharebesi ile zirveye ta\u015f\u0131nm\u0131\u015f, milletimiz h\u00fcrriyet ve ba\u011f\u0131ms\u0131zl\u0131k i\u00e7inde ya\u015fama onuruna kavu\u015fmu\u015ftur. Bu sayede Cumhuriyetimizin temelleri at\u0131lm\u0131\u015ft\u0131r. Bu mukaddes vatan\u0131 bizlere emanet eden atalar\u0131m\u0131z\u0131n onurlu m\u00fccadelesine sonsuza kadar sahip \u00e7\u0131kaca\u011f\u0131z\u201d dedi.<br \/>\n\u00a0<br \/>\nT\u00fcrk milletinin ba\u011f\u0131ms\u0131zl\u0131k inanc\u0131 ve vatan sevgisinin \u00f6n\u00fcnde hi\u00e7bir g\u00fcc\u00fcn duramayaca\u011f\u0131n\u0131 da belirten Ba\u015fkan Y\u0131lmaz; \u201cUlu \u00d6nderimiz Gazi Mustafa Kemal Atat\u00fcrk\u2019\u00fcn Samsun\u2019dan ba\u015flatt\u0131\u011f\u0131 ba\u011f\u0131ms\u0131zl\u0131k m\u00fccadelesi vatan topraklar\u0131n\u0131n her k\u00f6\u015fesine yay\u0131larak 30 A\u011fustos\u2019ta kazan\u0131lan zaferle ba\u015far\u0131ya ula\u015fm\u0131\u015ft\u0131r. 30 A\u011fustos g\u00fcn\u00fc \u015fanl\u0131 bir zafer olmakla beraber kad\u0131n\u0131yla erke\u011fiyle destan yazan aziz milletimizin t\u00fcm d\u00fcnyaya sonsuza dek ba\u011f\u0131ms\u0131z ve h\u00fcr ya\u015fayaca\u011f\u0131n\u0131n bir mesaj\u0131d\u0131r. Y\u00fcce T\u00fcrk milleti, d\u00fcn oldu\u011fu gibi bug\u00fcn de devletimizin ve milletimizin b\u00f6l\u00fcnmez b\u00fct\u00fcnl\u00fc\u011f\u00fcn\u00fc korumak i\u00e7in her t\u00fcrl\u00fc fedak\u00e2rl\u0131\u011f\u0131 g\u00f6stermeye devam edecektir. Bu \u015fanl\u0131 zaferi bize arma\u011fan eden Cumhuriyetimizin kurucusu Ulu \u00d6nderimiz Gazi Mustafa Kemal Atat\u00fcrk\u2019\u00fc, \u0130stiklal m\u00fccadelemizin b\u00fct\u00fcn kahramanlar\u0131n\u0131, \u015fehit ve gazilerimizi rahmet, minnet ve sayg\u0131yla an\u0131yorum. 30 A\u011fustos Zafer Bayram\u0131m\u0131z kutlu, birli\u011fimiz ve bekam\u0131z daim olsun\u201d \u015feklinde konu\u015ftu.<br \/>\n\u00a0<\/p>\n","protected":false},"excerpt":{"rendered":"<p>\u00a0 Toroslar Belediye Ba\u015fkan\u0131 Ats\u0131z Af\u015f\u0131n Y\u0131lmaz, 30 A\u011fustos Zafer Bayram\u0131\u2019n\u0131n 98\u2019inci y\u0131l d\u00f6n\u00fcm\u00fc dolay\u0131s\u0131yla bir mesaj yay\u0131nlad\u0131. \u00a0 30 A\u011fustos Ba\u015fkomutanl\u0131k Meydan Muharebesi\u2019nin 98\u2019inci y\u0131l d\u00f6n\u00fcm\u00fcn\u00fc kutlaman\u0131n hakl\u0131 gurur &hellip; <a href=\"https:\/\/akdenizolaygazetesi.com\/?p=8074\" class=\"more-link\">Devam\u0131n\u0131 Oku&#8230;<\/a><\/p>\n","protected":false},"author":1,"featured_media":0,"comment_status":"open","ping_status":"open","sticky":false,"template":"","format":"standard","meta":[],"categories":[],"tags":[],"_links":{"self":[{"href":"https:\/\/akdenizolaygazetesi.com\/index.php?rest_route=\/wp\/v2\/posts\/8074"}],"collection":[{"href":"https:\/\/akdenizolaygazetesi.com\/index.php?rest_route=\/wp\/v2\/posts"}],"about":[{"href":"https:\/\/akdenizolaygazetesi.com\/index.php?rest_route=\/wp\/v2\/types\/post"}],"author":[{"embeddable":true,"href":"https:\/\/akdenizolaygazetesi.com\/index.php?rest_route=\/wp\/v2\/users\/1"}],"replies":[{"embeddable":true,"href":"https:\/\/akdenizolaygazetesi.com\/index.php?rest_route=%2Fwp%2Fv2%2Fcomments&post=8074"}],"version-history":[{"count":0,"href":"https:\/\/akdenizolaygazetesi.com\/index.php?rest_route=\/wp\/v2\/posts\/8074\/revisions"}],"wp:attachment":[{"href":"https:\/\/akdenizolaygazetesi.com\/index.php?rest_route=%2Fwp%2Fv2%2Fmedia&parent=8074"}],"wp:term":[{"taxonomy":"category","embeddable":true,"href":"https:\/\/akdenizolaygazetesi.com\/index.php?rest_route=%2Fwp%2Fv2%2Fcategories&post=8074"},{"taxonomy":"post_tag","embeddable":true,"href":"https:\/\/akdenizolaygazetesi.com\/index.php?rest_route=%2Fwp%2Fv2%2Ftags&post=8074"}],"curies":[{"name":"wp","href":"https:\/\/api.w.org\/{rel}","templated":true}]}}