{"id":8075,"date":"2020-11-04T18:28:32","date_gmt":"2020-11-04T15:28:32","guid":{"rendered":"http:\/\/mersinekonomipolitikagazetesi.com\/?p=8075"},"modified":"2020-11-04T18:28:32","modified_gmt":"2020-11-04T15:28:32","slug":"buyuk-zaferin-98-yili-kutlandi","status":"publish","type":"post","link":"https:\/\/akdenizolaygazetesi.com\/?p=8075","title":{"rendered":"B\u00dcY\u00dcK ZAFER\u0130N 98. YILI KUTLANDI"},"content":{"rendered":"<p>Mersin&#8217;de 30 A\u011fustos Zafer Bayram\u0131&#8217;n\u0131n 98. y\u0131l d\u00f6n\u00fcm\u00fc t\u00f6renle kutland\u0131.\u00a0<br \/>\nCumhuriyet Alan\u0131ndaki kutlama program\u0131, Mersin Valisi Ali \u0130hsan Su, Akdeniz B\u00f6lge ve Garnizon Komutan\u0131 Tu\u011famiral Ercan Kire\u00e7tepe ve B\u00fcy\u00fck\u015fehir Belediye Ba\u015fkan\u0131 Vahap Se\u00e7er&#8217;in Atat\u00fcrk An\u0131t\u0131na \u00e7elenk koymas\u0131yla ba\u015flad\u0131. Milletvekilleri, gaziler ve protokol \u00fcyelerinin kat\u0131ld\u0131\u011f\u0131 program, sayg\u0131 duru\u015funda bulunulmas\u0131 ve \u0130stiklal Mar\u015f\u0131&#8217;n\u0131n okunmas\u0131n\u0131n ard\u0131ndan sona ererken t\u00f6ren, Akbelen Mezarl\u0131\u011f\u0131ndaki \u015fehitlikte devam etti.<br \/>\n\u00a0<br \/>\n\u015eehit ailelerinin de kat\u0131ld\u0131\u011f\u0131 mezarl\u0131ktaki programda Kur&#8217;an-\u0131 Kerim okunurken, Vali Su ve protokol \u00fcyeleri, \u015fehitler i\u00e7in dua etti, mezarlar\u0131na karanfil b\u0131rakt\u0131.<\/p>\n<p>\u201cD\u00fcnyan\u0131n hi\u00e7bir yerinde e\u015fine rastlanmayacak bir m\u00fccadele\u201d<\/p>\n<p>Mersin B\u00fcy\u00fck\u015fehir Belediye Ba\u015fkan\u0131 Vahap Se\u00e7er, Atat\u00fcrk\u2019\u00fcn \u00f6nderli\u011finde, 30 A\u011fustos 1922de zaferle sonu\u00e7lanan Ba\u015fkomutanl\u0131k Meydan Sava\u015f\u0131 ile vatan topraklar\u0131n\u0131n i\u015fgalden kurtar\u0131ld\u0131\u011f\u0131n\u0131 ve T\u00fcrk milletinin h\u00fcrriyet ve ba\u011f\u0131ms\u0131zl\u0131k i\u00e7inde ya\u015fama onuruna kavu\u015ftu\u011funu s\u00f6yledi. At\u00fct\u00fcrk\u2019\u00fcn \u00f6nderli\u011finde, d\u00fcnyan\u0131n hi\u00e7bir yerinde e\u015fine rastlanmayacak bir m\u00fccadele \u00f6rne\u011fi vermi\u015f olan T\u00fcrk milletinin, yokluk ve yoksulluk d\u00f6neminde dahi hi\u00e7bir \u00fclkenin esareti alt\u0131nda ya\u015famayaca\u011f\u0131n\u0131 t\u00fcm d\u00fcnyaya ilan etti\u011fini vurgulayan Se\u00e7er, &#8220;Hem cephede hem de \u00e7a\u011fda\u015fla\u015fma yolunda her zaman birlik ve beraberlik i\u00e7inde verilmi\u015f olan bu b\u00fcy\u00fck m\u00fccadeleleri bir an olsun dahi akl\u0131m\u0131zdan \u00e7\u0131karmadan vatan\u0131m\u0131z\u0131 korumak, Atat\u00fcrk\u2019\u00fcn izinden ayr\u0131lmadan cumhuriyetimize ve ba\u011f\u0131ms\u0131zl\u0131\u011f\u0131m\u0131za sonsuza dek sahip \u00e7\u0131kmak hepimizin ortak sorumlulu\u011fudur&#8221; dedi.\u00a0<\/p>\n<p>Vali Su: &#8220;\u015eehitler verilerek bizlere emanet edilen vatan\u0131m\u0131za sonsuza kadar sahip \u00e7\u0131kaca\u011f\u0131z&#8221;\u00a0<\/p>\n<p>Mersin Valisi Ali \u0130hsan Su, 30 A\u011fustos Zafer Bayram\u0131 dolay\u0131s\u0131yla yay\u0131nlad\u0131\u011f\u0131 mesajda &#8220;Nice \u015fehitler verilerek bizlere emanet edilen bu kutsal vatan\u0131m\u0131za sonsuza kadar sahip \u00e7\u0131kmaya devam edece\u011fiz&#8221; dedi.\u00a0<br \/>\nVali Su, bin y\u0131ld\u0131r yurt edinilen Anadolu&#8217;nun sonsuza kadar vatan olarak kalmas\u0131n\u0131n teminat\u0131 olan 30 A\u011fustos Zafer Bayram\u0131&#8217;n\u0131n 98. y\u0131l d\u00f6n\u00fcm\u00fcn\u00fc b\u00fcy\u00fck bir gururla kutlad\u0131klar\u0131n\u0131 belirterek, &#8220;Milletimiz, Gazi Mustafa Kemal Atat\u00fcrk \u00f6nderli\u011finde birlik, beraberlik ve karde\u015flik ruhu i\u00e7erisinde ba\u011f\u0131ms\u0131zl\u0131\u011f\u0131na, \u00f6zg\u00fcrl\u00fc\u011f\u00fcne, milli ve manevi de\u011ferlerine daima sahip \u00e7\u0131kaca\u011f\u0131n\u0131 bu b\u00fcy\u00fck zafer ile t\u00fcm d\u00fcnyaya g\u00f6stermi\u015ftir. Tarihi \u015fanl\u0131 zaferlerle dolu bir milletin fertleri olarak bizler de u\u011fruna nice \u015fehitler verilerek bizlere emanet edilen bu kutsal vatan\u0131m\u0131za sonsuza kadar sahip \u00e7\u0131kmaya ve \u00fclkemizi \u00e7a\u011fda\u015f medeniyet seviyesinin \u00fcst\u00fcne \u00e7\u0131karmak i\u00e7in var g\u00fcc\u00fcm\u00fczle \u00e7al\u0131\u015fmaya devam edece\u011fiz. Bu duygularla ba\u015fta Bu b\u00fcy\u00fck zaferin komutan\u0131 ve Cumhuriyetimizin kurucusu Gazi Mustafa Kemal Atat\u00fcrk ve bu \u015fanl\u0131 zaferin t\u00fcm kahramanlar\u0131 olmak \u00fczere vatan ve millet u\u011fruna canlar\u0131n\u0131 feda ederek \u015fahadet mertebesine eri\u015fen t\u00fcm \u015fehitlerimizi rahmetle, gazilerimizi \u015f\u00fckranla an\u0131yor, Mersinli hem\u015fehrilerimin 30 A\u011fustos Zafer Bayram\u0131n\u0131 kutluyor, sayg\u0131lar\u0131m\u0131 sunuyorum&#8221; dedi. \u00a0\u00a0<\/p>\n","protected":false},"excerpt":{"rendered":"<p>Mersin&#8217;de 30 A\u011fustos Zafer Bayram\u0131&#8217;n\u0131n 98. y\u0131l d\u00f6n\u00fcm\u00fc t\u00f6renle kutland\u0131.\u00a0 Cumhuriyet Alan\u0131ndaki kutlama program\u0131, Mersin Valisi Ali \u0130hsan Su, Akdeniz B\u00f6lge ve Garnizon Komutan\u0131 Tu\u011famiral Ercan Kire\u00e7tepe ve B\u00fcy\u00fck\u015fehir Belediye &hellip; <a href=\"https:\/\/akdenizolaygazetesi.com\/?p=8075\" class=\"more-link\">Devam\u0131n\u0131 Oku&#8230;<\/a><\/p>\n","protected":false},"author":1,"featured_media":0,"comment_status":"open","ping_status":"open","sticky":false,"template":"","format":"standard","meta":[],"categories":[],"tags":[],"_links":{"self":[{"href":"https:\/\/akdenizolaygazetesi.com\/index.php?rest_route=\/wp\/v2\/posts\/8075"}],"collection":[{"href":"https:\/\/akdenizolaygazetesi.com\/index.php?rest_route=\/wp\/v2\/posts"}],"about":[{"href":"https:\/\/akdenizolaygazetesi.com\/index.php?rest_route=\/wp\/v2\/types\/post"}],"author":[{"embeddable":true,"href":"https:\/\/akdenizolaygazetesi.com\/index.php?rest_route=\/wp\/v2\/users\/1"}],"replies":[{"embeddable":true,"href":"https:\/\/akdenizolaygazetesi.com\/index.php?rest_route=%2Fwp%2Fv2%2Fcomments&post=8075"}],"version-history":[{"count":0,"href":"https:\/\/akdenizolaygazetesi.com\/index.php?rest_route=\/wp\/v2\/posts\/8075\/revisions"}],"wp:attachment":[{"href":"https:\/\/akdenizolaygazetesi.com\/index.php?rest_route=%2Fwp%2Fv2%2Fmedia&parent=8075"}],"wp:term":[{"taxonomy":"category","embeddable":true,"href":"https:\/\/akdenizolaygazetesi.com\/index.php?rest_route=%2Fwp%2Fv2%2Fcategories&post=8075"},{"taxonomy":"post_tag","embeddable":true,"href":"https:\/\/akdenizolaygazetesi.com\/index.php?rest_route=%2Fwp%2Fv2%2Ftags&post=8075"}],"curies":[{"name":"wp","href":"https:\/\/api.w.org\/{rel}","templated":true}]}}