{"id":8077,"date":"2020-11-04T18:28:32","date_gmt":"2020-11-04T15:28:32","guid":{"rendered":"http:\/\/mersinekonomipolitikagazetesi.com\/?p=8077"},"modified":"2020-11-04T18:28:32","modified_gmt":"2020-11-04T15:28:32","slug":"kucuk-ureticilere-sera-naylonu-yardimi-yapacagiz","status":"publish","type":"post","link":"https:\/\/akdenizolaygazetesi.com\/?p=8077","title":{"rendered":"&#8220;K\u00fc\u00e7\u00fck \u00fcreticilere sera naylonu  yard\u0131m\u0131 yapaca\u011f\u0131z&#8221;"},"content":{"rendered":"<p>Mersin B\u00fcy\u00fck\u015fehir Belediye Ba\u015fkan\u0131 Vahap Se\u00e7er, merkez Akdeniz il\u00e7esine ba\u011fl\u0131 Kazanl\u0131 ve Adanal\u0131o\u011flu mahallelerini ziyaret ederek vatanda\u015flarla bulu\u015ftu. Kazanl\u0131\u2019da pazar yerini ve esnaf\u0131 ziyaret eden Se\u00e7er, iki mahallede yapt\u0131\u011f\u0131 toplant\u0131larda \u00fcreticileri ve mahalle sakinlerini ilgilendirecek yeni \u00e7al\u0131\u015fmalar\u0131 anlatt\u0131.\u00a0<br \/>\nZiyaretlerine Kazanl\u0131\u2019dan ba\u015flayan Ba\u015fkan Se\u00e7er, semt pazar\u0131 ve esnaf ziyaretleri s\u0131ras\u0131nda kendisinden ak\u00fcl\u00fc sandalye talep eden y\u00fcr\u00fcme engelli S\u00fcleyman \u00d6zipek\u2019in talebini kar\u015f\u0131lama s\u00f6z\u00fc verirken, baz\u0131 yurtta\u015flar\u0131n da evlerinin bah\u00e7elerine konuk oldu.\u00a0<br \/>\nKazanl\u0131\u2019da mahalle sakinleriyle bir toplant\u0131 ger\u00e7ekle\u015ftiren Se\u00e7er, son 1.5 y\u0131lda T\u00fcrkiye g\u00fcndeminde Mersin\u2019den s\u0131k\u00e7a s\u00f6z edilmeye ba\u015fland\u0131\u011f\u0131n\u0131 belirterek, \u201cT\u00fcrkiye\u2019nin son se\u00e7imlerden sonra ismini duydu\u011fu bir kenttir Mersin. Mersin ulusal bazda hi\u00e7bir d\u00f6nemde bu kadar konu edilmedi. Hi\u00e7bir d\u00f6nemde belediye ba\u015fkan\u0131 T\u00fcrkiye\u2019de bu kadar konu\u015fulmad\u0131. Biz ne yapt\u0131\u011f\u0131m\u0131z\u0131 biliyoruz. Bizler deneyimli siyaset\u00e7ileriz. Bizler bu \u00fclkeyi hangi ko\u015fullarda, kimler nerelere getirdi gayet iyi biliyoruz. Bizim derdimiz sadece belediye ba\u015fkanl\u0131\u011f\u0131 de\u011fil. Evellallah yapar\u0131z, alas\u0131n\u0131 da yap\u0131yoruz, yapmaya devam edece\u011fiz\u201d dedi.\u00a0<\/p>\n<p>G\u00f6reve geldi\u011fi g\u00fcnden bu yana Mersin\u2019de birle\u015ftirici bir g\u00fc\u00e7 olduklar\u0131n\u0131 ve \u00f6zellikle salg\u0131n s\u00fcrecinden bu yana en iyi hizmet eden belediyelerin ba\u015f\u0131nda geldiklerini vurgulayan Ba\u015fkan Se\u00e7er, \u201cBug\u00fcn Mersin\u2019de B\u00fcy\u00fck\u015fehir Belediye Ba\u015fkan\u0131 Vahap Se\u00e7er olmasayd\u0131, Mersin bu kadar \u00f6zg\u00fcrl\u00fck havas\u0131na b\u00fcr\u00fcnebilir miydi? Bu kadar Atat\u00fcrk diyen bir belediye ba\u015fkan\u0131 olabilir miydi? Bu kadar hangi k\u00fclt\u00fcrden olursa olsun, hangi yap\u0131dan olursa olsun insanlar\u0131 bulu\u015fturabilir miydi? Biz bunu ger\u00e7ekle\u015ftirdik. Bir belediye ba\u015fkan\u0131 misyonunun \u00fczerinde misyonlar y\u00fcklendik. Bir\u00e7ok s\u0131k\u0131nt\u0131lar ya\u015f\u0131yoruz. T\u00fcrkiye, d\u00fcnya pandemiyle bo\u011fu\u015fuyor. Ekonomik s\u0131k\u0131nt\u0131lar. 16 ayl\u0131k y\u00f6netimimiz s\u00fcresince zaten 6 ay\u0131m\u0131z\u0131 pandemi ald\u0131. Tam i\u015flere ba\u015fl\u0131yoruz, belediyeyi bir d\u00fczene koyuyoruz dedik, bu belayla bo\u011fu\u015fmaya ba\u015flad\u0131k. Ama T\u00fcrkiye\u2019de bu s\u00fcre\u00e7te halk\u0131na en iyi hizmet eden belediyelerin ba\u015f\u0131nda Mersin B\u00fcy\u00fck\u015fehir Belediyesi geldi\u201d diye konu\u015ftu.<br \/>\n\u00a0<br \/>\n\u201cBinin \u00fczerinde \u00f6\u011frencimiz \u00fcniversiteye girmi\u015f\u201d<br \/>\n\u00a0<br \/>\nHizmetlerine sosyal hizmetlerle ba\u015flad\u0131klar\u0131n\u0131 s\u00f6yleyen Ba\u015fkan Se\u00e7er, 11 bin 300 vatanda\u015fa Halk Kart deste\u011fi sa\u011flad\u0131klar\u0131n\u0131, bunlar i\u00e7erisinde Kazanl\u0131\u2019dan vatanda\u015flar\u0131n da oldu\u011funu s\u00f6yledi. 4 bin 334 \u00f6\u011frencinin bu sene B\u00fcy\u00fck\u015fehir Belediyesi\u2019nin kurslar\u0131nda \u00fcniversiteye haz\u0131rland\u0131\u011f\u0131n\u0131 belirten Se\u00e7er, \u201cBinin \u00fczerinde \u00f6\u011frencimiz \u00fcniversiteye girmi\u015f. 20 k\u00fcsur t\u0131p fak\u00fcltesi, 10 k\u00fcsur eczac\u0131l\u0131k, 50 k\u00fcsur m\u00fchendislik, hukuk. B\u00fct\u00fcn de\u011ferli okullara, y\u00fcksek okullara, fak\u00fcltelere bizlerin dershanesinden yeti\u015fen Mersinli gen\u00e7lerimiz, Anamur\u2019dan Tarsus\u2019a kadar fakir, yoksul, G\u00fclnar\u2019\u0131n k\u0131rsal\u0131nda, Mut\u2019un k\u0131rsal\u0131nda tertemiz \u00e7a\u011fda\u015f, Atat\u00fcrk\u00e7\u00fc, laik \u00f6\u011fretmenlerin, m\u00fcr\u015fidi ilim olan \u00f6\u011fretmenlerin \u0131\u015f\u0131\u011f\u0131nda bu \u00e7ocuklar yeti\u015fiyor. Her \u00fcniversiteyi kazanan \u00e7ocuk bizden e\u011fitim yard\u0131m\u0131 ald\u0131. Almaya da devam edecek\u201d ifadelerine yer verdi.\u00a0<\/p>\n<p>Kazanl\u0131 Mahallesi sakinleri yo\u011fun olarak Ba\u015fkan Se\u00e7er\u2019den d\u00fc\u011f\u00fcn salonu talep etti. \u00d6ncelikli ihtiya\u00e7 say\u0131lmamas\u0131na ra\u011fmen yo\u011fun olarak gelen talebe kar\u015f\u0131l\u0131k vereceklerini belirten Ba\u015fkan Se\u00e7er, belediye b\u00fcrokratlar\u0131 ile muhtarlar\u0131n yapaca\u011f\u0131 uygun yer tespiti, tahsisi ve projelendirmenin ard\u0131ndan ihtiyac\u0131 k\u0131sa s\u00fcrede yerine getireceklerini s\u00f6yledi. Ba\u015fkan Se\u00e7er, Kazanl\u0131\u2019ya ve Adanal\u0131o\u011flu\u2019na hitap edecek bir \u2018\u00c7ok Ama\u00e7l\u0131 Merkez\u2019i b\u00f6lgeye kazand\u0131rmak istediklerinin de m\u00fcjdesini verdi.\u00a0<\/p>\n<p>Kazanl\u0131\u2019n\u0131n art\u0131k yetersiz gelen kanalizasyon hatt\u0131ndan da s\u00f6z eden Ba\u015fkan Se\u00e7er, Avrupa Birli\u011fi\u2019nin m\u00fcltecilerle ilgili sa\u011flad\u0131\u011f\u0131 bir fon kapsam\u0131nda al\u0131nacak hibelerle Kazanl\u0131\u2019y\u0131 da i\u00e7ine alan b\u00f6lgelerde bir kanalizasyon hatt\u0131 \u00e7al\u0131\u015fmas\u0131 ba\u015flatmay\u0131 planlad\u0131klar\u0131n\u0131 belirtti. B\u00f6ylece b\u00f6lgenin altyap\u0131 sorununu uzun vadede \u00e7\u00f6z\u00fcme kavu\u015fturacaklar\u0131n\u0131 belirten Se\u00e7er, \u201cBirka\u00e7 y\u0131l\u0131m\u0131z\u0131 alacak. \u0130\u015fler pandemiden dolay\u0131 da a\u011f\u0131r y\u00fcr\u00fcyor. Ger\u00e7ekle\u015fir ger\u00e7ekle\u015fmez 60 k\u00fcsur kilometre uzunlu\u011funda kanalizasyon hatt\u0131 4 b\u00f6lgeyi kapsayan bir \u00e7al\u0131\u015fma. Biz buradan zaten bunu Karaduvar ar\u0131tmam\u0131za ba\u011flayaca\u011f\u0131z. Bunu ger\u00e7ekle\u015ftirdi\u011fimiz zaman gelecek 30 y\u0131l\u0131n, 40 y\u0131l\u0131n, 50 y\u0131l\u0131n Kazanl\u0131\u2019n\u0131n kanalizasyon sorunu da ortadan kalm\u0131\u015f olacak\u201d dedi.<\/p>\n<p>\u201cSorunlar\u0131 da \u00e7\u00f6z\u00fcmleri de sokakta ar\u0131yoruz\u201d<br \/>\n\u00a0<br \/>\nBa\u015fkan Se\u00e7er\u2019in di\u011fer dura\u011f\u0131 Adanal\u0131o\u011flu Mahallesi oldu. Burada mahallelilerle bir toplant\u0131 yapan Se\u00e7er, sorunlar\u0131 da \u00e7\u00f6z\u00fcmleri de sokakta arad\u0131klar\u0131n\u0131 s\u00f6yledi. G\u00f6reve geldikleri g\u00fcnden bu yana mahallede 3 bin 400 ton s\u0131cak asfalt, 3 mahalleyi de kapsayan 3 bin 320 metrekare kald\u0131r\u0131m imalat\u0131, 5 kilometre yol banket ve \u00e7evre d\u00fczenlemesi ile 21 noktada b\u00fcz boru yerle\u015ftirme \u00e7al\u0131\u015fmalar\u0131 yapt\u0131klar\u0131n\u0131 belirten Se\u00e7er, \u201cBunlar sizlerin talebi, bizlerin ger\u00e7ekle\u015ftirdikleri\u201d diye konu\u015ftu.\u00a0<\/p>\n<p>Ba\u015fkan Se\u00e7er, seralarda tar\u0131m\u0131n yo\u011fun oldu\u011fu Kazanl\u0131 ve Adanal\u0131o\u011flu\u2019ndaki \u00fcreticilere sera naylonu deste\u011finden Akdeniz sine\u011fi i\u00e7in tuzak da\u011f\u0131t\u0131m\u0131na kadar bir\u00e7ok destek sa\u011flayacaklar\u0131n\u0131n ve bu sayede \u00fcreticiye can suyu olmaya devam edeceklerinin de m\u00fcjdesini vererek, \u015funlar\u0131 s\u00f6yledi: \u201cTar\u0131ma destek veriyoruz. 2021-22-23 y\u0131l\u0131nda her y\u0131l 200 dekar olmak \u00fczere k\u00fc\u00e7\u00fck \u00fcreticilere sera naylonu yard\u0131m\u0131 yapaca\u011f\u0131z, y\u00fczde 50 hibeli. Sera naylonu alacak, en fazla 5 dekar sera yapan vatanda\u015flar\u0131m\u0131z\u0131n 2 dekar\u0131n\u0131n y\u00fczde 50 hibeyle sera naylonunu biz kar\u015f\u0131layaca\u011f\u0131z. Yine gelecek hafta Adanal\u0131o\u011flu\u2019nda da 570 \u00fcretici tespit edilmi\u015f. Akdeniz sine\u011fi i\u00e7in tuzak da\u011f\u0131t\u0131m\u0131 yap\u0131lacak. Bunun da buradan duyurusunu yapmak istiyorum. Yine bu bitki at\u0131klar\u0131n\u0131 k\u0131ymak i\u00e7in biz Akdeniz Ziraat Odas\u0131\u2019na 2 k\u0131yma makinas\u0131 hibe ettik. Bunun i\u00e7erisinde Adanal\u0131o\u011flu mahallemiz de var. Buradaki \u00fcreticilerimiz de ondan faydalanabiliyorlar.\u201d \u00a0<\/p>\n","protected":false},"excerpt":{"rendered":"<p>Mersin B\u00fcy\u00fck\u015fehir Belediye Ba\u015fkan\u0131 Vahap Se\u00e7er, merkez Akdeniz il\u00e7esine ba\u011fl\u0131 Kazanl\u0131 ve Adanal\u0131o\u011flu mahallelerini ziyaret ederek vatanda\u015flarla bulu\u015ftu. Kazanl\u0131\u2019da pazar yerini ve esnaf\u0131 ziyaret eden Se\u00e7er, iki mahallede yapt\u0131\u011f\u0131 toplant\u0131larda &hellip; <a href=\"https:\/\/akdenizolaygazetesi.com\/?p=8077\" class=\"more-link\">Devam\u0131n\u0131 Oku&#8230;<\/a><\/p>\n","protected":false},"author":1,"featured_media":0,"comment_status":"open","ping_status":"open","sticky":false,"template":"","format":"standard","meta":[],"categories":[],"tags":[],"_links":{"self":[{"href":"https:\/\/akdenizolaygazetesi.com\/index.php?rest_route=\/wp\/v2\/posts\/8077"}],"collection":[{"href":"https:\/\/akdenizolaygazetesi.com\/index.php?rest_route=\/wp\/v2\/posts"}],"about":[{"href":"https:\/\/akdenizolaygazetesi.com\/index.php?rest_route=\/wp\/v2\/types\/post"}],"author":[{"embeddable":true,"href":"https:\/\/akdenizolaygazetesi.com\/index.php?rest_route=\/wp\/v2\/users\/1"}],"replies":[{"embeddable":true,"href":"https:\/\/akdenizolaygazetesi.com\/index.php?rest_route=%2Fwp%2Fv2%2Fcomments&post=8077"}],"version-history":[{"count":0,"href":"https:\/\/akdenizolaygazetesi.com\/index.php?rest_route=\/wp\/v2\/posts\/8077\/revisions"}],"wp:attachment":[{"href":"https:\/\/akdenizolaygazetesi.com\/index.php?rest_route=%2Fwp%2Fv2%2Fmedia&parent=8077"}],"wp:term":[{"taxonomy":"category","embeddable":true,"href":"https:\/\/akdenizolaygazetesi.com\/index.php?rest_route=%2Fwp%2Fv2%2Fcategories&post=8077"},{"taxonomy":"post_tag","embeddable":true,"href":"https:\/\/akdenizolaygazetesi.com\/index.php?rest_route=%2Fwp%2Fv2%2Ftags&post=8077"}],"curies":[{"name":"wp","href":"https:\/\/api.w.org\/{rel}","templated":true}]}}