{"id":8078,"date":"2020-11-04T18:28:32","date_gmt":"2020-11-04T15:28:32","guid":{"rendered":"http:\/\/mersinekonomipolitikagazetesi.com\/?p=8078"},"modified":"2020-11-04T18:28:32","modified_gmt":"2020-11-04T15:28:32","slug":"mersinli-sehit-nisan-kiyafetiyle-ugurlandi","status":"publish","type":"post","link":"https:\/\/akdenizolaygazetesi.com\/?p=8078","title":{"rendered":"Mersinli \u015fehit ni\u015fan k\u0131yafetiyle u\u011furland\u0131"},"content":{"rendered":"<p>A\u011fr\u0131&#8217;n\u0131n Do\u011fubeyaz\u0131t il\u00e7esinde s\u0131zma giri\u015fiminde bulunan ter\u00f6r \u00f6rg\u00fct\u00fc mensuplar\u0131yla \u00e7\u0131kan \u00e7at\u0131\u015fmada \u015fehit olan Uzman \u00c7avu\u015f \u0130dris \u015eahin (25), memleketi Mersin&#8217;de son yolculu\u011funa u\u011furland\u0131. Ailesi, d\u00fc\u011f\u00fcn haz\u0131rl\u0131\u011f\u0131 yapan \u015fehidin tabutuna ni\u015fan k\u0131yafetini koydu.\u00a0<br \/>\n\u015eehit i\u00e7in Mu\u011fdat Camii\u2019nde t\u00f6ren d\u00fczenlendi. Ailesinin ya\u015fad\u0131\u011f\u0131 Toroslar il\u00e7esine ba\u011fl\u0131 Halkkent Mahallesi&#8217;ndeki evine getirilen \u015fehidin cenazesi, daha sonra t\u00f6ren i\u00e7in Mu\u011fdat Camii\u2019ne getirildi. Burada askerlerin omzunda \u015fehidin T\u00fcrk bayra\u011f\u0131na sar\u0131l\u0131 tabutu cami avlusuna g\u00f6t\u00fcr\u00fcl\u00fcrken, yak\u0131nlar\u0131 g\u00f6zya\u015flar\u0131na bo\u011fuldu. \u015eehidin annesi Perizade \u015eahin ile karde\u015fleri ve ni\u015fanl\u0131s\u0131 \u00d6zlem Kaya ile yak\u0131nlar\u0131 tabuta sar\u0131l\u0131p g\u00f6zya\u015f\u0131 d\u00f6kt\u00fc. Karde\u015fleri d\u00fc\u011f\u00fcn haz\u0131rl\u0131\u011f\u0131 yapan \u015fehidin tabutunun \u00fczerine ni\u015fan k\u0131yafetlerini koyarken, ni\u015fanl\u0131s\u0131 \u00d6zlem Kaya da \u015fehidin g\u00f6mle\u011fine dokunup uzun s\u00fcre tabut ba\u015f\u0131nda a\u011flad\u0131.\u00a0<br \/>\n\u015eehit \u0130dris \u015eahin i\u00e7in \u00f6\u011fle namaz\u0131n\u0131n ard\u0131ndan cenaze t\u00f6reni d\u00fczenlendi. T\u00f6rene K\u00fclt\u00fcr ve Turizm Bakan Yard\u0131mc\u0131s\u0131 Ahmet Misbah Demircan, Mersin Valisi Ali \u0130hsan Su, Akdeniz B\u00f6lge ve Garnizon Komutan\u0131 Tu\u011famiral Ercan Kire\u00e7tepe, B\u00fcy\u00fck\u015fehir Belediye Ba\u015fkan\u0131 Vahap Se\u00e7er, milletvekilleri, il\u00e7e belediye ba\u015fkanlar\u0131, protokol \u00fcyeleri, askeri erkan ile \u015fehidin ailesi ve yak\u0131nlar\u0131 kat\u0131ld\u0131. Cenaze namaz\u0131n\u0131n k\u0131l\u0131nmas\u0131n\u0131n ard\u0131ndan \u015fehidin cenazesi, askerlerin omzunda cenaze arac\u0131na konuldu. Korona vir\u00fcs salg\u0131n\u0131 nedeniyle kat\u0131l\u0131m\u0131n az oldu\u011fu askeri t\u00f6renin ard\u0131ndan Mersin \u015eehir Mezarl\u0131\u011f\u0131\u2019na g\u00f6t\u00fcr\u00fclen \u015eahin&#8217;in cenazesi, \u015fehitlikte topra\u011fa verildi. \u00a0<\/p>\n","protected":false},"excerpt":{"rendered":"<p>A\u011fr\u0131&#8217;n\u0131n Do\u011fubeyaz\u0131t il\u00e7esinde s\u0131zma giri\u015fiminde bulunan ter\u00f6r \u00f6rg\u00fct\u00fc mensuplar\u0131yla \u00e7\u0131kan \u00e7at\u0131\u015fmada \u015fehit olan Uzman \u00c7avu\u015f \u0130dris \u015eahin (25), memleketi Mersin&#8217;de son yolculu\u011funa u\u011furland\u0131. Ailesi, d\u00fc\u011f\u00fcn haz\u0131rl\u0131\u011f\u0131 yapan \u015fehidin tabutuna ni\u015fan &hellip; <a href=\"https:\/\/akdenizolaygazetesi.com\/?p=8078\" class=\"more-link\">Devam\u0131n\u0131 Oku&#8230;<\/a><\/p>\n","protected":false},"author":1,"featured_media":0,"comment_status":"open","ping_status":"open","sticky":false,"template":"","format":"standard","meta":[],"categories":[],"tags":[],"_links":{"self":[{"href":"https:\/\/akdenizolaygazetesi.com\/index.php?rest_route=\/wp\/v2\/posts\/8078"}],"collection":[{"href":"https:\/\/akdenizolaygazetesi.com\/index.php?rest_route=\/wp\/v2\/posts"}],"about":[{"href":"https:\/\/akdenizolaygazetesi.com\/index.php?rest_route=\/wp\/v2\/types\/post"}],"author":[{"embeddable":true,"href":"https:\/\/akdenizolaygazetesi.com\/index.php?rest_route=\/wp\/v2\/users\/1"}],"replies":[{"embeddable":true,"href":"https:\/\/akdenizolaygazetesi.com\/index.php?rest_route=%2Fwp%2Fv2%2Fcomments&post=8078"}],"version-history":[{"count":0,"href":"https:\/\/akdenizolaygazetesi.com\/index.php?rest_route=\/wp\/v2\/posts\/8078\/revisions"}],"wp:attachment":[{"href":"https:\/\/akdenizolaygazetesi.com\/index.php?rest_route=%2Fwp%2Fv2%2Fmedia&parent=8078"}],"wp:term":[{"taxonomy":"category","embeddable":true,"href":"https:\/\/akdenizolaygazetesi.com\/index.php?rest_route=%2Fwp%2Fv2%2Fcategories&post=8078"},{"taxonomy":"post_tag","embeddable":true,"href":"https:\/\/akdenizolaygazetesi.com\/index.php?rest_route=%2Fwp%2Fv2%2Ftags&post=8078"}],"curies":[{"name":"wp","href":"https:\/\/api.w.org\/{rel}","templated":true}]}}