{"id":8079,"date":"2020-11-04T18:28:32","date_gmt":"2020-11-04T15:28:32","guid":{"rendered":"http:\/\/mersinekonomipolitikagazetesi.com\/?p=8079"},"modified":"2020-11-04T18:28:32","modified_gmt":"2020-11-04T15:28:32","slug":"30-agustos-zafer-bayrami-coskusu-cumhurbaskanligi-kulliyesinde-ve-dijital-gosterim-merkezlerinde-yasatilacak","status":"publish","type":"post","link":"https:\/\/akdenizolaygazetesi.com\/?p=8079","title":{"rendered":"30 A\u011fustos Zafer Bayram\u0131 co\u015fkusu, Cumhurba\u015fkanl\u0131\u011f\u0131 K\u00fclliyesinde ve Dijital G\u00f6sterim Merkezlerinde ya\u015fat\u0131lacak"},"content":{"rendered":"<p>0 A\u011fustos Zafer Bayram\u0131 dolay\u0131s\u0131yla Cumhurba\u015fkan\u0131 Recep Tayyip Erdo\u011fan\u2019\u0131n An\u0131tkabir ziyareti ile ba\u015flay\u0131p Cumhurba\u015fkanl\u0131\u011f\u0131 K\u00fclliyesinde tebrikleri kabul\u00fc ile devam edecek kutlamalar, resmi ge\u00e7it t\u00f6reninin ard\u0131ndan ak\u015fam da Cumhurba\u015fkanl\u0131\u011f\u0131 K\u00fclliyesinde s\u00fcrecek.<\/p>\n<p>30 A\u011fustos saat 20:30\u2019da Cumhurba\u015fkanl\u0131\u011f\u0131 K\u00fclliyesinde Cumhurba\u015fkanl\u0131\u011f\u0131 Muhaf\u0131z Alay\u0131 Bando Komutanl\u0131\u011f\u0131 ile Milli Savunma Bakanl\u0131\u011f\u0131Mehteran Birli\u011fi ve Armoni M\u0131z\u0131kas\u0131 Komutanl\u0131\u011f\u0131 taraf\u0131ndan Zafer Bayram\u0131\u2019na \u00f6zel bir konser ger\u00e7ekle\u015ftirilecek.<\/p>\n<p>Konser, Cumhurba\u015fkanl\u0131\u011f\u0131 ve \u0130leti\u015fim Ba\u015fkanl\u0131\u011f\u0131 Youtube kanallar\u0131 ve sosyal medya hesaplar\u0131 ile televizyon kanallar\u0131ndan canl\u0131 olarak yay\u0131nlanacak.<\/p>\n<p>B\u00fcy\u00fck Zafer, 300 \u0130HA ile G\u00f6klere Yaz\u0131lacak<\/p>\n<p>Konserin ard\u0131ndan \u0130leti\u015fim Ba\u015fkanl\u0131\u011f\u0131 taraf\u0131ndan Cumhurba\u015fkanl\u0131\u011f\u0131 K\u00fclliyesi \u00fczerinde 300 insans\u0131z hava arac\u0131 (\u0130HA) ile \u201c30 A\u011fustos Zaferi\u201d temal\u0131 bir \u0131\u015f\u0131k g\u00f6sterisi ger\u00e7ekle\u015ftirilecek.<\/p>\n<p>T\u00fcrk milletinin Kurtulu\u015f Sava\u015f\u0131ndaki kenetlenmesi, seferberli\u011fi, m\u00fccadelesi ve zaferini simgeleyen fig\u00fcrler, g\u00f6rsel bir anlat\u0131mla g\u00f6ky\u00fcz\u00fcne yans\u0131t\u0131lacak.<\/p>\n<p>Dijital G\u00f6sterim Merkezlerinde 30 A\u011fustos Zaferi<\/p>\n<p>\u0130leti\u015fim Ba\u015fkanl\u0131\u011f\u0131n\u0131n Bursa, \u00c7anakkale, Samsun, Konya, Kayseri, Antalya ve Diyarbak\u0131r olmak \u00fczere 7 ilde kurdu\u011fu Dijital G\u00f6sterim Merkezleri de \u201c30 A\u011fustos Zaferi\u201d temas\u0131yla ziyaret\u00e7ileri a\u011f\u0131rlayacak.<\/p>\n<p>30 A\u011fustos Zaferinin anlam ve \u00f6nemini unutturmamak ad\u0131na Gazi Mustafa Kemal Atat\u00fcrk liderli\u011finde milletin verdi\u011fi m\u00fccadele, g\u00f6rsel teknolojiler kullan\u0131larakdijital ortamda sergilenecek.\u00a0<\/p>\n<p>30 A\u011fustos Zaferinin, sinematik ses sistemi e\u015fli\u011finde \u00fc\u00e7 boyutlu resim (hologram), 360 derece video ve video haritalama (mapping) teknikleriyle anlat\u0131laca\u011f\u0131 merkezlerde, g\u00f6rme engelliler i\u00e7in g\u00f6rme engelli yolu, i\u015fitme engelliler i\u00e7in i\u015faret diliyle anlat\u0131m imkan\u0131 da bulunuyor.<\/p>\n","protected":false},"excerpt":{"rendered":"<p>0 A\u011fustos Zafer Bayram\u0131 dolay\u0131s\u0131yla Cumhurba\u015fkan\u0131 Recep Tayyip Erdo\u011fan\u2019\u0131n An\u0131tkabir ziyareti ile ba\u015flay\u0131p Cumhurba\u015fkanl\u0131\u011f\u0131 K\u00fclliyesinde tebrikleri kabul\u00fc ile devam edecek kutlamalar, resmi ge\u00e7it t\u00f6reninin ard\u0131ndan ak\u015fam da Cumhurba\u015fkanl\u0131\u011f\u0131 K\u00fclliyesinde s\u00fcrecek. &hellip; <a href=\"https:\/\/akdenizolaygazetesi.com\/?p=8079\" class=\"more-link\">Devam\u0131n\u0131 Oku&#8230;<\/a><\/p>\n","protected":false},"author":1,"featured_media":0,"comment_status":"open","ping_status":"open","sticky":false,"template":"","format":"standard","meta":[],"categories":[],"tags":[],"_links":{"self":[{"href":"https:\/\/akdenizolaygazetesi.com\/index.php?rest_route=\/wp\/v2\/posts\/8079"}],"collection":[{"href":"https:\/\/akdenizolaygazetesi.com\/index.php?rest_route=\/wp\/v2\/posts"}],"about":[{"href":"https:\/\/akdenizolaygazetesi.com\/index.php?rest_route=\/wp\/v2\/types\/post"}],"author":[{"embeddable":true,"href":"https:\/\/akdenizolaygazetesi.com\/index.php?rest_route=\/wp\/v2\/users\/1"}],"replies":[{"embeddable":true,"href":"https:\/\/akdenizolaygazetesi.com\/index.php?rest_route=%2Fwp%2Fv2%2Fcomments&post=8079"}],"version-history":[{"count":0,"href":"https:\/\/akdenizolaygazetesi.com\/index.php?rest_route=\/wp\/v2\/posts\/8079\/revisions"}],"wp:attachment":[{"href":"https:\/\/akdenizolaygazetesi.com\/index.php?rest_route=%2Fwp%2Fv2%2Fmedia&parent=8079"}],"wp:term":[{"taxonomy":"category","embeddable":true,"href":"https:\/\/akdenizolaygazetesi.com\/index.php?rest_route=%2Fwp%2Fv2%2Fcategories&post=8079"},{"taxonomy":"post_tag","embeddable":true,"href":"https:\/\/akdenizolaygazetesi.com\/index.php?rest_route=%2Fwp%2Fv2%2Ftags&post=8079"}],"curies":[{"name":"wp","href":"https:\/\/api.w.org\/{rel}","templated":true}]}}