{"id":8080,"date":"2020-11-04T18:28:32","date_gmt":"2020-11-04T15:28:32","guid":{"rendered":"http:\/\/mersinekonomipolitikagazetesi.com\/?p=8080"},"modified":"2020-11-04T18:28:32","modified_gmt":"2020-11-04T15:28:32","slug":"neset-tarhan-kendi-kendini-degerlendirdi","status":"publish","type":"post","link":"https:\/\/akdenizolaygazetesi.com\/?p=8080","title":{"rendered":"NE\u015eET TARHAN KEND\u0130 KEND\u0130N\u0130 DE\u011eERLEND\u0130RD\u0130..!"},"content":{"rendered":"<p>MEZ\u0130TL\u0130 BELED\u0130YE BA\u015eKANI 6 YILLIK DE\u011eERLEND\u0130RMES\u0130 BASINA VE KAMUOYUNA KAPALI GER\u00c7EKLE\u015eT\u0130RD\u0130!<\/p>\n<p>Mezitli Belediye Ba\u015fkan\u0131 Ne\u015fet Tarhan 6 y\u0131ll\u0131k de\u011ferlendirme toplant\u0131s\u0131n\u0131 bas\u0131ns\u0131z ve bas\u0131n\u0131n sorular\u0131na kapal\u0131 olarak ger\u00e7ekle\u015ftirdi. Tarhan nedense gazetecilerin ve kamuoyunun kar\u015f\u0131s\u0131nda a\u00e7\u0131klama yapmad\u0131..!<\/p>\n<p>Mezitli Belediye Ba\u015fkan\u0131 Ne\u015fet Tarhan 6 y\u0131l\u0131n\u0131 de\u011ferlendirdi. Tarhan de\u011ferlendirmesine bas\u0131n \u00e7al\u0131\u015fanlar\u0131n\u0131 \u00e7a\u011f\u0131rmadan yapmas\u0131 ise tepkiye neden oldu. Kamu g\u00f6zc\u00fcs\u00fc olarak da adland\u0131r\u0131lan bas\u0131na y\u00f6nelik yap\u0131lmayan a\u00e7\u0131klama i\u00e7in ak\u0131llara, \u201cHer bir y\u0131l\u0131 plan ve b\u00fct\u00e7e detaylar\u0131 ile birlikte a\u00e7\u0131klamas\u0131 gerekirken, neden 6 y\u0131l\u0131n de\u011ferlendirmesini gazetecileri \u00e7a\u011f\u0131rmadan yapt\u0131?\u201d sorusu geldi. Tarhan\u2019\u0131n 6 y\u0131l\u0131 konu alan de\u011ferlendirme toplant\u0131s\u0131nda gelecek sorular ve a\u00e7\u0131kl\u0131k getirilmesi istenecek konular\u0131 ge\u00e7i\u015ftirme \u00e7abas\u0131 olarak g\u00f6r\u00fcld\u00fc.<\/p>\n<p>\u201cBas\u0131na a\u00e7\u0131k soru ve cevap olmal\u0131yd\u0131\u2019\u2019<br \/>\n\u00a0<br \/>\nBa\u015fkan Tarhan\u2019\u0131n kendi kendini de\u011ferlendirdi\u011fi 6 y\u0131ll\u0131k \u00a0konular\u0131n ise \u00e7ok yetersiz oldu\u011funu belirten Mersinliler, \u201cNe\u015fet Tarhan en az\u0131ndan Akdeniz Belediye Ba\u015fkan\u0131 Mustafa Muhammet G\u00fcltak gibi neden bas\u0131na a\u00e7\u0131k, soru sorulabilecek ve yan\u0131tlanmas\u0131 gereken konularda cevap verebilece\u011fi bir de\u011ferlendirme toplant\u0131s\u0131 yapmad\u0131? Yine ileriye d\u00f6n\u00fck projelerle a\u00e7\u0131klamalar yap\u0131l\u0131yor! Mersin\u2019in incisi olan Mezitli halk\u0131 kal\u0131c\u0131 projeler, sel ve deprem konular\u0131nda yeni \u00e7al\u0131\u015fmalar, d\u00f6n\u00fc\u015f\u00fcm ve vatanda\u015f\u0131n refah seviyesinin y\u00fckseltilmesi i\u00e7in \u00e7al\u0131\u015fmalar bekliyor. Sadece sosyal belediyecilik rol\u00fc \u00fcstlenerek ge\u00e7i\u015ftirilmi\u015f bir 6 sene var. Kad\u0131n \u00fcretici pazarlar\u0131, Mezitli ve kent i\u00e7in \u00f6nemli fakat belediyecilik kavram\u0131 ve g\u00f6revi sadece bu \u015fekilde y\u00fcr\u00fct\u00fclemez. Ayr\u0131ca ge\u00e7en s\u00fcre i\u00e7erisinde gelir ve giderlerin a\u00e7\u0131klanmas\u0131, yurt d\u0131\u015f\u0131 gezi harcamalar\u0131, yap\u0131lan yat\u0131r\u0131mlar\u0131n kimlere ne kadar bedelle verildi\u011fi, kamuoyuna proje detaylar\u0131n\u0131n da belirtilmesi gerekiyor.\u2019\u2019 dediler.<br \/>\n\u00a0<br \/>\n\u201c6 y\u0131l\u0131n de\u011ferlendirmesinde trib\u00fcnlere oynayan Tarhan s\u0131n\u0131fta kald\u0131..!\u201d<br \/>\n\u00a0<br \/>\nMersin\u2019de en az\u0131ndan di\u011fer belediyelerin \u00f6rnek al\u0131narak de\u011ferlendirme yap\u0131lmas\u0131 gerekti\u011fini belirten vatanda\u015flar, \u201cB\u00fcy\u00fck\u015fehir ve il\u00e7e belediyeleri y\u0131ll\u0131k plan, b\u00fct\u00e7e ve uygulamalar\u0131n\u0131 kamuoyuna ve gazetecilere a\u00e7\u0131k \u015fekilde ger\u00e7ekle\u015ftiriyor, ger\u00e7ekle\u015ftirmeyenler de son haz\u0131rl\u0131klar\u0131n\u0131 yap\u0131yor. S\u00f6z verdikleri \u2018\u015feffafl\u0131k\u2019 \u00e7er\u00e7evesinde a\u00e7\u0131k al\u0131nla kamuoyu kar\u015f\u0131s\u0131na \u00e7\u0131kacak ve hesap verecekler. Tarhan\u2019dan da ayn\u0131 \u00f6zveriyi bekliyoruz. 6 y\u0131l\u0131n de\u011ferlendirmesinde Tarhan s\u0131n\u0131fta kald\u0131.\u2019\u2019 ifadelerini kulland\u0131lar.\u00a0<\/p>\n","protected":false},"excerpt":{"rendered":"<p>MEZ\u0130TL\u0130 BELED\u0130YE BA\u015eKANI 6 YILLIK DE\u011eERLEND\u0130RMES\u0130 BASINA VE KAMUOYUNA KAPALI GER\u00c7EKLE\u015eT\u0130RD\u0130! Mezitli Belediye Ba\u015fkan\u0131 Ne\u015fet Tarhan 6 y\u0131ll\u0131k de\u011ferlendirme toplant\u0131s\u0131n\u0131 bas\u0131ns\u0131z ve bas\u0131n\u0131n sorular\u0131na kapal\u0131 olarak ger\u00e7ekle\u015ftirdi. Tarhan nedense gazetecilerin &hellip; <a href=\"https:\/\/akdenizolaygazetesi.com\/?p=8080\" class=\"more-link\">Devam\u0131n\u0131 Oku&#8230;<\/a><\/p>\n","protected":false},"author":1,"featured_media":0,"comment_status":"open","ping_status":"open","sticky":false,"template":"","format":"standard","meta":[],"categories":[],"tags":[],"_links":{"self":[{"href":"https:\/\/akdenizolaygazetesi.com\/index.php?rest_route=\/wp\/v2\/posts\/8080"}],"collection":[{"href":"https:\/\/akdenizolaygazetesi.com\/index.php?rest_route=\/wp\/v2\/posts"}],"about":[{"href":"https:\/\/akdenizolaygazetesi.com\/index.php?rest_route=\/wp\/v2\/types\/post"}],"author":[{"embeddable":true,"href":"https:\/\/akdenizolaygazetesi.com\/index.php?rest_route=\/wp\/v2\/users\/1"}],"replies":[{"embeddable":true,"href":"https:\/\/akdenizolaygazetesi.com\/index.php?rest_route=%2Fwp%2Fv2%2Fcomments&post=8080"}],"version-history":[{"count":0,"href":"https:\/\/akdenizolaygazetesi.com\/index.php?rest_route=\/wp\/v2\/posts\/8080\/revisions"}],"wp:attachment":[{"href":"https:\/\/akdenizolaygazetesi.com\/index.php?rest_route=%2Fwp%2Fv2%2Fmedia&parent=8080"}],"wp:term":[{"taxonomy":"category","embeddable":true,"href":"https:\/\/akdenizolaygazetesi.com\/index.php?rest_route=%2Fwp%2Fv2%2Fcategories&post=8080"},{"taxonomy":"post_tag","embeddable":true,"href":"https:\/\/akdenizolaygazetesi.com\/index.php?rest_route=%2Fwp%2Fv2%2Ftags&post=8080"}],"curies":[{"name":"wp","href":"https:\/\/api.w.org\/{rel}","templated":true}]}}