{"id":8081,"date":"2020-11-04T18:28:32","date_gmt":"2020-11-04T15:28:32","guid":{"rendered":"http:\/\/mersinekonomipolitikagazetesi.com\/?p=8081"},"modified":"2020-11-04T18:28:32","modified_gmt":"2020-11-04T15:28:32","slug":"bulundugumuz-cografyanin-bahsettigi-bu-nimeti-dogru-degerlendirmek-zorundayiz","status":"publish","type":"post","link":"https:\/\/akdenizolaygazetesi.com\/?p=8081","title":{"rendered":"\u201cBulundu\u011fumuz co\u011frafyan\u0131n bah\u015fetti\u011fi bu nimeti do\u011fru de\u011ferlendirmek zorunday\u0131z\u201d"},"content":{"rendered":"<p>T\u00fcrkiye Ziraat Odalar\u0131 Birli\u011fi Genel Ba\u015fkan\u0131 \u015eemsi Bayraktar, denizlerde av yasa\u011f\u0131n\u0131n bu gece sona erece\u011fini bildirerek, \u201cBu gece bal\u0131k\u00e7\u0131lar\u0131m\u0131z \u2018vira bismillah\u2019 diyerek denize a\u00e7\u0131lacaklar. B\u00fct\u00fcn bal\u0131k\u00e7\u0131lar\u0131m\u0131za \u00fcr\u00fcn\u00fc bol, bereketli bir sezon diliyorum\u201d diye konu\u015ftu.<\/p>\n<p>Bayraktar, insan sa\u011fl\u0131\u011f\u0131 i\u00e7in de\u011ferli bir g\u0131da olan bal\u0131\u011f\u0131n, ayn\u0131 zamanda \u00f6nemli bir ge\u00e7im kayna\u011f\u0131 oldu\u011funu vurgulad\u0131. T\u00fcrkiye\u2019nin \u00fc\u00e7 taraf\u0131 denizlerle \u00e7evrili olmas\u0131na ra\u011fmen, su \u00fcr\u00fcnlerinde var olan potansiyelin tam olarak de\u011ferlendirilemedi\u011fini belirten Bayraktar, \u201c\u00dclkemiz, 8 bin 333 kilometrelik uzun sahil \u015feridi, yayg\u0131n i\u00e7sular\u0131 ve nehirleriyle k\u0131ymetli bal\u0131k\u00e7\u0131l\u0131k kaynaklar\u0131na sahiptir. Bulundu\u011fumuz co\u011frafyan\u0131n bah\u015fetti\u011fi bu nimeti do\u011fru de\u011ferlendirmek zorunday\u0131z\u201d diye konu\u015ftu.<\/p>\n<p>\u00dclkemizde su \u00fcr\u00fcnleri avc\u0131l\u0131\u011f\u0131n\u0131n, daha \u00e7ok k\u0131y\u0131 bal\u0131k\u00e7\u0131l\u0131\u011f\u0131 \u015feklinde yap\u0131ld\u0131\u011f\u0131n\u0131 ifade eden Bayraktar, \u201cBal\u0131k\u00e7\u0131l\u0131\u011f\u0131m\u0131z\u0131 k\u0131y\u0131ya hapsolarak geli\u015ftiremeyiz. Denizlerimizin bize sundu\u011fu f\u0131rsat\u0131 de\u011ferlendirmeli, yeterli altyap\u0131y\u0131 sa\u011flamal\u0131, a\u00e7\u0131k deniz avc\u0131l\u0131\u011f\u0131n\u0131 geli\u015ftirmeliyiz\u201d ifadelerini kulland\u0131.<\/p>\n<p>\u201c2019\u2019da su \u00fcr\u00fcnleri \u00fcretimi y\u00fczde 33,1, su \u00fcr\u00fcnleri avc\u0131l\u0131\u011f\u0131 y\u00fczde 47,5 oran\u0131nda artt\u0131\u201d<\/p>\n<p>Bayraktar, 2015 y\u0131l\u0131nda 672 bin 241 ton olarak ger\u00e7ekle\u015fen su \u00fcr\u00fcnleri \u00fcretiminin, 2016 y\u0131l\u0131nda y\u00fczde 12,4 oran\u0131nda azal\u0131\u015fla 588 bin 715 ton, 2017 y\u0131l\u0131nda y\u00fczde 7,2 oran\u0131nda art\u0131\u015fla 630 bin 820 ton, 2018 y\u0131l\u0131nda y\u00fczde 0,3 oran\u0131nda azal\u0131\u015fla 628 bin 631 ton oldu\u011funu belirtti. Bayraktar, 2019 y\u0131l\u0131 su \u00fcr\u00fcnleri \u00fcretiminin ise y\u00fczde 33,1 oran\u0131nda art\u0131\u015f g\u00f6stererek 836 bin 524 tona ula\u015ft\u0131\u011f\u0131na dikkati \u00e7ekti.<\/p>\n<p>2019 y\u0131l\u0131nda su \u00fcr\u00fcnleri avc\u0131l\u0131\u011f\u0131n\u0131n y\u00fczde 47,5, yeti\u015ftiricili\u011fin ise y\u00fczde 18,7 oran\u0131nda artt\u0131\u011f\u0131n\u0131 belirten Bayraktar \u015f\u00f6yle devam etti:<br \/>\n\u201cAvc\u0131l\u0131k yoluyla yap\u0131lan toplam \u00fcretim 463 bin 168 ton, yeti\u015ftiricilik \u00fcretimi de 373 bin 356 ton olarak ger\u00e7ekle\u015fmi\u015ftir.<br \/>\nKi\u015fi ba\u015f\u0131na d\u00fc\u015fen bal\u0131k t\u00fcketimimizde art\u0131\u015f ya\u015fanm\u0131\u015ft\u0131r. Ki\u015fi ba\u015f\u0131na t\u00fcketim 2019 y\u0131l\u0131nda y\u00fczde 2 oran\u0131nda artarak, 6,14 kg\u2019dan 6,26 kg\u2019a \u00e7\u0131km\u0131\u015ft\u0131r. Bal\u0131\u011f\u0131n dengeli beslenmedeki \u00f6nemi d\u00fc\u015f\u00fcn\u00fcld\u00fc\u011f\u00fcnde bu oran yeterli d\u00fczeyde de\u011fildir. \u00dclkemizde ki\u015fi ba\u015f\u0131 su \u00fcr\u00fcnleri t\u00fcketimi d\u00fcnya ortalamas\u0131n\u0131n alt\u0131ndad\u0131r.<\/p>\n<p>Ki\u015fi ba\u015f\u0131na d\u00fc\u015fen y\u0131ll\u0131k bal\u0131k t\u00fcketimi Japonya, Norve\u00e7 gibi \u00fclkelerde 80, \u0130spanya&#8217;da 40, Yunanistan&#8217;da 23, d\u00fcnyada 19 kilogram, Avrupa Birli\u011fi \u00fclkelerinde 25 kilogramd\u0131r. Bal\u0131k t\u00fcketimi te\u015fvik edilmelidir.&#8221;<\/p>\n<p>\u00dcretimi art\u0131rmak i\u00e7in al\u0131nmas\u0131 gereken tedbirler<\/p>\n<p>Su \u00fcr\u00fcnleri sekt\u00f6r\u00fcn\u00fcn \u00f6n\u00fc a\u00e7\u0131k ve gelecek vadeden bir sekt\u00f6r konumunda bulundu\u011funa dikkati \u00e7eken Bayraktar, su \u00fcr\u00fcnleri yeti\u015ftiricili\u011finin art\u0131r\u0131lmas\u0131 i\u00e7in \u00fcreticilerin desteklenmesi ve gerekli tedbirlerin al\u0131nmas\u0131n\u0131n b\u00fcy\u00fck \u00f6nem arz etti\u011fini belirtti. T\u00fcrkiye\u2019yi, d\u00fcnyada ve i\u00e7inde bulundu\u011fu b\u00f6lgede su \u00fcr\u00fcnleri yeti\u015ftiricili\u011fi konusunda s\u00f6z sahibi, g\u00fc\u00e7l\u00fc ve lider bir \u00fclke haline getirmenin m\u00fcmk\u00fcn oldu\u011funu vurgulayan Bayraktar, su \u00fcr\u00fcnleri \u00fcretimini art\u0131rmak i\u00e7in al\u0131nmas\u0131 gereken tedbirleri ise \u015f\u00f6yle s\u0131ralad\u0131: \u00a0\u00a0<br \/>\n\u201cSekt\u00f6r\u00fcn gelece\u011fi a\u00e7\u0131s\u0131ndan s\u00fcrd\u00fcr\u00fclebilir avc\u0131l\u0131\u011f\u0131n sa\u011flanmas\u0131 \u015fartt\u0131r. \u00a0Bu ama\u00e7la stoklar\u0131 koruyucu ve geli\u015ftirici y\u00f6nde gerekli \u00e7al\u0131\u015fmalar\u0131n ve ara\u015ft\u0131rmalar\u0131n yap\u0131lmas\u0131 ve koruma kontrol \u00e7al\u0131\u015fmalar\u0131n\u0131n artt\u0131r\u0131lmas\u0131na \u00f6ncelik verilmesi gerekmektedir.<\/p>\n<p>Denizlerde ve i\u00e7sularda yap\u0131lacak ticari ve amat\u00f6r ama\u00e7l\u0131 su \u00fcr\u00fcnleri avc\u0131l\u0131\u011f\u0131na y\u00f6nelik d\u00fczenlemeleri i\u00e7eren tebli\u011flerle Tar\u0131m ve Orman Bakanl\u0131\u011f\u0131 bu konuda \u00f6nemli \u00e7al\u0131\u015fmalar yapm\u0131\u015ft\u0131r. Su \u00fcr\u00fcnleri avc\u0131l\u0131\u011f\u0131nda yer, zaman, t\u00fcr, boy, avlanma mesafesi ve \u0131\u015f\u0131k kullan\u0131m\u0131 gibi getirilen yasaklar ve kontroller su \u00fcr\u00fcnleri \u00fcretiminin s\u00fcrd\u00fcr\u00fclebilirli\u011fi a\u00e7\u0131s\u0131ndan b\u00fcy\u00fck \u00f6nem ta\u015f\u0131maktad\u0131r.<br \/>\nHayvansal protein temininde \u00f6nemli yeri olan su \u00fcr\u00fcnlerini sofralar\u0131m\u0131za ta\u015f\u0131yan bal\u0131k\u00e7\u0131lar\u0131m\u0131z\u0131n av yasaklar\u0131na ve tebli\u011f ile getirilen d\u00fczenlemelere titizlikle uymas\u0131 b\u00fcy\u00fck \u00f6nem ta\u015f\u0131maktad\u0131r.<\/p>\n<p>S\u00fcrd\u00fcr\u00fclebilir su \u00fcr\u00fcnleri \u00fcretimi \u00fclkemizde ana politika olmal\u0131 ve bu politika \u00e7er\u00e7evesinde gerekli stratejiler ile k\u0131sa, orta ve uzun vadeli eylem planlar\u0131 ve hedefler belirlenmelidir.<br \/>\nKaynaklar\u0131n rasyonel kullan\u0131labilmesi i\u00e7in su \u00fcr\u00fcnleri e\u011fitim merkezleri kurularak, e\u011fitimler yap\u0131lmal\u0131 ve Ar-Ge \u00e7al\u0131\u015fmalar\u0131 desteklenmelidir.<\/p>\n<p>Su \u00fcr\u00fcnleri sekt\u00f6r\u00fcnde \u00f6rg\u00fctlenme yap\u0131s\u0131 mutlaka g\u00fc\u00e7lendirilmelidir.<br \/>\nBal\u0131k\u00e7\u0131l\u0131kta arz-talep dengesi olu\u015fturularak, s\u00fcrd\u00fcr\u00fclebilir bal\u0131k\u00e7\u0131l\u0131\u011f\u0131n sa\u011flanmas\u0131 gereklidir. \u00dclkemizde ki\u015fi ba\u015f\u0131 su \u00fcr\u00fcnleri t\u00fcketimi d\u00fcnya ortalamas\u0131n\u0131n alt\u0131ndad\u0131r. Bunun art\u0131r\u0131lmas\u0131 i\u00e7in tedbirlerin al\u0131nmas\u0131 gerekmektedir.<br \/>\nBal\u0131k\u00e7\u0131l\u0131k sekt\u00f6r\u00fcndeki \u00fcr\u00fcnlere y\u00f6nelik dondurma, tuzlama, konserve ve paketleme \u00fcnitesi i\u00e7eren i\u015fleme tesislerinin kurulmas\u0131 ekonomik anlamda sekt\u00f6re katk\u0131 sa\u011flayacakt\u0131r.\u201d\u00a0<\/p>\n","protected":false},"excerpt":{"rendered":"<p>T\u00fcrkiye Ziraat Odalar\u0131 Birli\u011fi Genel Ba\u015fkan\u0131 \u015eemsi Bayraktar, denizlerde av yasa\u011f\u0131n\u0131n bu gece sona erece\u011fini bildirerek, \u201cBu gece bal\u0131k\u00e7\u0131lar\u0131m\u0131z \u2018vira bismillah\u2019 diyerek denize a\u00e7\u0131lacaklar. B\u00fct\u00fcn bal\u0131k\u00e7\u0131lar\u0131m\u0131za \u00fcr\u00fcn\u00fc bol, bereketli bir &hellip; <a href=\"https:\/\/akdenizolaygazetesi.com\/?p=8081\" class=\"more-link\">Devam\u0131n\u0131 Oku&#8230;<\/a><\/p>\n","protected":false},"author":1,"featured_media":0,"comment_status":"open","ping_status":"open","sticky":false,"template":"","format":"standard","meta":[],"categories":[],"tags":[],"_links":{"self":[{"href":"https:\/\/akdenizolaygazetesi.com\/index.php?rest_route=\/wp\/v2\/posts\/8081"}],"collection":[{"href":"https:\/\/akdenizolaygazetesi.com\/index.php?rest_route=\/wp\/v2\/posts"}],"about":[{"href":"https:\/\/akdenizolaygazetesi.com\/index.php?rest_route=\/wp\/v2\/types\/post"}],"author":[{"embeddable":true,"href":"https:\/\/akdenizolaygazetesi.com\/index.php?rest_route=\/wp\/v2\/users\/1"}],"replies":[{"embeddable":true,"href":"https:\/\/akdenizolaygazetesi.com\/index.php?rest_route=%2Fwp%2Fv2%2Fcomments&post=8081"}],"version-history":[{"count":0,"href":"https:\/\/akdenizolaygazetesi.com\/index.php?rest_route=\/wp\/v2\/posts\/8081\/revisions"}],"wp:attachment":[{"href":"https:\/\/akdenizolaygazetesi.com\/index.php?rest_route=%2Fwp%2Fv2%2Fmedia&parent=8081"}],"wp:term":[{"taxonomy":"category","embeddable":true,"href":"https:\/\/akdenizolaygazetesi.com\/index.php?rest_route=%2Fwp%2Fv2%2Fcategories&post=8081"},{"taxonomy":"post_tag","embeddable":true,"href":"https:\/\/akdenizolaygazetesi.com\/index.php?rest_route=%2Fwp%2Fv2%2Ftags&post=8081"}],"curies":[{"name":"wp","href":"https:\/\/api.w.org\/{rel}","templated":true}]}}