{"id":8082,"date":"2020-11-04T18:28:32","date_gmt":"2020-11-04T15:28:32","guid":{"rendered":"http:\/\/mersinekonomipolitikagazetesi.com\/?p=8082"},"modified":"2020-11-04T18:28:32","modified_gmt":"2020-11-04T15:28:32","slug":"cumhurbaskanligi-kulliyesinde-zafer-bayrami-ozel-konseri-duzenlendi","status":"publish","type":"post","link":"https:\/\/akdenizolaygazetesi.com\/?p=8082","title":{"rendered":"Cumhurba\u015fkanl\u0131\u011f\u0131 K\u00fclliyesi\u2019nde Zafer Bayram\u0131 \u00d6zel Konseri d\u00fczenlendi"},"content":{"rendered":"<p>Cumhurba\u015fkanl\u0131\u011f\u0131 Muhaf\u0131z Alay\u0131 Bando Komutanl\u0131\u011f\u0131 ile Milli Savunma Bakanl\u0131\u011f\u0131 Mehteran Birli\u011fi ve Armoni M\u0131z\u0131kas\u0131 Komutanl\u0131\u011f\u0131nca 30 A\u011fustos Zafer Bayram\u0131 \u00d6zel Konseri d\u00fczenlendi.<\/p>\n<p>Cumhurba\u015fkanl\u0131\u011f\u0131 K\u00fclliyesi Havuzlu Bah\u00e7e&#8217;de d\u00fczenlenen konser, Cumhurba\u015fkanl\u0131\u011f\u0131 ve \u0130leti\u015fim Ba\u015fkanl\u0131\u011f\u0131n\u0131n YouTube kanallar\u0131 ve sosyal medya hesaplar\u0131 ile televizyon kanallar\u0131ndan canl\u0131 yay\u0131nland\u0131.<\/p>\n<p>Cumhurba\u015fkanl\u0131\u011f\u0131 Muhaf\u0131z Alay\u0131 Bando Komutanl\u0131\u011f\u0131, Milli Savunma Bakanl\u0131\u011f\u0131 Mehteran Birli\u011fi ve Armoni M\u0131z\u0131kas\u0131 Komutanl\u0131\u011f\u0131 taraf\u0131ndan Ordu Mar\u015f\u0131&#8217;n\u0131n icras\u0131yla ba\u015flayan konserde Cumhurba\u015fkanl\u0131\u011f\u0131 Muhaf\u0131z Alay\u0131, 30 A\u011fustos Zaferi Mar\u015f\u0131 ve Ba\u015fkomutana Selam Mar\u015f\u0131&#8217;n\u0131 seslendirdi.<\/p>\n<p>Mehteran Birli\u011fi, Tekbir ve Cenk Mar\u015f\u0131, Ordu Mar\u015f\u0131 (Ceddin Deden), Bu Bayrak, Gen\u00e7 Osman \u00a0gibi mar\u015flar\u0131n yan\u0131 s\u0131ra Ho\u015f Geli\u015fler Ola Mustafa Kemal Pa\u015fa, \u00c7\u0131rp\u0131n\u0131rd\u0131 Karadeniz, Bil O\u011flum gibi \u015fark\u0131lar\u0131 da izleyicilere sundu.<\/p>\n<p>Havada Bulut Yok, Manast\u0131r\u0131n Ortas\u0131nda, Gaziantep Yolunda gibi t\u00fcrk\u00fclerin de seslendirildi\u011fi konserde, Armoni M\u0131z\u0131kas\u0131 da Sakarya Mar\u015f\u0131, Anafartalar Mar\u015f\u0131 gibi \u00f6nemli eserleri icra etti.<\/p>\n<p>Cumhurba\u015fkan\u0131 Erdo\u011fan&#8217;\u0131n mesaj\u0131 yay\u0131mland\u0131<\/p>\n<p>Konserde, Kurtulu\u015f Sava\u015f\u0131&#8217;ndan g\u00f6r\u00fcnt\u00fcler ve T\u00fcrk Silahl\u0131 Kuvvetlerinin s\u0131n\u0131r \u00f6tesi harekatlar\u0131ndan olu\u015fan k\u0131sa video film ile Cumhurba\u015fkan\u0131 Recep Tayyip Erdo\u011fan&#8217;\u0131n 30 A\u011fustos Zafer Bayram\u0131 mesaj\u0131 yay\u0131mland\u0131.<\/p>\n<p>30 A\u011fustos&#8217;un 1922 y\u0131l\u0131nda B\u00fcy\u00fck Taarruz&#8217;un ba\u015far\u0131yla sonu\u00e7land\u0131r\u0131ld\u0131\u011f\u0131 g\u00fcn oldu\u011funu belirten Erdo\u011fan, o tarihten geriye do\u011fru giden yakla\u015f\u0131k bir as\u0131rl\u0131k d\u00f6nemde t\u00fcm ya\u015fanan hayal k\u0131r\u0131kl\u0131klar\u0131n\u0131n ise ilk defa \u00c7anakkale ile bir \u00fcmide, yeni bir y\u00fcrek \u00e7arp\u0131nt\u0131s\u0131na d\u00f6n\u00fc\u015ft\u00fc\u011f\u00fcn\u00fc ifade etti<\/p>\n<p>Erdo\u011fan, mesaj\u0131nda \u015funlar\u0131 kaydetti:<\/p>\n<p>&#8220;Anadolu&#8217;daki bin y\u0131ll\u0131k varl\u0131\u011f\u0131m\u0131z bug\u00fcne kadar oldu\u011fu gibi bundan sonra da \u00f6n\u00fcne \u00e7\u0131kart\u0131lacak her engeli a\u015facak g\u00fcce, imkana, kararl\u0131l\u0131\u011fa sahiptir. Bunun i\u00e7in ihtiyac\u0131m\u0131z olan en \u00f6nemli \u015fey milletimizin birli\u011fi ve beraberli\u011fidir. Bu topraklar\u0131 vatan k\u0131lan \u015fehitlerimize ve gazilerimize olan borcumuzu ancak bu \u015fekilde \u00f6deyebilece\u011fimize inan\u0131yorum. 30 A\u011fustos Zafer Bayram\u0131&#8217;m\u0131z kutlu olsun.&#8221;<\/p>\n","protected":false},"excerpt":{"rendered":"<p>Cumhurba\u015fkanl\u0131\u011f\u0131 Muhaf\u0131z Alay\u0131 Bando Komutanl\u0131\u011f\u0131 ile Milli Savunma Bakanl\u0131\u011f\u0131 Mehteran Birli\u011fi ve Armoni M\u0131z\u0131kas\u0131 Komutanl\u0131\u011f\u0131nca 30 A\u011fustos Zafer Bayram\u0131 \u00d6zel Konseri d\u00fczenlendi. Cumhurba\u015fkanl\u0131\u011f\u0131 K\u00fclliyesi Havuzlu Bah\u00e7e&#8217;de d\u00fczenlenen konser, Cumhurba\u015fkanl\u0131\u011f\u0131 ve &hellip; <a href=\"https:\/\/akdenizolaygazetesi.com\/?p=8082\" class=\"more-link\">Devam\u0131n\u0131 Oku&#8230;<\/a><\/p>\n","protected":false},"author":1,"featured_media":0,"comment_status":"open","ping_status":"open","sticky":false,"template":"","format":"standard","meta":[],"categories":[],"tags":[],"_links":{"self":[{"href":"https:\/\/akdenizolaygazetesi.com\/index.php?rest_route=\/wp\/v2\/posts\/8082"}],"collection":[{"href":"https:\/\/akdenizolaygazetesi.com\/index.php?rest_route=\/wp\/v2\/posts"}],"about":[{"href":"https:\/\/akdenizolaygazetesi.com\/index.php?rest_route=\/wp\/v2\/types\/post"}],"author":[{"embeddable":true,"href":"https:\/\/akdenizolaygazetesi.com\/index.php?rest_route=\/wp\/v2\/users\/1"}],"replies":[{"embeddable":true,"href":"https:\/\/akdenizolaygazetesi.com\/index.php?rest_route=%2Fwp%2Fv2%2Fcomments&post=8082"}],"version-history":[{"count":0,"href":"https:\/\/akdenizolaygazetesi.com\/index.php?rest_route=\/wp\/v2\/posts\/8082\/revisions"}],"wp:attachment":[{"href":"https:\/\/akdenizolaygazetesi.com\/index.php?rest_route=%2Fwp%2Fv2%2Fmedia&parent=8082"}],"wp:term":[{"taxonomy":"category","embeddable":true,"href":"https:\/\/akdenizolaygazetesi.com\/index.php?rest_route=%2Fwp%2Fv2%2Fcategories&post=8082"},{"taxonomy":"post_tag","embeddable":true,"href":"https:\/\/akdenizolaygazetesi.com\/index.php?rest_route=%2Fwp%2Fv2%2Ftags&post=8082"}],"curies":[{"name":"wp","href":"https:\/\/api.w.org\/{rel}","templated":true}]}}