{"id":8083,"date":"2020-11-04T18:28:32","date_gmt":"2020-11-04T15:28:32","guid":{"rendered":"http:\/\/mersinekonomipolitikagazetesi.com\/?p=8083"},"modified":"2020-11-04T18:28:32","modified_gmt":"2020-11-04T15:28:32","slug":"ogretmen-maasini-birak-yandas-muteahhitlere-odenen-paralara-bak","status":"publish","type":"post","link":"https:\/\/akdenizolaygazetesi.com\/?p=8083","title":{"rendered":"\u201c\u00d6\u011eRETMEN MAA\u015eINI BIRAK YANDA\u015e  M\u00dcTEAHH\u0130TLERE \u00d6DENEN PARALARA BAK\u201d"},"content":{"rendered":"<p>CHP Adana Milletvekili Orhan S\u00fcmer, \u00f6\u011fretmenlerin ald\u0131\u011f\u0131 maa\u015f\u0131 y\u00fck olarak g\u00f6ren Milli E\u011fitim Bakan\u0131 Ziya Sel\u00e7uk\u2019a \u201c\u00d6\u011fretmenin maa\u015f\u0131yla u\u011fra\u015fmay\u0131 b\u0131rak\u0131n yanda\u015f m\u00fcteahhitlere sadece bu y\u0131l i\u00e7inde ka\u00e7 para \u00f6dendi\u011fine bak\u0131n\u201d diye seslendi.\u00a0<\/p>\n<p>S\u00fcmer yapt\u0131\u011f\u0131 yaz\u0131l\u0131 a\u00e7\u0131klamada, \u201cE\u011fitimde as\u0131l y\u00fck \u00f6\u011fretmen maa\u015flar\u0131yla ilgilidir\u201d diye konu\u015fan ve Milli E\u011fitim Bakanl\u0131\u011f\u0131\u2019n\u0131n yat\u0131r\u0131m yapamamas\u0131n\u0131n nedenini \u00f6\u011fretmen maa\u015flar\u0131na ba\u011flayan Sel\u00e7uk\u2019a tepki g\u00f6sterdi.\u00a0<br \/>\nSel\u00e7uk\u2019un \u00f6zel okul sahibi oldu\u011funu an\u0131msatan S\u00fcmer, \u201cSay\u0131n Bakan \u00f6\u011fretmeni, \u00e7ocuklar\u0131m\u0131z\u0131n ve gelece\u011fimizin mimar\u0131 olarak de\u011fil herhangi bir i\u015f alan\u0131nda \u00e7al\u0131\u015fan bir i\u015f\u00e7i gibi g\u00f6rmektedir. Bir i\u015fveren tavr\u0131 g\u00f6stermektedir. E\u011fitim b\u00f6ylesi bir piyasac\u0131 mant\u0131\u011fa teslim edilemez\u201d dedi.<br \/>\nS\u00fcmer, Milli E\u011fitim Bakanl\u0131\u011f\u0131\u2019n\u0131n yat\u0131r\u0131m yapamamas\u0131n\u0131n as\u0131l nedeninin \u00f6\u011fretmen maa\u015flar\u0131 olmad\u0131\u011f\u0131n\u0131 belirterek Bakan Sel\u00e7uk\u2019a \u015f\u00f6yle seslendi:\u00a0<br \/>\n\u201cSay\u0131n Bakan b\u00fct\u00e7ede hangi kalemlere ne kadar \u00f6deme yap\u0131ld\u0131\u011f\u0131n\u0131 ara\u015ft\u0131rabilirsiniz. \u00d6\u011fretmenin maa\u015f\u0131yla u\u011fra\u015fmay\u0131 b\u0131rak\u0131n yanda\u015f m\u00fcteahhitlere sadece bu y\u0131l i\u00e7inde ka\u00e7 para \u00f6dendi\u011fine bak\u0131n.\u201d\u00a0<\/p>\n<p>\u00d6\u011eRETMENLER \u0130\u00c7\u0130N \u00d6NER\u0130LER<br \/>\n\u00a0<br \/>\nMaa\u015flar\u0131n y\u0131llar i\u00e7inde eridi\u011fini kaydeden S\u00fcmer, \u00f6\u011fretmenlerin ekonomik ve \u00f6zl\u00fck haklar\u0131n\u0131n iyile\u015ftirilmesi i\u00e7in \u015fu \u00f6nerilerde bulundu:\u00a0<br \/>\n-\u00d6\u011fretmenlik Meslek Kanunu \u00e7\u0131kar\u0131lmal\u0131 ve \u00f6\u011fretmen yeti\u015ftirme, ilk atama, yer de\u011fi\u015ftirme, g\u00f6revde y\u00fckselme, mali ve sosyal haklar gibi t\u00fcm konular bu kanun kapsam\u0131nda \u00e7\u00f6z\u00fcme kavu\u015fturulmal\u0131.\u00a0<br \/>\n&#8211; \u00dccretli ve s\u00f6zle\u015fmeli \u00f6\u011fretmenlik uygulamas\u0131na son verilerek, t\u00fcm \u00f6\u011fretmenler kadrolu olmal\u0131d\u0131r.\u00a0<br \/>\n-\u00d6\u011fretmen a\u00e7\u0131\u011f\u0131n\u0131 kapatmak i\u00e7in her y\u0131l 180 bin \u00f6\u011fretmene kadro verilmeli.\u00a0<br \/>\n-24 Kas\u0131m \u00d6\u011fretmenler G\u00fcn\u00fc\u2019nde t\u00fcm \u00f6\u011fretmenlere bir maa\u015f ikramiye verilmelidir.\u00a0<br \/>\n-\u00d6\u011fretmenlere 3600 ek g\u00f6sterge hakk\u0131 tan\u0131nmal\u0131 ve ek ders \u00fccretleri art\u0131r\u0131lmal\u0131d\u0131r.\u00a0<\/p>\n","protected":false},"excerpt":{"rendered":"<p>CHP Adana Milletvekili Orhan S\u00fcmer, \u00f6\u011fretmenlerin ald\u0131\u011f\u0131 maa\u015f\u0131 y\u00fck olarak g\u00f6ren Milli E\u011fitim Bakan\u0131 Ziya Sel\u00e7uk\u2019a \u201c\u00d6\u011fretmenin maa\u015f\u0131yla u\u011fra\u015fmay\u0131 b\u0131rak\u0131n yanda\u015f m\u00fcteahhitlere sadece bu y\u0131l i\u00e7inde ka\u00e7 para \u00f6dendi\u011fine bak\u0131n\u201d &hellip; <a href=\"https:\/\/akdenizolaygazetesi.com\/?p=8083\" class=\"more-link\">Devam\u0131n\u0131 Oku&#8230;<\/a><\/p>\n","protected":false},"author":1,"featured_media":0,"comment_status":"open","ping_status":"open","sticky":false,"template":"","format":"standard","meta":[],"categories":[],"tags":[],"_links":{"self":[{"href":"https:\/\/akdenizolaygazetesi.com\/index.php?rest_route=\/wp\/v2\/posts\/8083"}],"collection":[{"href":"https:\/\/akdenizolaygazetesi.com\/index.php?rest_route=\/wp\/v2\/posts"}],"about":[{"href":"https:\/\/akdenizolaygazetesi.com\/index.php?rest_route=\/wp\/v2\/types\/post"}],"author":[{"embeddable":true,"href":"https:\/\/akdenizolaygazetesi.com\/index.php?rest_route=\/wp\/v2\/users\/1"}],"replies":[{"embeddable":true,"href":"https:\/\/akdenizolaygazetesi.com\/index.php?rest_route=%2Fwp%2Fv2%2Fcomments&post=8083"}],"version-history":[{"count":0,"href":"https:\/\/akdenizolaygazetesi.com\/index.php?rest_route=\/wp\/v2\/posts\/8083\/revisions"}],"wp:attachment":[{"href":"https:\/\/akdenizolaygazetesi.com\/index.php?rest_route=%2Fwp%2Fv2%2Fmedia&parent=8083"}],"wp:term":[{"taxonomy":"category","embeddable":true,"href":"https:\/\/akdenizolaygazetesi.com\/index.php?rest_route=%2Fwp%2Fv2%2Fcategories&post=8083"},{"taxonomy":"post_tag","embeddable":true,"href":"https:\/\/akdenizolaygazetesi.com\/index.php?rest_route=%2Fwp%2Fv2%2Ftags&post=8083"}],"curies":[{"name":"wp","href":"https:\/\/api.w.org\/{rel}","templated":true}]}}