{"id":8085,"date":"2020-11-04T18:28:33","date_gmt":"2020-11-04T15:28:33","guid":{"rendered":"http:\/\/mersinekonomipolitikagazetesi.com\/?p=8085"},"modified":"2020-11-04T18:28:33","modified_gmt":"2020-11-04T15:28:33","slug":"akdeniz-belediyesi-sehit-ailelerini-yaz-kampina-ugurladi","status":"publish","type":"post","link":"https:\/\/akdenizolaygazetesi.com\/?p=8085","title":{"rendered":"AKDEN\u0130Z BELED\u0130YES\u0130,  \u015eEH\u0130T A\u0130LELER\u0130N\u0130 YAZ KAMPINA U\u011eURLADI"},"content":{"rendered":"<p>Akdeniz Belediyesi\u2019nin ge\u00e7en y\u0131l ba\u015flatt\u0131\u011f\u0131 \u00fccretsiz yaz kamplar\u0131, yo\u011fun ilgi alt\u0131nda devam ediyor. Ge\u00e7en haftalarda \u00f6\u011frencilerin, sonras\u0131nda anneler ile k\u0131zlar\u0131n\u0131n ard\u0131ndan, bu kez de \u015eehit Aileleri Kap\u0131zl\u0131 kamp\u0131na u\u011furland\u0131.\u00a0<br \/>\nBelediye merkez binas\u0131 \u00f6n\u00fcnde ger\u00e7ekle\u015fen t\u00f6rende, Akdeniz Belediyesi Ba\u015fkan Yard\u0131mc\u0131s\u0131 G\u00f6kmen Aky\u00fcrek, K\u00fclt\u00fcr ve Sosyal \u0130\u015fler M\u00fcd\u00fcr\u00fc Ali U\u00e7ar ve Kad\u0131n Aile Hizmetleri M\u00fcd\u00fcr\u00fc Ali Turna; Silifke\u2019de bulunan Kap\u0131zl\u0131 yaz kamp\u0131na gidecek \u015eehit Ailelerini u\u011furlad\u0131. Koronavir\u00fcs (Covid19) salg\u0131n\u0131na kar\u015f\u0131 al\u0131nan tedbirler kapsam\u0131nda; maske ve sosyal mesafe kurallar\u0131na dikkat edilerek ve ailelerin tek tek ate\u015fleri \u00f6l\u00e7\u00fclerek kontroll\u00fc \u015fekilde otob\u00fcslere al\u0131nd\u0131.<br \/>\n100 \u015eehit Ailesi kampa g\u00f6nderildi<br \/>\nGen\u00e7lik ve Spor Bakanl\u0131\u011f\u0131\u2019n\u0131n da destekledi\u011fi proje kapsam\u0131nda, \u015eehit Aileleri\u2019ni Silifke\u2019ye \u00fccretsiz kampa u\u011furlayan Ba\u015fkan Yard\u0131mc\u0131s\u0131 G\u00f6kmen Aky\u00fcrek, \u201cBelediyemizin ge\u00e7en y\u0131l ba\u015flatt\u0131\u011f\u0131 \u00fccretsiz yaz kamp\u0131na, ailesinin ekonomik durumu iyi olmayan ba\u015far\u0131l\u0131 \u00e7ocuklar\u0131m\u0131z, sonras\u0131nda hi\u00e7 tatile \u00e7\u0131kmam\u0131\u015f annelerimiz ile k\u0131zlar\u0131n\u0131n ard\u0131ndan bu kez de \u015eehit Ailelerimizi g\u00f6nderiyoruz. M\u00fcd\u00fcrl\u00fcklerimiz taraf\u0131ndan ilk etapta 100 \u015eehit Ailemiz belirlendi. Bu ailelerimizden 65\u2019i bug\u00fcn yola \u00e7\u0131k\u0131yor. Kalan 35 ailemiz de g\u00fcn i\u00e7erisinde haz\u0131rl\u0131klar\u0131n\u0131 tamamlay\u0131p yola \u00e7\u0131kacak. T\u00fcm \u015eehit Ailelerimize iyi e\u011flenceler diliyor, g\u00f6n\u00fcllerince g\u00fczel ve keyifli birka\u00e7 g\u00fcn ya\u015famalar\u0131n\u0131 temenni ediyorum. \u015eehit Ailelerimiz, vatan u\u011fruna topra\u011fa d\u00fc\u015fen \u015eehitlerimizin bizlere en k\u0131ymetli emanetidir. Onlar\u0131n ba\u015f\u0131m\u0131z\u0131n \u00fcst\u00fcnde daima yeri vard\u0131r. Akdeniz Belediyesi olarak, sosyal ve k\u00fclt\u00fcrel i\u00e7erikli hizmet ve projelerimize yenilerini katarak yolumuza devam edece\u011fiz\u201d diye konu\u015ftu.<\/p>\n","protected":false},"excerpt":{"rendered":"<p>Akdeniz Belediyesi\u2019nin ge\u00e7en y\u0131l ba\u015flatt\u0131\u011f\u0131 \u00fccretsiz yaz kamplar\u0131, yo\u011fun ilgi alt\u0131nda devam ediyor. Ge\u00e7en haftalarda \u00f6\u011frencilerin, sonras\u0131nda anneler ile k\u0131zlar\u0131n\u0131n ard\u0131ndan, bu kez de \u015eehit Aileleri Kap\u0131zl\u0131 kamp\u0131na u\u011furland\u0131.\u00a0 Belediye &hellip; <a href=\"https:\/\/akdenizolaygazetesi.com\/?p=8085\" class=\"more-link\">Devam\u0131n\u0131 Oku&#8230;<\/a><\/p>\n","protected":false},"author":1,"featured_media":0,"comment_status":"open","ping_status":"open","sticky":false,"template":"","format":"standard","meta":[],"categories":[],"tags":[],"_links":{"self":[{"href":"https:\/\/akdenizolaygazetesi.com\/index.php?rest_route=\/wp\/v2\/posts\/8085"}],"collection":[{"href":"https:\/\/akdenizolaygazetesi.com\/index.php?rest_route=\/wp\/v2\/posts"}],"about":[{"href":"https:\/\/akdenizolaygazetesi.com\/index.php?rest_route=\/wp\/v2\/types\/post"}],"author":[{"embeddable":true,"href":"https:\/\/akdenizolaygazetesi.com\/index.php?rest_route=\/wp\/v2\/users\/1"}],"replies":[{"embeddable":true,"href":"https:\/\/akdenizolaygazetesi.com\/index.php?rest_route=%2Fwp%2Fv2%2Fcomments&post=8085"}],"version-history":[{"count":0,"href":"https:\/\/akdenizolaygazetesi.com\/index.php?rest_route=\/wp\/v2\/posts\/8085\/revisions"}],"wp:attachment":[{"href":"https:\/\/akdenizolaygazetesi.com\/index.php?rest_route=%2Fwp%2Fv2%2Fmedia&parent=8085"}],"wp:term":[{"taxonomy":"category","embeddable":true,"href":"https:\/\/akdenizolaygazetesi.com\/index.php?rest_route=%2Fwp%2Fv2%2Fcategories&post=8085"},{"taxonomy":"post_tag","embeddable":true,"href":"https:\/\/akdenizolaygazetesi.com\/index.php?rest_route=%2Fwp%2Fv2%2Ftags&post=8085"}],"curies":[{"name":"wp","href":"https:\/\/api.w.org\/{rel}","templated":true}]}}