{"id":8090,"date":"2020-11-04T18:28:33","date_gmt":"2020-11-04T15:28:33","guid":{"rendered":"http:\/\/mersinekonomipolitikagazetesi.com\/?p=8090"},"modified":"2020-11-04T18:28:33","modified_gmt":"2020-11-04T15:28:33","slug":"tedbir-almayanlarin-kurbani-olduk","status":"publish","type":"post","link":"https:\/\/akdenizolaygazetesi.com\/?p=8090","title":{"rendered":"&#8220;Tedbir  almayanlar\u0131n  kurban\u0131 olduk&#8221;"},"content":{"rendered":"<p>\u00d6zkan, plazma tedavisi ile hastal\u0131ktan kurtulmay\u0131 ba\u015fard\u0131. Yo\u011fun bak\u0131m ve ent\u00fcbe d\u00f6nemini hat\u0131rlamayan, o d\u00f6nem bilin\u00e7alt\u0131nda T\u00fcrkiye turu yapt\u0131\u011f\u0131n\u0131 s\u00f6yleyen \u00d6zkan, vatanda\u015flar\u0131n duyars\u0131zl\u0131\u011f\u0131n\u0131n kurban\u0131 oldu\u011funu s\u00f6yledi. \u00d6zkan, &#8220;Biz m\u00fccadele ettik ama kar\u015f\u0131m\u0131zdakilerin duyars\u0131zl\u0131\u011f\u0131n\u0131n kurban\u0131 olduk. Bir \u015fey olmaz dediler ama bedelini biz ve bizim gibiler \u00f6d\u00fcyor. Bir nefes i\u00e7in her \u015feyi veriyorsunuz ama o nefes bazen geri gelmiyor&#8221; dedi.\u00a0<br \/>\nGe\u00e7ti\u011fimiz ay\u0131n son haftas\u0131nda \u00e7al\u0131\u015ft\u0131\u011f\u0131 i\u015f ortam\u0131nda kat\u0131ld\u0131\u011f\u0131 bir programda korona vir\u00fcse yakalanan Alpaslan \u00d6zkan, \u00f6nce so\u011fuk alg\u0131nl\u0131\u011f\u0131 olabilece\u011fini d\u00fc\u015f\u00fcnerek evde istirahate \u00e7ekildi. \u00dc\u00e7 g\u00fcn boyunca evde dinlenen ancak yorgunlu\u011fu bir t\u00fcrl\u00fc ge\u00e7meyen \u00d6zkan, daha sonra hastaneye giderek Covid-19 testi yapt\u0131rd\u0131. Test sonucu pozitif \u00e7\u0131kan \u00d6zkan, hemen tedaviye al\u0131nd\u0131. \u0130lk 2 g\u00fcn normal serviste tedavi g\u00f6ren \u00d6zkan, durumu a\u011f\u0131rla\u015f\u0131nca yo\u011fun bak\u0131ma al\u0131narak ent\u00fcbe durumuna d\u00fc\u015ft\u00fc. Uzun tedavi s\u00fcrecinin ard\u0131ndan iki seans plazma tedavisiyle korona vir\u00fcs\u00fc yenmeyi ba\u015faran \u00d6zkan, yo\u011fun bak\u0131mdan \u00e7\u0131karak toparlanma s\u00fcrecine girdi. Testleri negatife d\u00f6nen ve ayn\u0131 hastanede tedavisi devam eden \u00d6zkan, \u00f6nlem almayan vatanda\u015flar\u0131 uyard\u0131.\u00a0<\/p>\n<p>&#8220;Yo\u011fun bak\u0131ma girdikten sonraki s\u00fcreci hat\u0131rlam\u0131yorum&#8221;<br \/>\n\u00a0<br \/>\nMersin \u015eehir E\u011fitim ve Ara\u015ft\u0131rma Hastanesi\u2019nde tedavisinin son d\u00f6nemini ya\u015fayan \u00d6zkan, ya\u015fad\u0131\u011f\u0131 zorlu s\u00fcrece gazetecilere anlatt\u0131. Vir\u00fcs\u00fc tam olarak nereden ald\u0131\u011f\u0131n\u0131 bilmedi\u011fini kaydeden \u00d6zkan, b\u00fcy\u00fck ihtimalle \u00e7al\u0131\u015fma ortam\u0131ndan kapt\u0131\u011f\u0131n\u0131 s\u00f6yledi. O d\u00f6nem b\u00fcy\u00fck bir k\u0131rg\u0131nl\u0131k hissetti\u011fini kaydeden \u00d6zkan, \u201cOlay\u0131 so\u011fuk alg\u0131nl\u0131\u011f\u0131 diye yorumlad\u0131k. \u0130kinci g\u00fcn de ayn\u0131yd\u0131. \u00dc\u00e7\u00fcnc\u00fc g\u00fcn art\u0131k evde istirahate ge\u00e7tim. O zaman tan\u0131d\u0131k bir doktorumuz vard\u0131 ve onu arad\u0131m. Bana semptomlar\u0131m\u0131n korana vir\u00fcs oldu\u011funu s\u00f6yledi. Biz tabi bunu kendimize konduramad\u0131k. \u00c7\u00fcnk\u00fc hep televizyon ekranlar\u0131nda izliyorduk. Hocam\u0131z \u0131srar edince Mersin \u015eehir Hastanesi\u2019ne geldik. Burada ilgilendiler. \u00c7ekilen tomografi filminden sonra kalmam gerekti\u011fi s\u00f6ylendi. Serviste iki ak\u015fam kald\u0131m, ila\u00e7 tedavi uyguland\u0131 ve daha sonra eve ge\u00e7tim. Ancak bir s\u00fcre sonra tekrar rahats\u0131zlan\u0131nca bu sefer acile gelmek zorunda kald\u0131m. Tabi oraya geldikten sonras\u0131n\u0131 hat\u0131rlam\u0131yorum. Bir yo\u011fun bak\u0131ma yatt\u0131\u011f\u0131m\u0131 hat\u0131rl\u0131yorum, daha sonraki s\u00fcre\u00e7te uzun s\u00fcre yo\u011fun bak\u0131mda ve ent\u00fcbe de kald\u0131\u011f\u0131m\u0131 \u00f6\u011frendim. Yo\u011fun bak\u0131mda 3-4 g\u00fcn sonra ent\u00fcbe oldu\u011fumu s\u00f6yl\u00fcyorlar ama ben o s\u00fcreci de hat\u0131rlam\u0131yorum&#8221; diye konu\u015ftu.\u00a0<\/p>\n<p>\nPlazma ba\u011f\u0131\u015f\u0131n\u0131n da \u00f6nemine dikkat \u00e7eken \u00d6zkan, \u201cBiz plazma noktas\u0131na kadar d\u00fc\u015ft\u00fck. Plazma ile hayata tutunduk ve bize \u015fifa oldu. \u015eu anda \u00e7ok say\u0131da insan\u0131n da plazma bekledi\u011fini biliyoruz. O y\u00fczden vatanda\u015flar\u0131m\u0131z bu konuda duyarl\u0131 olmas\u0131 gerekiyor. E\u011fer vermedilerse hemen gidip plazma ba\u011f\u0131\u015f\u0131 yapmal\u0131lar. Sa\u011fl\u0131k \u00e7al\u0131\u015fanlar\u0131m\u0131z burada her \u015feylerini g\u00f6ze alarak m\u00fccadele ediyorlar. Ben hepsine ayr\u0131 ayr\u0131 te\u015fekk\u00fcr ediyorum. Vatanda\u015flar\u0131m\u0131z bu konuda biraz daha duyarl\u0131 olsun. \u0130n\u015fallah bu salg\u0131n \u00fclkemizden bir an \u00f6nce gider\u201d ifadelerini kuland\u0131.\u00a0<\/p>\n<p>&#8220;Bilin\u00e7 alt\u0131nda T\u00fcrkiye turu yapm\u0131\u015f\u0131m&#8221;<\/p>\n<p>\u00a0<br \/>\nEnt\u00fcbe s\u0131ras\u0131nda bilin\u00e7alt\u0131nda bir\u00e7ok \u015fey ya\u015fad\u0131\u011f\u0131n\u0131 anlatan \u00d6zkan, \u201cR\u00fcyamda memleketin \u00e7o\u011funu gezdik. Bu gezi s\u0131ras\u0131nda m\u00fcthi\u015f bir m\u00fccadele verdik. En son a\u015famada \u0130stanbul\u2019da bir kemik hastanesinde oldu\u011fumu biliyordum. G\u00f6zlerimi a\u00e7t\u0131\u011f\u0131mda ben orada kendimi zannediyordum. \u0130ki g\u00fcn sonra Mersin\u2019de oldu\u011fumu anlad\u0131m. Ancak bu bilin\u00e7alt\u0131 turunda \u00e7ok zorluk ya\u015fad\u0131m. Yani tatl\u0131 r\u00fcyalar g\u00f6rmedik. S\u00fcrekli m\u00fccadele ederek ge\u00e7ti. S\u00fcrekli bo\u011fuldum, bo\u011fuluyorum, nefes alam\u0131yorum diye ge\u00e7ti. Tabi bunlar\u0131n hep bilin\u00e7alt\u0131nda oldu\u011funu s\u00f6ylediklerinde tamam toparlad\u0131k dedim&#8221; \u015feklinde konu\u015ftu.\u00a0<\/p>\n<p>\u0130lk g\u00fcnden beri bu konuya \u00e7ok hassas bakt\u0131klar\u0131n\u0131n kaydeden \u00d6zkan, \u015f\u00f6yle devam etti:\u00a0<br \/>\n\u201cBiz etraf\u0131m\u0131zdaki insanlara bu konuda daha duyarl\u0131 olmas\u0131 i\u00e7in m\u00fccadele ettik. Bazen etraf\u0131m\u0131zdakilerin maske takmalar\u0131, sosyal mesafeye uymalar\u0131 i\u00e7in k\u0131r\u0131c\u0131 da olduk. Hakikaten biz ekranlardan uzak sa\u011fl\u0131kl\u0131 ya\u015farken bir anda kendimizi Covid\u2019in ortas\u0131nda bulduk. En son a\u015famas\u0131na kadar da d\u00fc\u015ft\u00fck. Bu i\u015fin \u015fakas\u0131 yok. Herkes akl\u0131n\u0131 ba\u015f\u0131na als\u0131n. Buradaki insanlar\u0131n hi\u00e7biri bu hastal\u0131kla beraber olmak istemezdi ama ger\u00e7ekten bu yo\u011fun bak\u0131m \u00fcnitelerine gelseler herhalde bir daha hata yapacaklar\u0131n\u0131 d\u00fc\u015f\u00fcnm\u00fcyorum. Her g\u00fcn kaybetti\u011fimiz insanlar\u0131m\u0131z var. Ger\u00e7ekten \u00e7ok ac\u0131. Biz ent\u00fcbe olduk, uyuduk. Biz bunu televizyondan izledi\u011fimiz zaman heyecanlan\u0131yorduk ama ya\u015fad\u0131k. Bunu ya\u015famas\u0131nlar. Biraz daha dikkatli olsunlar. Ya\u015fama ba\u011flans\u0131nlar, sevdiklerini \u00fczmesinler. Gerekli \u00f6nlemleri als\u0131nlar yoksa \u00e7ok a\u011f\u0131r bedel \u00f6d\u00fcyorsunuz. Bir \u015fey olmaz diyenlerden hep bunlar kaynaklan\u0131yor. \u0130\u015fte biz tedbirli olmam\u0131za ra\u011fmen bir \u015feyler oldu ve \u00e7ok ciddi \u015feyler oldu. Ekranda g\u00f6rd\u00fc\u011f\u00fcm\u00fcz, irkildi\u011fimiz yo\u011fun bak\u0131m\u0131 ya\u015fad\u0131k. Bu hastal\u0131kta son a\u015famaya geldik. Biz m\u00fccadele ettik ama kar\u015f\u0131m\u0131zdakilerin duyars\u0131zl\u0131\u011f\u0131n\u0131n kurban\u0131 olduk. Bizim m\u00fccadelemiz yetmedi. Herkesin m\u00fccadele etmesi gerekiyor. Bir \u015fey olmaz dediler ama bedeli biz \u00f6dedik ve bizim gibiler \u00f6d\u00fcyor. Ben a\u011f\u0131r bir bedel \u00f6dedim. Bir nefes i\u00e7in her \u015feyi veriyorsunuz ama o nefes bazen geri gelmiyor.&#8221;\u00a0<\/p>\n<p>&#8220;Her g\u00fcn daha iyiye gidiyor&#8221;<br \/>\n\u00a0<br \/>\nMersin \u015eehir E\u011fitim ve Ara\u015ft\u0131rma Hastanesi korona vir\u00fcs yo\u011fun bak\u0131m sorumlu hekimi Uzman Doktor Ayd\u0131n Karahan ise Alpaslan \u00d6zkan\u2019\u0131n yo\u011fun bak\u0131ma al\u0131nd\u0131\u011f\u0131nda izinde oldu\u011funu belirterek, \u201cMetin hocam\u0131z hastam\u0131z\u0131 takip etmekteydi. Alpaslan Beyin takibi s\u00fcrecinde maalesef yo\u011fun bak\u0131m uzman\u0131m\u0131z Metin Bey de korona vir\u00fcse yakaland\u0131. Ben Alpaslan Bey ile tan\u0131\u015ft\u0131\u011f\u0131mda ent\u00fcbe durumunda, solunum cihaz\u0131na ba\u011fl\u0131yd\u0131. Bir hafta ent\u00fcbede kald\u0131ktan sonra iki seans plazma uygulad\u0131k. Tedaviye yan\u0131t ald\u0131k. G\u00fcn ge\u00e7tik\u00e7e solunum cihaz\u0131 deste\u011fini kestik. Zamanla solunum cihaz\u0131ndan tamamen \u00e7\u0131kard\u0131k. \u015eimdi tedavi s\u00fcreci devam ediyor. Ancak her g\u00fcn daha iyiye gidiyor ve o yo\u011fun bak\u0131m g\u00fcnlerini unutmak istiyor&#8221; dedi.\u00a0<\/p>\n","protected":false},"excerpt":{"rendered":"<p>\u00d6zkan, plazma tedavisi ile hastal\u0131ktan kurtulmay\u0131 ba\u015fard\u0131. Yo\u011fun bak\u0131m ve ent\u00fcbe d\u00f6nemini hat\u0131rlamayan, o d\u00f6nem bilin\u00e7alt\u0131nda T\u00fcrkiye turu yapt\u0131\u011f\u0131n\u0131 s\u00f6yleyen \u00d6zkan, vatanda\u015flar\u0131n duyars\u0131zl\u0131\u011f\u0131n\u0131n kurban\u0131 oldu\u011funu s\u00f6yledi. \u00d6zkan, &#8220;Biz m\u00fccadele ettik &hellip; <a href=\"https:\/\/akdenizolaygazetesi.com\/?p=8090\" class=\"more-link\">Devam\u0131n\u0131 Oku&#8230;<\/a><\/p>\n","protected":false},"author":1,"featured_media":0,"comment_status":"open","ping_status":"open","sticky":false,"template":"","format":"standard","meta":[],"categories":[],"tags":[],"_links":{"self":[{"href":"https:\/\/akdenizolaygazetesi.com\/index.php?rest_route=\/wp\/v2\/posts\/8090"}],"collection":[{"href":"https:\/\/akdenizolaygazetesi.com\/index.php?rest_route=\/wp\/v2\/posts"}],"about":[{"href":"https:\/\/akdenizolaygazetesi.com\/index.php?rest_route=\/wp\/v2\/types\/post"}],"author":[{"embeddable":true,"href":"https:\/\/akdenizolaygazetesi.com\/index.php?rest_route=\/wp\/v2\/users\/1"}],"replies":[{"embeddable":true,"href":"https:\/\/akdenizolaygazetesi.com\/index.php?rest_route=%2Fwp%2Fv2%2Fcomments&post=8090"}],"version-history":[{"count":0,"href":"https:\/\/akdenizolaygazetesi.com\/index.php?rest_route=\/wp\/v2\/posts\/8090\/revisions"}],"wp:attachment":[{"href":"https:\/\/akdenizolaygazetesi.com\/index.php?rest_route=%2Fwp%2Fv2%2Fmedia&parent=8090"}],"wp:term":[{"taxonomy":"category","embeddable":true,"href":"https:\/\/akdenizolaygazetesi.com\/index.php?rest_route=%2Fwp%2Fv2%2Fcategories&post=8090"},{"taxonomy":"post_tag","embeddable":true,"href":"https:\/\/akdenizolaygazetesi.com\/index.php?rest_route=%2Fwp%2Fv2%2Ftags&post=8090"}],"curies":[{"name":"wp","href":"https:\/\/api.w.org\/{rel}","templated":true}]}}