{"id":8091,"date":"2020-11-04T18:28:33","date_gmt":"2020-11-04T15:28:33","guid":{"rendered":"http:\/\/mersinekonomipolitikagazetesi.com\/?p=8091"},"modified":"2020-11-04T18:28:33","modified_gmt":"2020-11-04T15:28:33","slug":"balikcilar-1-eylulde-vira-bismillah-diyecek-2","status":"publish","type":"post","link":"https:\/\/akdenizolaygazetesi.com\/?p=8091","title":{"rendered":"Bal\u0131k\u00e7\u0131lar 1 Eyl\u00fcl&#8217;de &#8220;vira bismillah&#8221; diyecek"},"content":{"rendered":"<p>Mersin Bal\u0131k Pazar\u0131&#8217;nda av yasa\u011f\u0131 olmas\u0131na ra\u011fmen bal\u0131k fiyatlar\u0131 ucuz seyrediyor. 1 Eyl\u00fcl&#8217;de &#8216;vira bismillah&#8217; diyecek olan b\u00fcy\u00fck bal\u0131k\u00e7\u0131 tekneleriyle birlikte fiyatlar\u0131n daha da d\u00fc\u015fmesi bekleniyor. Mersin Bal\u0131k\u00e7\u0131lar Derne\u011fi Ba\u015fkan Yard\u0131mc\u0131s\u0131 Adnan Polat, bal\u0131k sezonunun a\u00e7\u0131lmas\u0131yla birlikte bal\u0131k \u00e7e\u015fitlerinin artaca\u011f\u0131n\u0131 belirterek, fiyatlar\u0131n da yar\u0131 yar\u0131ya d\u00fc\u015fece\u011fini m\u00fcjdeledi.\u00a0<br \/>\n15 Nisan 2020 tarihinde gelen av yasa\u011f\u0131, 1 Eyl\u00fcl&#8217;de sona eriyor. 1 Eyl\u00fcl 2020&#8217;de g\u0131rg\u0131r tekneleri denilen b\u00fcy\u00fck tekneler ilk bal\u0131k avlar\u0131na \u00e7\u0131k\u0131lacak. 15 Nisan 2020&#8217;den beri yasaktan dolay\u0131, bal\u0131k fiyatlar\u0131 ve \u00e7e\u015fitleri epey etkilenmi\u015fti. Denizden az miktarda bal\u0131k \u00e7\u0131karken, bal\u0131k fiyatlar\u0131 da y\u00fckseli\u015f g\u00f6stermi\u015fti. Ancak \u00f6zellikle Akdeniz B\u00f6lgesi&#8217;nde havalar\u0131n iyi gitmesi ve av yasa\u011f\u0131n\u0131n sonlar\u0131na gelmesi dolay\u0131s\u0131yla bal\u0131k fiyatlar\u0131 ucuzlad\u0131. 1 Eyl\u00fcl&#8217;de sona erecek av yasa\u011f\u0131 ile birlikte fiyatlar\u0131n daha da d\u00fc\u015fmesi beklenirken, tezgahlarda en pahal\u0131 bal\u0131\u011f\u0131n 20-25 lira aras\u0131nda olmas\u0131 bekleniyor.\u00a0<br \/>\nYeni bal\u0131k sezonu ile ilgili \u0130HA muhabirine konu\u015fan Mersin Bal\u0131k\u00e7\u0131lar Derne\u011fi Ba\u015fkan Yard\u0131mc\u0131s\u0131 Adnan Polat, 15 Nisan\u2019dan beri av yasa\u011f\u0131 oldu\u011funu hat\u0131rlatt\u0131. 1 Eyl\u00fcl&#8217;de av yasa\u011f\u0131n\u0131n bitti\u011fini ve g\u0131rg\u0131rlar\u0131n denizlere a\u00e7\u0131laca\u011f\u0131n\u0131 vurgulayan Polat, &#8220;Tabi Akdeniz b\u00f6lgesinde havalar s\u0131cak oldu\u011fundan bizim teknelerimiz 15\u2019inde \u00e7\u0131kacak. 15 Eyl\u00fcl\u2019den itibaren bal\u0131k yasa\u011f\u0131m\u0131z tamamen kalk\u0131yor ve her \u00e7e\u015fit bal\u0131\u011f\u0131m\u0131z \u00e7\u0131kacak. \u0130\u015fte barbun, levrek, mezgit, \u00e7upra, g\u00fcm\u00fc\u015f, karides, kalamar \u00e7\u0131kacak. Yani akl\u0131n\u0131za hangi bal\u0131k geliyorsa tezgahta bulabileceksiniz. Akdeniz bal\u0131k \u00e7e\u015fitlili\u011fi \u00e7ok y\u00fcksek bir denizdir. Halk\u0131m\u0131z bu bal\u0131k sezonunu de\u011ferlendirsinler. \u00c7\u00fcnk\u00fc Eyl\u00fcl, Ekim ve Kas\u0131m aylar\u0131n\u0131 \u00f6zellikle \u00f6neriyoruz. Bu aylar bal\u0131k fiyatlar\u0131n\u0131n \u00e7ok uygun oldu\u011fu aylard\u0131r. Bal\u0131k fiyatlar\u0131nda y\u00fczde 50\u2019den y\u00fczde 80\u2019e varan indirimler olur. Halk\u0131m\u0131z bu taze ve ucuz fiyatl\u0131 bal\u0131klar\u0131 de\u011ferlendirsinler. Bal\u0131k vitamindir, sa\u011fl\u0131kt\u0131r. Omega 3 ve 6 a\u00e7\u0131s\u0131ndan zengindir. Bal\u0131k her ya\u015ftan insanlara fayda sa\u011flayan do\u011fal bir yiyecektir. \u015eu anda d\u00fcnyada do\u011fall\u0131\u011f\u0131n\u0131 korumu\u015f ender yiyeceklerden biri bal\u0131kt\u0131r. Bu pandemi s\u00fcrecinde \u00f6zellikle tavsiye ediyoruz. \u00c7\u00fcnk\u00fc bal\u0131k ba\u011f\u0131\u015f\u0131kl\u0131k sistemini g\u00fc\u00e7lendiriyor. Haftada en az bir kere sofralar\u0131m\u0131za sokmam\u0131z laz\u0131m. Halk\u0131m\u0131z\u0131 bal\u0131k yemeye davet ediyorum\u201d diye konu\u015ftu.\u00a0<\/p>\n<p>&#8220;\u0130lk 3-4 ay en verimli aylar&#8221;<br \/>\n\u00a0<br \/>\nGe\u00e7en y\u0131llara g\u00f6re bu sene hem bal\u0131k\u00e7\u0131lar\u0131n hem de vatanda\u015flar\u0131n avlanma yasa\u011f\u0131 konusunda bilin\u00e7lendi\u011fini vurgulayan Polat, \u201cHer sene yasaklar zaten kontrol ediliyor ama gittik\u00e7e bal\u0131k\u00e7\u0131lar bu konuda bilin\u00e7leniyor. Devletimiz de bu konuda zaten taviz vermiyor. Eskiye g\u00f6re yasaklara uyma konusunda daha iyiyiz. Bunun faydas\u0131n\u0131 da g\u00f6rece\u011fiz. Bu sezonda in\u015fallah istedi\u011fimiz gibi bal\u0131k \u00e7\u0131kar. Ancak her sene bir \u00f6nceki seneyi arat\u0131yor. Tabi sezonun ne olaca\u011f\u0131 belli olmaz. \u0130lk 3-4 ay en verimli olunan aylard\u0131r. Y\u0131lba\u015f\u0131ndan sonra de\u011fi\u015fen hava \u015fartlar\u0131n\u0131n da etkisiyle bal\u0131k \u00e7\u0131kma oran\u0131nda da \u00e7\u0131k\u0131\u015f ya\u015fan\u0131l\u0131yor\u201d \u015feklinde konu\u015ftu.\u00a0<br \/>\nBal\u0131k fiyatlar\u0131yla da ilgili bilgi veren Polat, \u201cAv yasa\u011f\u0131 devam ediyor ama yine bal\u0131k fiyatlar\u0131 \u00e7ok y\u00fcksek de\u011fil. \u00c7upra-levrek 30-35 lira, sardalye, kefal, istavrit 10-15 lira, dil bal\u0131\u011f\u0131 20-30 lira, barbunya 30-40 aras\u0131nda gidiyor. Tabi bu fiyatlar ge\u00e7ici fiyatlar. 15 Eyl\u00fcl\u2019den sonra bu fiyatlar yar\u0131 yar\u0131ya d\u00fc\u015fecek. Barbunyan\u0131n fiyat\u0131 10-15 lira, g\u00fcm\u00fc\u015f 10 liraya, \u00e7upra-levrek fiyatlar\u0131nda yar\u0131 yar\u0131ya indirimler olacak. Yani \u00e7ok b\u00fcy\u00fck indirim var. Halk\u0131m\u0131z bu f\u0131rsat\u0131 de\u011ferlendirsin\u201d ifadelerini kulland\u0131. \u00a0<\/p>\n","protected":false},"excerpt":{"rendered":"<p>Mersin Bal\u0131k Pazar\u0131&#8217;nda av yasa\u011f\u0131 olmas\u0131na ra\u011fmen bal\u0131k fiyatlar\u0131 ucuz seyrediyor. 1 Eyl\u00fcl&#8217;de &#8216;vira bismillah&#8217; diyecek olan b\u00fcy\u00fck bal\u0131k\u00e7\u0131 tekneleriyle birlikte fiyatlar\u0131n daha da d\u00fc\u015fmesi bekleniyor. Mersin Bal\u0131k\u00e7\u0131lar Derne\u011fi Ba\u015fkan &hellip; <a href=\"https:\/\/akdenizolaygazetesi.com\/?p=8091\" class=\"more-link\">Devam\u0131n\u0131 Oku&#8230;<\/a><\/p>\n","protected":false},"author":1,"featured_media":0,"comment_status":"open","ping_status":"open","sticky":false,"template":"","format":"standard","meta":[],"categories":[],"tags":[],"_links":{"self":[{"href":"https:\/\/akdenizolaygazetesi.com\/index.php?rest_route=\/wp\/v2\/posts\/8091"}],"collection":[{"href":"https:\/\/akdenizolaygazetesi.com\/index.php?rest_route=\/wp\/v2\/posts"}],"about":[{"href":"https:\/\/akdenizolaygazetesi.com\/index.php?rest_route=\/wp\/v2\/types\/post"}],"author":[{"embeddable":true,"href":"https:\/\/akdenizolaygazetesi.com\/index.php?rest_route=\/wp\/v2\/users\/1"}],"replies":[{"embeddable":true,"href":"https:\/\/akdenizolaygazetesi.com\/index.php?rest_route=%2Fwp%2Fv2%2Fcomments&post=8091"}],"version-history":[{"count":0,"href":"https:\/\/akdenizolaygazetesi.com\/index.php?rest_route=\/wp\/v2\/posts\/8091\/revisions"}],"wp:attachment":[{"href":"https:\/\/akdenizolaygazetesi.com\/index.php?rest_route=%2Fwp%2Fv2%2Fmedia&parent=8091"}],"wp:term":[{"taxonomy":"category","embeddable":true,"href":"https:\/\/akdenizolaygazetesi.com\/index.php?rest_route=%2Fwp%2Fv2%2Fcategories&post=8091"},{"taxonomy":"post_tag","embeddable":true,"href":"https:\/\/akdenizolaygazetesi.com\/index.php?rest_route=%2Fwp%2Fv2%2Ftags&post=8091"}],"curies":[{"name":"wp","href":"https:\/\/api.w.org\/{rel}","templated":true}]}}