{"id":8092,"date":"2020-11-04T18:28:33","date_gmt":"2020-11-04T15:28:33","guid":{"rendered":"http:\/\/mersinekonomipolitikagazetesi.com\/?p=8092"},"modified":"2020-11-04T18:28:33","modified_gmt":"2020-11-04T15:28:33","slug":"aydin-eps-ile-isi-yalitimi-yuzde-50den-fazla-enerji-tasarrufu-saglar","status":"publish","type":"post","link":"https:\/\/akdenizolaygazetesi.com\/?p=8092","title":{"rendered":"Ayd\u0131n: \u201cEPS ile \u0131s\u0131 yal\u0131t\u0131m\u0131, y\u00fczde 50\u2018den fazla enerji tasarrufu sa\u011flar\u201d"},"content":{"rendered":"<p>Teknopanel EPS Sat\u0131\u015f M\u00fcd\u00fcr\u00fc Fatih Ayd\u0131n, \u0131s\u0131 yal\u0131t\u0131m\u0131n\u0131n en ba\u015far\u0131l\u0131 enerji tasarrufu ara\u00e7lar\u0131ndan biri oldu\u011funu belirterek, binalarda \u0131s\u0131 yal\u0131t\u0131m\u0131n\u0131n \u00f6nemine dikkat \u00e7ekti. Ayd\u0131n, \u201cYap\u0131lacak do\u011fru \u0131s\u0131 yal\u0131t\u0131m\u0131 ile y\u00fczde 50\u2019nin \u00fczerinde enerji tasarrufu sa\u011flar, \u0131s\u0131 kay\u0131plar\u0131n\u0131 ve \u0131s\u0131 art\u0131\u015flar\u0131n\u0131 azalt\u0131r, ortamlar aras\u0131 \u0131s\u0131 transferini \u00f6nleriz\u201d dedi.\u00a0<br \/>\nAyd\u0131n, binalarda \u0131s\u0131 yal\u0131t\u0131m\u0131n\u0131n \u00f6nemine ili\u015fkin a\u00e7\u0131klama yapt\u0131. D\u00fcnya enerji ihtiyac\u0131n\u0131n \u00f6nemli bir b\u00f6l\u00fcm\u00fcn\u00fc kar\u015f\u0131layan ve rezervleri k\u0131s\u0131tl\u0131 olan petrol, do\u011falgaz gibi fosil yak\u0131tlar\u0131n bug\u00fcn h\u0131zla t\u00fckenmekte oldu\u011funun alt\u0131n\u0131 \u00e7izen Ayd\u0131n, \u201cEnerji ihtiyac\u0131n\u0131n s\u00fcrekli artt\u0131\u011f\u0131, ancak kaynaklar\u0131n gittik\u00e7e azald\u0131\u011f\u0131 d\u00fcnyada, enerjinin verimli kullan\u0131lmas\u0131n\u0131 sa\u011flamak i\u00e7in \u00e7ok \u00e7e\u015fitli programlar uygulanmaktad\u0131r. Is\u0131 yal\u0131t\u0131m\u0131 ise en ba\u015far\u0131l\u0131 enerji tasarrufu ara\u00e7lar\u0131ndan biri olarak \u00f6ne \u00e7\u0131kmaktad\u0131r. Co\u011frafi konumu nedeniyle 4 mevsimin ya\u015fand\u0131\u011f\u0131 \u00fclkemizde, k\u0131\u015f\u0131n \u0131s\u0131nmak, yaz\u0131n da serinlemek i\u00e7in kullan\u0131lan enerji t\u00fcketimi her ge\u00e7en g\u00fcn artmaktad\u0131r. Enerji ihtiyac\u0131m\u0131z\u0131n y\u00fczde 70\u2019ini ithal ederken, bu enerjinin y\u00fczde 30-40\u2019\u0131 binalarda t\u00fcketilmektedir. Enerji tasarrufu ve verimlili\u011fi, enerji arz g\u00fcvenli\u011finin sa\u011flanmas\u0131, d\u0131\u015fa ba\u011f\u0131ml\u0131l\u0131k risklerinin azalt\u0131lmas\u0131, \u00e7evrenin korunmas\u0131 ve iklim de\u011fi\u015fikli\u011fine kar\u015f\u0131 m\u00fccadeleye destek olunmas\u0131 amac\u0131yla \u00fclkemizde enerji verimlili\u011fiyle ilgili pek \u00e7ok politika geli\u015ftirilmektedir\u201d dedi.\u00a0<br \/>\nTeknopanel EPS Sat\u0131\u015f M\u00fcd\u00fcr\u00fc Ayd\u0131n, binalarda enerji verimlili\u011fi i\u00e7in uygulamaya giren \u2018Binalarda Enerji Performans\u0131 Y\u00f6netmeli\u011fi\u2019 ile birlikte mevcut ve yeni yap\u0131lacak binalar i\u00e7in \u2018Binalarda Enerji Kimlik Belgesi\u2019 alma zorunlulu\u011fu getirildi\u011fini an\u0131msatt\u0131. Ayd\u0131n, \u201cBinalarda \u0131s\u0131 kay\u0131plar\u0131n\u0131n y\u00fczde 50\u2019si d\u0131\u015f duvarlarda, y\u00fczde 25\u2019i \u00e7at\u0131larda, y\u00fczde 20\u2019si pencere ve kap\u0131larda, y\u00fczde 10\u2019u zemin kat ve temel duvarlar\u0131nda ger\u00e7ekle\u015fmektedir. Binan\u0131za yapt\u0131rd\u0131\u011f\u0131n\u0131z \u0131s\u0131 yal\u0131t\u0131m\u0131n\u0131n sa\u011flad\u0131\u011f\u0131 enerji tasarrufu, \u0131s\u0131 ve elektrik giderlerinizi y\u00fczde 50 oran\u0131nda azalt\u0131r, enerji ve do\u011fal kaynaklar\u0131n daha verimli kullan\u0131lmas\u0131n\u0131 sa\u011flar\u201d diye konu\u015ftu. \u00a0<\/p>\n","protected":false},"excerpt":{"rendered":"<p>Teknopanel EPS Sat\u0131\u015f M\u00fcd\u00fcr\u00fc Fatih Ayd\u0131n, \u0131s\u0131 yal\u0131t\u0131m\u0131n\u0131n en ba\u015far\u0131l\u0131 enerji tasarrufu ara\u00e7lar\u0131ndan biri oldu\u011funu belirterek, binalarda \u0131s\u0131 yal\u0131t\u0131m\u0131n\u0131n \u00f6nemine dikkat \u00e7ekti. Ayd\u0131n, \u201cYap\u0131lacak do\u011fru \u0131s\u0131 yal\u0131t\u0131m\u0131 ile y\u00fczde 50\u2019nin &hellip; <a href=\"https:\/\/akdenizolaygazetesi.com\/?p=8092\" class=\"more-link\">Devam\u0131n\u0131 Oku&#8230;<\/a><\/p>\n","protected":false},"author":1,"featured_media":0,"comment_status":"open","ping_status":"open","sticky":false,"template":"","format":"standard","meta":[],"categories":[],"tags":[],"_links":{"self":[{"href":"https:\/\/akdenizolaygazetesi.com\/index.php?rest_route=\/wp\/v2\/posts\/8092"}],"collection":[{"href":"https:\/\/akdenizolaygazetesi.com\/index.php?rest_route=\/wp\/v2\/posts"}],"about":[{"href":"https:\/\/akdenizolaygazetesi.com\/index.php?rest_route=\/wp\/v2\/types\/post"}],"author":[{"embeddable":true,"href":"https:\/\/akdenizolaygazetesi.com\/index.php?rest_route=\/wp\/v2\/users\/1"}],"replies":[{"embeddable":true,"href":"https:\/\/akdenizolaygazetesi.com\/index.php?rest_route=%2Fwp%2Fv2%2Fcomments&post=8092"}],"version-history":[{"count":0,"href":"https:\/\/akdenizolaygazetesi.com\/index.php?rest_route=\/wp\/v2\/posts\/8092\/revisions"}],"wp:attachment":[{"href":"https:\/\/akdenizolaygazetesi.com\/index.php?rest_route=%2Fwp%2Fv2%2Fmedia&parent=8092"}],"wp:term":[{"taxonomy":"category","embeddable":true,"href":"https:\/\/akdenizolaygazetesi.com\/index.php?rest_route=%2Fwp%2Fv2%2Fcategories&post=8092"},{"taxonomy":"post_tag","embeddable":true,"href":"https:\/\/akdenizolaygazetesi.com\/index.php?rest_route=%2Fwp%2Fv2%2Ftags&post=8092"}],"curies":[{"name":"wp","href":"https:\/\/api.w.org\/{rel}","templated":true}]}}