{"id":8097,"date":"2020-11-04T18:28:33","date_gmt":"2020-11-04T15:28:33","guid":{"rendered":"http:\/\/mersinekonomipolitikagazetesi.com\/?p=8097"},"modified":"2020-11-04T18:28:33","modified_gmt":"2020-11-04T15:28:33","slug":"savunmaya-hadsiz-ve-hudutsuz-saldirilar-zirvede","status":"publish","type":"post","link":"https:\/\/akdenizolaygazetesi.com\/?p=8097","title":{"rendered":"\u201cSAVUNMAYA HADS\u0130Z VE  HUDUTSUZ SALDIRILAR Z\u0130RVEDE\u201d"},"content":{"rendered":"<p>Mersin Barosu, 2020- 2021 yeni adli y\u0131l a\u00e7\u0131l\u0131\u015f\u0131 nedeniyle Cumhuriyet Alan\u0131\u2019nda d\u00fczenledi\u011fi t\u00f6rende Atat\u00fcrk An\u0131t\u0131\u2019na \u00e7elenk sundu. Mersin Barosu Ba\u015fkan\u0131 Bilgin Ye\u015filbo\u011faz konu\u015fmas\u0131nda, yeni adli y\u0131la savunma mesle\u011fine yap\u0131lan hadsiz ve hudutsuz sald\u0131r\u0131lar\u0131n zirveye \u00e7\u0131kt\u0131\u011f\u0131 bir\u00e7ok ya\u015famsal sorunla beraber girdiklerini vurgulayarak, \u201cSavunma ve barolar su\u00e7lu gibi g\u00f6sterilmeye \u00e7al\u0131\u015f\u0131l\u0131yor. Su\u00e7luyuz, \u00e7\u00fcnk\u00fc herkes i\u00e7in adalet ar\u0131yoruz. Adaleti t\u0131rnaklar\u0131m\u0131zla kaz\u0131y\u0131p g\u00fcny\u00fcz\u00fcne \u00e7\u0131karaca\u011f\u0131z\u201d dedi.<\/p>\n<p>CHP Mersin Milletvekili Alpay Antmen, baro y\u00f6netim kurulu, avukatlar ve stajyer avukatlar\u0131n kat\u0131l\u0131m\u0131yla ger\u00e7ekle\u015fen t\u00f6rende Baro Ba\u015fkan\u0131 Bilgin Ye\u015filbo\u011faz\u2019\u0131n Atat\u00fcrk An\u0131t\u0131&#8217;na \u00e7elenk sunmas\u0131n\u0131n ard\u0131ndan, sayg\u0131 duru\u015funda bulunarak \u0130stiklal Mar\u015f\u0131 okundu. Burada bas\u0131n a\u00e7\u0131klamas\u0131 yapan Mersin Barosu Ba\u015fkan\u0131 Bilgin Ye\u015filbo\u011faz, &#8220;\u00d6ncelikle bug\u00fcne kadar Mersin Barosunda g\u00f6rev alm\u0131\u015f ba\u015fkanlar\u0131m\u0131za ve kurul \u00fcyelerimize, \u00fclkemizde hukuk, meslek ad\u0131na emek veren, katk\u0131 sunan t\u00fcm hukuk ve yarg\u0131 camias\u0131 \u00fcyelerine vermi\u015f olduklar\u0131 katk\u0131 ve emeklerinden dolay\u0131 \u015f\u00fckranlar\u0131m\u0131z\u0131 sunuyor, hayat\u0131n\u0131 kaybedenleri rahmetle an\u0131yorum. 2020- 2021 yeni adli y\u0131la savunma mesle\u011fine hadsiz ve hudutsuz sald\u0131r\u0131lar\u0131n zirve yapt\u0131\u011f\u0131, mesle\u011fin ortadan kald\u0131r\u0131lmaya, barolar\u0131n par\u00e7alanmaya \u00e7al\u0131\u015f\u0131ld\u0131\u011f\u0131, hak ihlallerinin ciddi boyuta ula\u015ft\u0131\u011f\u0131, kad\u0131na \u015fiddetin, kad\u0131n cinayetlerinin, \u00e7ocuk istismar\u0131n\u0131n, do\u011fan\u0131n rant u\u011fruna vah\u015fice katledilmesinin yasalarla me\u015fru hale getirilmeye \u00e7al\u0131\u015f\u0131ld\u0131\u011f\u0131, adaletsizli\u011fin neden oldu\u011fu bir\u00e7ok ya\u015famsal sorunla beraber giriyoruz. Kamu idarecileri ve \u00e7al\u0131\u015fanlar\u0131n\u0131n avukat\u0131n yetki ve g\u00f6revlerini keyfi uygulamalarla engellemeye, k\u0131s\u0131tlamaya \u00e7al\u0131\u015ft\u0131\u011f\u0131, avukatlar\u0131 yok saymaya \u00e7al\u0131\u015ft\u0131\u011f\u0131 k\u00f6t\u00fc bir d\u00f6nemi ya\u015f\u0131yoruz. \u00d6zellikle ayn\u0131 s\u0131ralarda okudu\u011fumuz, birlikte hukuk fak\u00fcltesi s\u0131ralar\u0131nda oturdu\u011fumuz yarg\u0131 camias\u0131 yetkililerinin avukatlar\u0131 yok sayma ve g\u00f6revlerini engellemeye \u00e7al\u0131\u015fmas\u0131, can\u0131m\u0131z\u0131 en \u00e7ok yakan husus haline gelmi\u015ftir. Savunman\u0131n \u00f6zg\u00fcr kanatlar\u0131n\u0131 k\u0131rmak, ba\u011f\u0131ms\u0131z yap\u0131s\u0131n\u0131 ba\u011f\u0131ml\u0131 hale getirmek, c\u00fcbbemize d\u00fc\u011fme dikmek ve toplumu uyand\u0131ran, siyasi iradeye korku veren g\u00fcr sesimizi k\u0131smak i\u00e7in \u00e7oklu baro sistemi yasala\u015ft\u0131r\u0131lm\u0131\u015ft\u0131r. Savunma b\u00f6l\u00fcnmeye, susturulmaya \u00e7al\u0131\u015f\u0131lmaktad\u0131r. Savunma ve barolar su\u00e7lu gibi g\u00f6sterilmeye \u00e7al\u0131\u015f\u0131lmaktad\u0131r\u201d diye konu\u015ftu.<\/p>\n<p>\u201cSAVUNMAYI S\u0130ND\u0130RMEYE \u00c7ALI\u015eANLARI ZOR G\u00dcNLER BEKL\u0130YOR\u201d<\/p>\n<p>Yeni adli y\u0131lda savunmay\u0131 zor g\u00fcnlerin bekledi\u011fini ancak savunmay\u0131 sindirmeye \u00e7al\u0131\u015fanlar\u0131n daha zor g\u00fcnler bekledi\u011fini s\u00f6yleyen Ye\u015filbo\u011faz, \u201c\u00c7\u00fcnk\u00fc bizler b\u00fct\u00fcn bu su\u00e7lar\u0131 i\u015flemeye devam edece\u011fiz. Hukuksuzlu\u011fun yaratt\u0131\u011f\u0131 ve t\u00fcm \u00fclkeyi saran ate\u015f \u00e7emberini s\u00f6nd\u00fcrmeye, adaleti t\u0131rnaklar\u0131m\u0131zla kaz\u0131y\u0131p g\u00fcn y\u00fcz\u00fcne \u00e7\u0131karmaya devam edece\u011fiz. \u00a0Pandemi s\u00fcrecinde \u00fclkede birlik ve dayan\u0131\u015fma sa\u011flamas\u0131 gerekirken aksini yapan siyasi iradeye kar\u015f\u0131 biz savunman\u0131n temsilcileri ve barolar, birlik ve dayan\u0131\u015fmam\u0131z\u0131 s\u00fcrd\u00fcrmek zorunday\u0131z.<br \/>\nG\u00fcc\u00fcn\u00fc ve me\u015fruiyetini hak, hukuk ve adaletten almayan devletlerde insanlar hukuksuzca \u00f6l\u00fcr ve insanl\u0131k d\u0131\u015f\u0131 ya\u015fama mahk\u00fbm edilir. T\u0131pk\u0131 adaletin i\u015flevselli\u011fini yitirmesi nedeniyle kad\u0131nlar\u0131m\u0131z\u0131n katledilmesi, \u00e7ocuklar\u0131m\u0131z\u0131n istismara u\u011frayarak ya\u015fam haklar\u0131n\u0131n elinden al\u0131nmas\u0131 gibi. Giresun\u2019da meydana gelen sel felaketinde devletin rant odakl\u0131 politikas\u0131 u\u011fruna insanlar\u0131n ya\u015fam\u0131n\u0131 yitirmesi gibi, sa\u011fl\u0131kl\u0131 \u00e7evrede ya\u015fama hakk\u0131m\u0131z\u0131n elimizden al\u0131nmas\u0131 gibi, saymakla bitiremeyece\u011fimiz toplumun ve hukuk\u00e7ular\u0131n vicdan\u0131n\u0131 kanatan hukuksuzluklar gibi.<br \/>\n\u0130nsan hak ve \u00f6zg\u00fcrl\u00fcklerini, toplumsal bar\u0131\u015f i\u00e7erisinde ya\u015fama hakk\u0131m\u0131z\u0131 yok eden bir d\u00fczen de\u011fil; \u00e7a\u011fda\u015f, bar\u0131\u015f\u00e7\u0131l, \u00f6zg\u00fcr ve demokratik hukuk devleti d\u00fczeni istiyoruz. Adalet Bakanl\u0131\u011f\u0131, yarg\u0131 sisteminin sorunlar\u0131na el atmal\u0131d\u0131r. Yarg\u0131ya g\u00fcvenin yeniden sa\u011flanmas\u0131 i\u00e7in, yarg\u0131 siyaset \u00fcst\u00fc olmal\u0131 ve liyakat unsuru etkin k\u0131l\u0131nmal\u0131d\u0131r. H\u00e2kim ve savc\u0131lar\u0131n mesle\u011fe al\u0131nmas\u0131, atanmas\u0131 ve terfisi, liyakata ve objektif kriterlere dayanmal\u0131d\u0131r. Avukatl\u0131k s\u0131nav\u0131 olmayan tek \u00fclke oldu\u011fumuz ger\u00e7e\u011fi unutulmamal\u0131d\u0131r. Uygulamada, adil yarg\u0131lanma hakk\u0131n\u0131n teminat\u0131 olan avukatlara, k\u0131s\u0131tlama ve engelleme getirilmeye \u00e7al\u0131\u015f\u0131lmakta, \u2018avukats\u0131z yarg\u0131laman\u0131n\u2019 \u00f6n\u00fc a\u00e7\u0131lmak istenmektedir. Ancak \u015fu bilinmelidir ki, savunman\u0131n d\u0131\u015fland\u0131\u011f\u0131 bir yarg\u0131lanma, adil yarg\u0131lanma ilkesine ayk\u0131r\u0131d\u0131r ve h\u00fck\u00fcms\u00fczd\u00fcr.\u201d ifadelerini kulland\u0131.<\/p>\n","protected":false},"excerpt":{"rendered":"<p>Mersin Barosu, 2020- 2021 yeni adli y\u0131l a\u00e7\u0131l\u0131\u015f\u0131 nedeniyle Cumhuriyet Alan\u0131\u2019nda d\u00fczenledi\u011fi t\u00f6rende Atat\u00fcrk An\u0131t\u0131\u2019na \u00e7elenk sundu. Mersin Barosu Ba\u015fkan\u0131 Bilgin Ye\u015filbo\u011faz konu\u015fmas\u0131nda, yeni adli y\u0131la savunma mesle\u011fine yap\u0131lan hadsiz &hellip; <a href=\"https:\/\/akdenizolaygazetesi.com\/?p=8097\" class=\"more-link\">Devam\u0131n\u0131 Oku&#8230;<\/a><\/p>\n","protected":false},"author":1,"featured_media":0,"comment_status":"open","ping_status":"open","sticky":false,"template":"","format":"standard","meta":[],"categories":[],"tags":[],"_links":{"self":[{"href":"https:\/\/akdenizolaygazetesi.com\/index.php?rest_route=\/wp\/v2\/posts\/8097"}],"collection":[{"href":"https:\/\/akdenizolaygazetesi.com\/index.php?rest_route=\/wp\/v2\/posts"}],"about":[{"href":"https:\/\/akdenizolaygazetesi.com\/index.php?rest_route=\/wp\/v2\/types\/post"}],"author":[{"embeddable":true,"href":"https:\/\/akdenizolaygazetesi.com\/index.php?rest_route=\/wp\/v2\/users\/1"}],"replies":[{"embeddable":true,"href":"https:\/\/akdenizolaygazetesi.com\/index.php?rest_route=%2Fwp%2Fv2%2Fcomments&post=8097"}],"version-history":[{"count":0,"href":"https:\/\/akdenizolaygazetesi.com\/index.php?rest_route=\/wp\/v2\/posts\/8097\/revisions"}],"wp:attachment":[{"href":"https:\/\/akdenizolaygazetesi.com\/index.php?rest_route=%2Fwp%2Fv2%2Fmedia&parent=8097"}],"wp:term":[{"taxonomy":"category","embeddable":true,"href":"https:\/\/akdenizolaygazetesi.com\/index.php?rest_route=%2Fwp%2Fv2%2Fcategories&post=8097"},{"taxonomy":"post_tag","embeddable":true,"href":"https:\/\/akdenizolaygazetesi.com\/index.php?rest_route=%2Fwp%2Fv2%2Ftags&post=8097"}],"curies":[{"name":"wp","href":"https:\/\/api.w.org\/{rel}","templated":true}]}}