{"id":8098,"date":"2020-11-04T18:28:33","date_gmt":"2020-11-04T15:28:33","guid":{"rendered":"http:\/\/mersinekonomipolitikagazetesi.com\/?p=8098"},"modified":"2020-11-04T18:28:33","modified_gmt":"2020-11-04T15:28:33","slug":"tarsusta-salgina-karsi-ilaclama-ve-hijyen-calismalari-suruyor","status":"publish","type":"post","link":"https:\/\/akdenizolaygazetesi.com\/?p=8098","title":{"rendered":"Tarsus&#8217;ta salg\u0131na kar\u015f\u0131 ila\u00e7lama ve hijyen \u00e7al\u0131\u015fmalar\u0131 s\u00fcr\u00fcyor"},"content":{"rendered":"<p>Mersin B\u00fcy\u00fck\u015fehir Belediyesince Tarsus il\u00e7esinde salg\u0131na kar\u015f\u0131 ila\u00e7lama ve dezenfekte \u00e7al\u0131\u015fmalar\u0131n\u0131n aral\u0131ks\u0131z devam etti\u011fi bildirildi.<br \/>\n\u00a0<br \/>\nB\u00fcy\u00fck\u015fehir Belediyesinden yap\u0131lan a\u00e7\u0131klamaya g\u00f6re, pandemi d\u00f6neminde toplumsal sa\u011fl\u0131\u011f\u0131n korunmas\u0131 ad\u0131na toplu ta\u015f\u0131ma ara\u00e7lar\u0131ndan kamu-kurum binalar\u0131n\u0131n dezenfekte edilmesine, binlerce hijyen kitinin da\u011f\u0131t\u0131m\u0131ndan ibadethanelerin s\u0131kl\u0131kla temizlenmesine \u00e7al\u0131\u015fmalar aral\u0131ks\u0131z devam ederken, Anamur\u2019dan Tarsus\u2019a kadar, vatanda\u015flar\u0131n yo\u011fun olarak kulland\u0131klar\u0131 bulvar ve caddelerde de y\u0131kama faaliyetleri y\u00fcr\u00fct\u00fcl\u00fcyor.<br \/>\n\u00a0<br \/>\nBu kapsamda Tarsus il\u00e7esinde Atat\u00fcrk Caddesi\u2019nin PTT ana binas\u0131 ile Halk E\u011fitim Merkezi b\u00f6l\u00fcm\u00fcn\u00fcn trafi\u011fe kapat\u0131lmas\u0131yla olu\u015fan Yarenlik Alan\u0131nda, B\u00fcy\u00fck\u015fehir Belediyesi Tarsus-\u00c7aml\u0131yayla \u015eube M\u00fcd\u00fcrl\u00fc\u011f\u00fc ekipleri, ba\u015ftan sona ila\u00e7l\u0131 sularla y\u0131kama ve dezenfekte \u00e7al\u0131\u015fmas\u0131 yapt\u0131. Her g\u00fcn binlerce ki\u015finin ge\u00e7i\u015f yapt\u0131\u011f\u0131 alan \u00fczerinde gece saatlerinde onlarca personel, 2 araz\u00f6z ve s\u00fcp\u00fcrge makinalar\u0131 da kullan\u0131larak yap\u0131lan \u00e7al\u0131\u015fmada f\u0131r\u00e7alarla t\u00fcm noktalar temizlendi.<br \/>\n\u00a0<br \/>\nYarenlik Alan\u0131 \u00fczerinde bulunan oturma gruplar\u0131 ve \u00e7\u00f6p kutular\u0131n\u0131n \u00e7evreleri de \u00f6zellikle temizlendi. Araz\u00f6zlerin \u00fczerinde bulunan tazyikli sularla da yap\u0131lan y\u0131kama \u00e7al\u0131\u015fmas\u0131 kapsam\u0131nda, Atat\u00fcrk Caddesi\u2019nin bir\u00e7ok noktas\u0131 ve kald\u0131r\u0131mlar da ekiplerce y\u0131kand\u0131. \u00a0<\/p>\n","protected":false},"excerpt":{"rendered":"<p>Mersin B\u00fcy\u00fck\u015fehir Belediyesince Tarsus il\u00e7esinde salg\u0131na kar\u015f\u0131 ila\u00e7lama ve dezenfekte \u00e7al\u0131\u015fmalar\u0131n\u0131n aral\u0131ks\u0131z devam etti\u011fi bildirildi. \u00a0 B\u00fcy\u00fck\u015fehir Belediyesinden yap\u0131lan a\u00e7\u0131klamaya g\u00f6re, pandemi d\u00f6neminde toplumsal sa\u011fl\u0131\u011f\u0131n korunmas\u0131 ad\u0131na toplu ta\u015f\u0131ma ara\u00e7lar\u0131ndan &hellip; <a href=\"https:\/\/akdenizolaygazetesi.com\/?p=8098\" class=\"more-link\">Devam\u0131n\u0131 Oku&#8230;<\/a><\/p>\n","protected":false},"author":1,"featured_media":0,"comment_status":"open","ping_status":"open","sticky":false,"template":"","format":"standard","meta":[],"categories":[],"tags":[],"_links":{"self":[{"href":"https:\/\/akdenizolaygazetesi.com\/index.php?rest_route=\/wp\/v2\/posts\/8098"}],"collection":[{"href":"https:\/\/akdenizolaygazetesi.com\/index.php?rest_route=\/wp\/v2\/posts"}],"about":[{"href":"https:\/\/akdenizolaygazetesi.com\/index.php?rest_route=\/wp\/v2\/types\/post"}],"author":[{"embeddable":true,"href":"https:\/\/akdenizolaygazetesi.com\/index.php?rest_route=\/wp\/v2\/users\/1"}],"replies":[{"embeddable":true,"href":"https:\/\/akdenizolaygazetesi.com\/index.php?rest_route=%2Fwp%2Fv2%2Fcomments&post=8098"}],"version-history":[{"count":0,"href":"https:\/\/akdenizolaygazetesi.com\/index.php?rest_route=\/wp\/v2\/posts\/8098\/revisions"}],"wp:attachment":[{"href":"https:\/\/akdenizolaygazetesi.com\/index.php?rest_route=%2Fwp%2Fv2%2Fmedia&parent=8098"}],"wp:term":[{"taxonomy":"category","embeddable":true,"href":"https:\/\/akdenizolaygazetesi.com\/index.php?rest_route=%2Fwp%2Fv2%2Fcategories&post=8098"},{"taxonomy":"post_tag","embeddable":true,"href":"https:\/\/akdenizolaygazetesi.com\/index.php?rest_route=%2Fwp%2Fv2%2Ftags&post=8098"}],"curies":[{"name":"wp","href":"https:\/\/api.w.org\/{rel}","templated":true}]}}