{"id":8099,"date":"2020-11-04T18:28:33","date_gmt":"2020-11-04T15:28:33","guid":{"rendered":"http:\/\/mersinekonomipolitikagazetesi.com\/?p=8099"},"modified":"2020-11-04T18:28:33","modified_gmt":"2020-11-04T15:28:33","slug":"akdeniz-ile-aydincik-kardes-belediye-oldu","status":"publish","type":"post","link":"https:\/\/akdenizolaygazetesi.com\/?p=8099","title":{"rendered":"Akdeniz ile Ayd\u0131nc\u0131k,  \u2018karde\u015f belediye\u2019 oldu"},"content":{"rendered":"<p>Akdeniz Belediye Ba\u015fkan\u0131 Muhammet Mustafa G\u00fcltak ile Ayd\u0131nc\u0131k Belediye Ba\u015fkan\u0131 Ferat Aktan aras\u0131nda; iki belediyenin k\u00fclt\u00fcrel, sosyal, sa\u011fl\u0131k, spor, turizm ve teknik konularda i\u015fbirli\u011fini geli\u015ftirmek amac\u0131yla \u2018Karde\u015f Belediye Protokol\u00fc\u2019 imzaland\u0131.<br \/>\nAkdeniz Belediye Ba\u015fkanl\u0131\u011f\u0131 makam\u0131nda ger\u00e7ekle\u015fen imza t\u00f6reninde k\u0131sa bir konu\u015fma yapan Ayd\u0131nc\u0131k Belediye Ba\u015fkan\u0131 Ferat Aktan, \u201c\u0130mzalad\u0131\u011f\u0131m\u0131z protokol ve in\u015fallah g\u00fczel projelerle her iki il\u00e7emizde i\u015fbirli\u011fi ve diyalog i\u00e7erisinde g\u00fczel i\u015fler yapaca\u011f\u0131m\u0131za inan\u0131yorum. Bu g\u00fczel i\u015fbirli\u011fi i\u00e7in ilk ad\u0131m\u0131 atmam\u0131za katk\u0131 sunan Akdeniz Belediye Ba\u015fkan\u0131m\u0131za te\u015fekk\u00fcr ediyorum. Protokol\u00fcm\u00fcz hay\u0131rl\u0131 u\u011furlu olsun\u201d dedi.\u00a0<br \/>\nAkdeniz Belediye Ba\u015fkan\u0131 G\u00fcltak da karde\u015f belediyecili\u011fin, belediyeler aras\u0131nda i\u015fbirli\u011fi ve koordinasyonu sa\u011flamak a\u00e7\u0131s\u0131ndan \u00f6nemli oldu\u011funun alt\u0131n\u0131 \u00e7izdi. Ba\u015fkan G\u00fcltak, \u201cAkdeniz, n\u00fcfus ve imkan olarak daha farkl\u0131 imkanlara sahip. Bu farkl\u0131 imkanlar\u0131 payla\u015fmak ve belediyecilik konusunda fikir al\u0131\u015fveri\u015finde bulunmak \u00fczere Ayd\u0131nc\u0131k Belediyemiz ile karde\u015f belediye protokol\u00fc imzalad\u0131k. Protokol \u00e7er\u00e7evesinde bug\u00fcn ilk i\u015fbirli\u011fi \u00e7al\u0131\u015fmam\u0131z\u0131 yap\u0131yoruz. Ayd\u0131nc\u0131k Belediyesi, g\u00fczel bir sosyal tesis yap\u0131yor. Bu tesisin so\u011futma-\u0131s\u0131tma sisteminin yap\u0131m\u0131 noktas\u0131nda, Akdeniz Belediyesi olarak Ayd\u0131nc\u0131k Belediyesine katk\u0131da bulunaca\u011f\u0131z. Orada ya\u015fayan insanlar\u0131m\u0131z en g\u00fczel ortamlarda ya\u015fas\u0131nlar istiyoruz. \u0130\u015fbirli\u011fi noktas\u0131nda k\u00fc\u00e7\u00fck bir ad\u0131m att\u0131k. \u0130n\u015fallah devam\u0131 daha b\u00fcy\u00fck ad\u0131mlarla gelecek. Karde\u015f Belediye protokol\u00fcm\u00fcz\u00fcn hay\u0131rl\u0131 olmas\u0131n\u0131 diliyorum\u201d diye konu\u015ftu. \u00a0<\/p>\n","protected":false},"excerpt":{"rendered":"<p>Akdeniz Belediye Ba\u015fkan\u0131 Muhammet Mustafa G\u00fcltak ile Ayd\u0131nc\u0131k Belediye Ba\u015fkan\u0131 Ferat Aktan aras\u0131nda; iki belediyenin k\u00fclt\u00fcrel, sosyal, sa\u011fl\u0131k, spor, turizm ve teknik konularda i\u015fbirli\u011fini geli\u015ftirmek amac\u0131yla \u2018Karde\u015f Belediye Protokol\u00fc\u2019 imzaland\u0131. &hellip; <a href=\"https:\/\/akdenizolaygazetesi.com\/?p=8099\" class=\"more-link\">Devam\u0131n\u0131 Oku&#8230;<\/a><\/p>\n","protected":false},"author":1,"featured_media":0,"comment_status":"open","ping_status":"open","sticky":false,"template":"","format":"standard","meta":[],"categories":[],"tags":[],"_links":{"self":[{"href":"https:\/\/akdenizolaygazetesi.com\/index.php?rest_route=\/wp\/v2\/posts\/8099"}],"collection":[{"href":"https:\/\/akdenizolaygazetesi.com\/index.php?rest_route=\/wp\/v2\/posts"}],"about":[{"href":"https:\/\/akdenizolaygazetesi.com\/index.php?rest_route=\/wp\/v2\/types\/post"}],"author":[{"embeddable":true,"href":"https:\/\/akdenizolaygazetesi.com\/index.php?rest_route=\/wp\/v2\/users\/1"}],"replies":[{"embeddable":true,"href":"https:\/\/akdenizolaygazetesi.com\/index.php?rest_route=%2Fwp%2Fv2%2Fcomments&post=8099"}],"version-history":[{"count":0,"href":"https:\/\/akdenizolaygazetesi.com\/index.php?rest_route=\/wp\/v2\/posts\/8099\/revisions"}],"wp:attachment":[{"href":"https:\/\/akdenizolaygazetesi.com\/index.php?rest_route=%2Fwp%2Fv2%2Fmedia&parent=8099"}],"wp:term":[{"taxonomy":"category","embeddable":true,"href":"https:\/\/akdenizolaygazetesi.com\/index.php?rest_route=%2Fwp%2Fv2%2Fcategories&post=8099"},{"taxonomy":"post_tag","embeddable":true,"href":"https:\/\/akdenizolaygazetesi.com\/index.php?rest_route=%2Fwp%2Fv2%2Ftags&post=8099"}],"curies":[{"name":"wp","href":"https:\/\/api.w.org\/{rel}","templated":true}]}}