{"id":8102,"date":"2020-11-04T18:28:33","date_gmt":"2020-11-04T15:28:33","guid":{"rendered":"http:\/\/mersinekonomipolitikagazetesi.com\/?p=8102"},"modified":"2020-11-04T18:28:33","modified_gmt":"2020-11-04T15:28:33","slug":"secer-emekci-emeginin-karsiligini-isteme-hakkina-sahip","status":"publish","type":"post","link":"https:\/\/akdenizolaygazetesi.com\/?p=8102","title":{"rendered":"Se\u00e7er: \u201cEmek\u00e7i, eme\u011finin  kar\u015f\u0131l\u0131\u011f\u0131n\u0131 isteme hakk\u0131na sahip\u201d"},"content":{"rendered":"<p>Mersin B\u00fcy\u00fck\u015fehir Belediye Ba\u015fkan\u0131 Vahap Se\u00e7er, Mersin B\u00fcy\u00fck\u015fehir Belediyesi \u0130mar \u0130n\u015faat A.\u015e. ile D\u0130SK Genel-\u0130\u015f Sendikas\u0131 aras\u0131nda imzalanan ve bin 179 personeli ilgilendiren toplu i\u015f s\u00f6zle\u015fmesinde eme\u011fi ge\u00e7en taraflar\u0131 a\u011f\u0131rlad\u0131. Se\u00e7er, \u201cEmek\u00e7i, eme\u011finin kar\u015f\u0131l\u0131\u011f\u0131n\u0131 isteme hakk\u0131na sahip\u201d dedi.\u00a0<br \/>\nD\u0130SK Genel \u0130\u015f Sendikas\u0131 Mersin \u015eube Ba\u015fkan\u0131 Kemal G\u00f6ksoy, y\u00f6netim kurulu \u00fcyeleri ile birlikte Ba\u015fkan Se\u00e7er\u2019i ziyaret etti. Ziyarete, \u0130mar \u0130n\u015faat A.\u015e. Y\u00f6netim Kurulu Ba\u015fkan\u0131 Ali Uyan ve sendikan\u0131n i\u015fyeri temsilcileri de kat\u0131ld\u0131.\u00a0<\/p>\n<p>\u201cEmek\u00e7i, eme\u011finin kar\u015f\u0131l\u0131\u011f\u0131n\u0131 isteme hakk\u0131na sahip\u201d<br \/>\n\u00a0<br \/>\nBa\u015fkan Se\u00e7er, ziyarette yapt\u0131\u011f\u0131 konu\u015fmada, kendisine te\u015fekk\u00fcr ziyaretinde bulunan taraflar\u0131n g\u00fczel bir \u00e7al\u0131\u015fma y\u00fcr\u00fctt\u00fcklerini belirtti. Eme\u011fini ortaya koyan \u00e7al\u0131\u015fanlar\u0131n s\u00f6zle\u015fmeden memnun kalmas\u0131ndan kendisinin de memnun oldu\u011funu getiren Se\u00e7er, \u201cHakk\u0131d\u0131r; emek\u00e7i, \u00e7al\u0131\u015fan hangi i\u015f alan\u0131nda olursa olsun eme\u011finin kar\u015f\u0131l\u0131\u011f\u0131n\u0131 isteme hakk\u0131na sahip ve medeni toplumlarda da hukuk devletlerinde de bu insanlar\u0131n emekleri bir zerre kadar zayi olmayacak \u015fekilde her t\u00fcrl\u00fc ayr\u0131nt\u0131lar d\u00fc\u015f\u00fcn\u00fclerek verme gayreti olur. Umut ediyorum, T\u00fcrkiye de bu anlamda hukuk devleti olma yolunda bug\u00fcne kadar oldu\u011fu gibi bundan sonra da \u00f6nemli \u00e7al\u0131\u015fmalar yapacak ve \u00e7ok daha iyi noktalara gelece\u011fiz. Toplumun \u00e7al\u0131\u015fmas\u0131, \u00fcretmesi, ekonomiye katk\u0131 sa\u011flamas\u0131, art\u0131 de\u011fer sa\u011flamas\u0131 b\u00fct\u00fcn katmanlara e\u011fer adaletli bir \u015fekilde yans\u0131rsa, yani gelir da\u011f\u0131l\u0131m\u0131nda adaleti, her alanda kalk\u0131nmay\u0131 sa\u011flarsak daha g\u00fczel bir \u00fclke, daha demokratik, daha refah toplumu, daha huzur toplumu oluruz ki, d\u00f6nemimizde en \u00e7ok \u00f6nemsedi\u011fimiz konular\u0131n ba\u015f\u0131nda geliyor. Ayr\u0131ms\u0131z, insanlar\u0131n herhangi bir \u00f6zelli\u011finden dolay\u0131 \u00f6teki olarak kabul edilmedi\u011fi bir \u00fclkede ya\u015famak istiyoruz. Hepimizin ortak gayesi bu\u201d diye konu\u015ftu.\u00a0<\/p>\n<p>\u201c\u015eiddet uygulayan\u0131 \u00e7\u0131kar\u0131r\u0131z, gerekirse e\u015fini al\u0131r\u0131z\u201d<br \/>\n\u00a0<br \/>\nBa\u015fkan Se\u00e7er, s\u00f6zle\u015fmenin \u00f6ne \u00e7\u0131kan maddelerinden de s\u00f6z ederek, \u201cBu toplu s\u00f6zle\u015fmeyle \u00e7al\u0131\u015fanlar\u0131m\u0131z bizden en az 3 bin 300 TL \u00fccret alacaklar. Bin 179 \u00e7al\u0131\u015fan\u0131m\u0131z\u0131 ilgilendiren bir toplu s\u00f6zle\u015fmeydi bu. Benim de \u00e7ok destekledi\u011fim ve \u00f6nemsedi\u011fim ve g\u00fcn\u00fcm\u00fcz\u00fcn toplumsal meselesi olan aileye bunun i\u00e7inde ba\u015fta kad\u0131n ve \u00e7ocu\u011fa y\u00f6nelik \u015fiddet var. Bu bizim i\u00e7in tart\u0131\u015f\u0131lmaz m\u00fccadele edilmesi gereken bir sorun. Biz bu konuda ailesine, e\u015fine, \u00e7ocuklar\u0131na sorun \u00e7\u0131karan \u00e7al\u0131\u015fanlar\u0131m\u0131zla yollar\u0131m\u0131z\u0131 ay\u0131raca\u011f\u0131z; tart\u0131\u015fmas\u0131z ay\u0131raca\u011f\u0131z ama elbette ki o aileyi de gelirden yoksun b\u0131rakmayaca\u011f\u0131z. Gerekirse e\u015fini belediyede personel olarak istihdam edece\u011fiz. Bu \u00f6nemli bir madde. Hepiniz gibi ben de \u00f6nemsiyorum bu konuyu\u201d ifadelerini kulland\u0131.\u00a0<\/p>\n<p>\u201cBir \u00f6nemli husus da haftal\u0131k \u00e7al\u0131\u015fma saatinin 40 saate indirilmesi\u201d<\/p>\n<p>\u00a0<br \/>\n1 May\u0131s Emek ve Dayan\u0131\u015fma Bayram\u0131nda ortalama 250 TL\u2019lik ikramiye verilece\u011fini de s\u00f6yleyen Se\u00e7er, \u201cBu sembolik gibi g\u00f6r\u00fcnebilir ama 1 May\u0131s\u2019\u0131n \u00f6nemini d\u00fc\u015f\u00fcnd\u00fc\u011f\u00fcn\u00fcz zaman d\u00fcnyadaki emek s\u0131n\u0131f\u0131 i\u00e7in bu g\u00fcne dair sembolik de olsa \u00f6nemli bir fark\u0131ndal\u0131k olu\u015fturacak madde diye d\u00fc\u015f\u00fcn\u00fcyorum. Bir \u00f6nemli husus da haftal\u0131k \u00e7al\u0131\u015fma saatinin 40 saate indirilmesi, yeniden d\u00fczenlenmesi. Bunu da \u00f6nemli ve de\u011ferli buluyorum. Hay\u0131rl\u0131 u\u011furlu olsun. Emek koyan t\u00fcm karde\u015flerimize, arkada\u015flar\u0131m\u0131za, kendi belediyemizde bizimle beraber y\u00f6netimsel olarak \u00e7al\u0131\u015fan arkada\u015flar\u0131m\u0131za \u00e7ok te\u015fekk\u00fcr ediyorum. Ba\u015fkan\u0131m\u0131z ve sekreterimiz nezdinde t\u00fcm Genel-\u0130\u015f ailesine te\u015fekk\u00fcr ediyorum\u201d \u015feklinde konu\u015ftu.\u00a0<\/p>\n<p>\u201c\u00c7ok g\u00fczel i\u015fler yapacak, Mersin\u2019i \u00e7ok daha g\u00fczel bir Mersin haline getirece\u011fiz\u201d<br \/>\n\u00a0<br \/>\nTek isteklerinin Mersin halk\u0131na hizmet etmek oldu\u011funu vurgulayan Se\u00e7er, bu kapsamda belediye \u00e7al\u0131\u015fanlar\u0131n\u0131n kuruma aidiyetini, i\u015flerini g\u00f6n\u00fclden yapmas\u0131n\u0131 ve hizmet odaklar\u0131 \u00e7al\u0131\u015fmalar\u0131n\u0131 son derece \u00f6nemsedi\u011fini belirtti. Se\u00e7er, \u201cBiz herkesin belediyesi olmak istiyoruz. Bir anlamda kimsesizin kimsesi olmak istiyoruz. Sizlerin deste\u011fi, gayreti \u00e7ok \u00f6nemli. Sizlerin belediyemize aidiyet hisleriyle \u00e7al\u0131\u015fmas\u0131 son derece \u00f6nemli. Mutlaka koydu\u011funuz emek neticesinde profesyonel olarak bir gelir elde edeceksiniz. \u00c7ocu\u011funuz, ge\u00e7iminiz var; onlar\u0131n r\u0131zk\u0131n\u0131 temin edeceksiniz ama di\u011fer taraftan da bunu g\u00f6n\u00fclle a\u015fkla bir hizmet anlay\u0131\u015f\u0131yla memleket sevdas\u0131yla yaparsan\u0131z \u00e7ok g\u00fczel neticeler al\u0131r\u0131z. Ben sizlere \u00e7ok g\u00fcveniyorum, \u00e7ok inan\u0131yorum. Her \u015fey para, gelir, kaynak de\u011fil. Benim i\u00e7in \u00e7al\u0131\u015fanlar\u0131n aidiyet hissiyat\u0131 son derece \u00f6nemli. Ben ba\u015far\u0131l\u0131 olacaksam sizlerle beraber olaca\u011f\u0131m. Biz ba\u015faraca\u011f\u0131z. \u00c7ok g\u00fczel i\u015fler yapacak, Mersin\u2019i \u00e7ok daha g\u00fczel bir Mersin haline getirece\u011fiz. \u00c7a\u011fda\u015f, modern, demokratik, insanlar\u0131n huzurla mutlulukla gezdi\u011fi, herkesin bir s\u0131cak yuvas\u0131n\u0131n oldu\u011fu, \u00e7ocuklar\u0131n\u0131n e\u011fitim ald\u0131\u011f\u0131, sosyal faaliyetlerin oldu\u011fu, k\u00fclt\u00fcrel faaliyetlerin oldu\u011fu bir kent haline getirece\u011fiz\u201d dedi.\u00a0<\/p>\n<p>\u201cEn \u00e7ok memnun eden de ger\u00e7ekten verilen s\u00f6z\u00fcn tutulmas\u0131\u201d<br \/>\n\u00a0<br \/>\nD\u0130SK Genel-\u0130\u015f Sendikas\u0131 \u015eube Ba\u015fkan\u0131 G\u00f6ksoy da Ba\u015fkan Se\u00e7er\u2019e adayl\u0131k s\u00fcrecinde \u201cG\u00f6reve gelirseniz eme\u011fin hakk\u0131yla ilgili bir s\u00f6z\u00fcn\u00fcz\u00fc duymak istiyoruz\u201d dedi\u011fini, Se\u00e7er\u2019in de o g\u00fcn verdi\u011fi s\u00f6z\u00fc g\u00f6reve geldikten sonra yerine getirdi\u011fini belirtti. G\u00f6ksoy, \u201cBiz her \u015feyden \u00f6nce a\u011f\u0131zdan \u00e7\u0131kan s\u00f6z\u00fc dikkate alan ilkeli bir sendikay\u0131z. O s\u00f6z\u00fcn yerine gelmesi bizi ger\u00e7ekten ziyadesiyle mutlu etti. En az 3 bin 300 lira al\u0131nacak bir toplu i\u015f s\u00f6zle\u015fmesi tabii ki bizi mutlu eder. En \u00e7ok memnun eden de ger\u00e7ekten verilen s\u00f6z\u00fcn tutulmas\u0131\u201d diye konu\u015ftu. \u00a0<\/p>\n","protected":false},"excerpt":{"rendered":"<p>Mersin B\u00fcy\u00fck\u015fehir Belediye Ba\u015fkan\u0131 Vahap Se\u00e7er, Mersin B\u00fcy\u00fck\u015fehir Belediyesi \u0130mar \u0130n\u015faat A.\u015e. ile D\u0130SK Genel-\u0130\u015f Sendikas\u0131 aras\u0131nda imzalanan ve bin 179 personeli ilgilendiren toplu i\u015f s\u00f6zle\u015fmesinde eme\u011fi ge\u00e7en taraflar\u0131 a\u011f\u0131rlad\u0131. &hellip; <a href=\"https:\/\/akdenizolaygazetesi.com\/?p=8102\" class=\"more-link\">Devam\u0131n\u0131 Oku&#8230;<\/a><\/p>\n","protected":false},"author":1,"featured_media":0,"comment_status":"open","ping_status":"open","sticky":false,"template":"","format":"standard","meta":[],"categories":[],"tags":[],"_links":{"self":[{"href":"https:\/\/akdenizolaygazetesi.com\/index.php?rest_route=\/wp\/v2\/posts\/8102"}],"collection":[{"href":"https:\/\/akdenizolaygazetesi.com\/index.php?rest_route=\/wp\/v2\/posts"}],"about":[{"href":"https:\/\/akdenizolaygazetesi.com\/index.php?rest_route=\/wp\/v2\/types\/post"}],"author":[{"embeddable":true,"href":"https:\/\/akdenizolaygazetesi.com\/index.php?rest_route=\/wp\/v2\/users\/1"}],"replies":[{"embeddable":true,"href":"https:\/\/akdenizolaygazetesi.com\/index.php?rest_route=%2Fwp%2Fv2%2Fcomments&post=8102"}],"version-history":[{"count":0,"href":"https:\/\/akdenizolaygazetesi.com\/index.php?rest_route=\/wp\/v2\/posts\/8102\/revisions"}],"wp:attachment":[{"href":"https:\/\/akdenizolaygazetesi.com\/index.php?rest_route=%2Fwp%2Fv2%2Fmedia&parent=8102"}],"wp:term":[{"taxonomy":"category","embeddable":true,"href":"https:\/\/akdenizolaygazetesi.com\/index.php?rest_route=%2Fwp%2Fv2%2Fcategories&post=8102"},{"taxonomy":"post_tag","embeddable":true,"href":"https:\/\/akdenizolaygazetesi.com\/index.php?rest_route=%2Fwp%2Fv2%2Ftags&post=8102"}],"curies":[{"name":"wp","href":"https:\/\/api.w.org\/{rel}","templated":true}]}}