{"id":8103,"date":"2020-11-04T18:28:33","date_gmt":"2020-11-04T15:28:33","guid":{"rendered":"http:\/\/mersinekonomipolitikagazetesi.com\/?p=8103"},"modified":"2020-11-04T18:28:33","modified_gmt":"2020-11-04T15:28:33","slug":"baskan-yilmaz-bolgemizin-ekonomik-degeri-artiyor","status":"publish","type":"post","link":"https:\/\/akdenizolaygazetesi.com\/?p=8103","title":{"rendered":"Ba\u015fkan Y\u0131lmaz: \u201cB\u00f6lgemizin ekonomik de\u011feri art\u0131yor\u201d"},"content":{"rendered":"<p>Toroslar Belediye Ba\u015fkan\u0131 Ats\u0131z Af\u015f\u0131n Y\u0131lmaz, i\u015fletme say\u0131lar\u0131n\u0131n artmas\u0131yla il\u00e7enin ekonomik de\u011feri ve ticaret hacminin de artt\u0131\u011f\u0131na dikkat \u00e7ekerek, yeni istihdam alanlar\u0131 a\u00e7arak hem Toroslar&#8217;\u0131n hem de \u00fclke ekonomisinin geli\u015fmesine b\u00fcy\u00fck katk\u0131s\u0131 olan esnaf\u0131n her zaman yanlar\u0131nda olacaklar\u0131n\u0131 s\u00f6yledi.\u00a0<br \/>\nEsnaf ziyaretlerinin yan\u0131 s\u0131ra il\u00e7ede yeni hizmete giren i\u015fletmelerin a\u00e7\u0131l\u0131\u015flar\u0131n\u0131 da yaparak, b\u00f6lge esnaf\u0131na hay\u0131rl\u0131 ve bol kazan\u00e7lar temennisinde bulunan Ba\u015fkan Y\u0131lmaz, &#8220;Esnaf ve sanatkarlar\u0131m\u0131z, ekonominin bel kemi\u011fidir. Biz de Toroslar Belediyesi olarak esnaf\u0131m\u0131z\u0131n her zaman yan\u0131nda olmaya, ihtiya\u00e7 ve taleplerini dinlemeye \u00f6nem veriyoruz. En b\u00fcy\u00fck arzumuz ise esnaf\u0131m\u0131z\u0131n mutlu, huzurlu ve g\u00fcven i\u00e7erisinde i\u015f yerlerini a\u00e7mas\u0131d\u0131r&#8221; dedi.<\/p>\n<p>\u0130l\u00e7eyi sosyal ve ekonomik olarak kalk\u0131nd\u0131rmak ad\u0131na sekt\u00f6r temsilcileriyle de s\u00fcrekli bir araya geldiklerini belirten Y\u0131lmaz, &#8220;\u0130l\u00e7emizin ya\u015fam kalitesini daha da artt\u0131rmak amac\u0131yla \u00e7al\u0131\u015f\u0131yoruz. Hayata ge\u00e7irdi\u011fimiz projelerle Toroslar\u0131m\u0131z h\u0131zla geli\u015fiyor ve b\u00fcy\u00fcyor. Buna paralel olarak yat\u0131r\u0131mc\u0131 da i\u015fveren de tercihini Toroslar\u0131m\u0131zdan yana kullan\u0131yor. \u0130\u015fletme say\u0131lar\u0131n\u0131n artmas\u0131yla b\u00f6lgemizin ekonomik de\u011feri ve ticaret hacmi de art\u0131yor. Yeni i\u015f kollar\u0131n\u0131n a\u00e7\u0131lmas\u0131, istihdama da \u00f6nemli katk\u0131lar sa\u011fl\u0131yor. Bundan dolay\u0131 da b\u00fcy\u00fck mutluluk duyuyoruz. Bizim en b\u00fcy\u00fck zenginli\u011fimiz birlik ve beraberli\u011fimizdir. Her alanda geli\u015fen ve kalk\u0131nan bir Toroslar&#8217;\u0131 hep birlikte in\u015fa edece\u011fiz&#8221; ifadelerini kulland\u0131.\u00a0<br \/>\nBa\u015fkan Y\u0131lmaz, pandemi s\u00fcresince en fazla s\u0131k\u0131nt\u0131 ya\u015fayan kesimlerin ba\u015f\u0131nda esnaf ve sanatkarlar\u0131n geldi\u011fini belirterek, buna ra\u011fmen birlik ve beraberlik i\u00e7erisinde s\u00fcrece sab\u0131rla destek veren t\u00fcm esnafa te\u015fekk\u00fcr etti.\u00a0<\/p>\n<p>Toroslar\u2019da yol ve kald\u0131r\u0131m \u00e7al\u0131\u015fmalar\u0131 devam ediyor\u00a0<\/p>\n<p>Mersin\u2019in merkez il\u00e7e Toroslar Belediyesi, il\u00e7e genelinde asfaltlama, kald\u0131r\u0131m, yeni yol a\u00e7ma ve d\u00fczenleme \u00e7al\u0131\u015fmalar\u0131n\u0131 aral\u0131ks\u0131z s\u00fcrd\u00fcr\u00fcyor.\u00a0<br \/>\nToroslar Belediyesinden yap\u0131lan a\u00e7\u0131klamaya g\u00f6re, merkez mahallelerde ve yaylalarda ihtiya\u00e7lar do\u011frultusunda yo\u011fun bir \u015fekilde \u00e7al\u0131\u015fan Fen \u0130\u015fleri M\u00fcd\u00fcrl\u00fc\u011f\u00fc ekipleri, Mustafa Kemal Mahallesinde kilit parke kald\u0131r\u0131m, Ayvagedi\u011fi, Bekiralan\u0131, So\u011fucak, Kepirli, De\u011fnek, Arslank\u00f6y ve G\u00fczelyayla mahallelerinde yeni yol a\u00e7ma ve d\u00fczenleme \u00e7al\u0131\u015fmas\u0131 yapt\u0131. Ekipler, Bekiralan\u0131 Mahallesinde sa\u011fanak ya\u011f\u0131\u015flar neticesinde ya\u015fanabilecek olas\u0131 ta\u015fma ve sel tehlikesine kar\u015f\u0131 sorun tespit ettikleri ba\u011flant\u0131 yolunda da b\u00fcz boru d\u00f6\u015feme \u00e7al\u0131\u015fmas\u0131 ger\u00e7ekle\u015ftirdi.\u00a0<br \/>\nVatanda\u015flar, mahallelerine yap\u0131lan hizmetlerden dolay\u0131 Toroslar Belediye Ba\u015fkan\u0131 Ats\u0131z Af\u015f\u0131n Y\u0131lmaz&#8217;a ve ekibine te\u015fekk\u00fcr etti.\u00a0<br \/>\nToroslar Belediye Ba\u015fkan\u0131 Ats\u0131z Af\u015f\u0131n Y\u0131lmaz ise Toroslar halk\u0131n\u0131n hizmetin en g\u00fczelini hak etti\u011fini kaydederek, &#8220;Bunun i\u00e7in var g\u00fcc\u00fcm\u00fczle \u00e7al\u0131\u015f\u0131yoruz. Halk\u0131m\u0131z\u0131n ya\u015famlar\u0131n\u0131 kolayla\u015ft\u0131rmak ve il\u00e7emizi daha modern bir g\u00f6r\u00fcn\u00fcme kavu\u015fturmak amac\u0131yla yol yap\u0131m ve asfaltlama \u00e7al\u0131\u015fmalar\u0131m\u0131z aral\u0131ks\u0131z devam ediyor. \u0130l\u00e7emize yat\u0131r\u0131m yapmaya ve g\u00fczellikler getirmeye devam edece\u011fiz&#8221; dedi. \u00a0\u00a0<\/p>\n","protected":false},"excerpt":{"rendered":"<p>Toroslar Belediye Ba\u015fkan\u0131 Ats\u0131z Af\u015f\u0131n Y\u0131lmaz, i\u015fletme say\u0131lar\u0131n\u0131n artmas\u0131yla il\u00e7enin ekonomik de\u011feri ve ticaret hacminin de artt\u0131\u011f\u0131na dikkat \u00e7ekerek, yeni istihdam alanlar\u0131 a\u00e7arak hem Toroslar&#8217;\u0131n hem de \u00fclke ekonomisinin geli\u015fmesine &hellip; <a href=\"https:\/\/akdenizolaygazetesi.com\/?p=8103\" class=\"more-link\">Devam\u0131n\u0131 Oku&#8230;<\/a><\/p>\n","protected":false},"author":1,"featured_media":0,"comment_status":"open","ping_status":"open","sticky":false,"template":"","format":"standard","meta":[],"categories":[],"tags":[],"_links":{"self":[{"href":"https:\/\/akdenizolaygazetesi.com\/index.php?rest_route=\/wp\/v2\/posts\/8103"}],"collection":[{"href":"https:\/\/akdenizolaygazetesi.com\/index.php?rest_route=\/wp\/v2\/posts"}],"about":[{"href":"https:\/\/akdenizolaygazetesi.com\/index.php?rest_route=\/wp\/v2\/types\/post"}],"author":[{"embeddable":true,"href":"https:\/\/akdenizolaygazetesi.com\/index.php?rest_route=\/wp\/v2\/users\/1"}],"replies":[{"embeddable":true,"href":"https:\/\/akdenizolaygazetesi.com\/index.php?rest_route=%2Fwp%2Fv2%2Fcomments&post=8103"}],"version-history":[{"count":0,"href":"https:\/\/akdenizolaygazetesi.com\/index.php?rest_route=\/wp\/v2\/posts\/8103\/revisions"}],"wp:attachment":[{"href":"https:\/\/akdenizolaygazetesi.com\/index.php?rest_route=%2Fwp%2Fv2%2Fmedia&parent=8103"}],"wp:term":[{"taxonomy":"category","embeddable":true,"href":"https:\/\/akdenizolaygazetesi.com\/index.php?rest_route=%2Fwp%2Fv2%2Fcategories&post=8103"},{"taxonomy":"post_tag","embeddable":true,"href":"https:\/\/akdenizolaygazetesi.com\/index.php?rest_route=%2Fwp%2Fv2%2Ftags&post=8103"}],"curies":[{"name":"wp","href":"https:\/\/api.w.org\/{rel}","templated":true}]}}