{"id":8105,"date":"2020-11-04T18:28:35","date_gmt":"2020-11-04T15:28:35","guid":{"rendered":"http:\/\/mersinekonomipolitikagazetesi.com\/?p=8105"},"modified":"2020-11-04T18:28:35","modified_gmt":"2020-11-04T15:28:35","slug":"ankarayi-mersine-adanaya-baglayacak","status":"publish","type":"post","link":"https:\/\/akdenizolaygazetesi.com\/?p=8105","title":{"rendered":"\u201cAnkara\u2019y\u0131 Mersin\u2019e, Adana&#8217;ya ba\u011flayacak\u201d"},"content":{"rendered":"<p>4 Eyl\u00fcl Cuma g\u00fcn\u00fc hizmete a\u00e7\u0131l\u0131yor<\/p>\n<p>Ula\u015ft\u0131rma ve Altyap\u0131 Bakan\u0131 Adil Karaismailo\u011flu, Edirne\u2019yi \u015eanl\u0131urfa&#8217;ya kadar kesintisiz ba\u011flayacak ak\u0131ll\u0131 ula\u015f\u0131m sistemleri ile donat\u0131lan ve T\u00fcrkiye\u2019nin en ak\u0131ll\u0131 yolu olarak hizmet verecek Ankara-Ni\u011fde Otoyolu\u2019nun Cumhurba\u015fkan\u0131 Recep Tayyip Erdo\u011fan taraf\u0131ndan 4 Eyl\u00fcl\u2019de a\u00e7\u0131laca\u011f\u0131n\u0131 bildirdi.\u00a0<br \/>\nUla\u015ft\u0131rma ve Altyap\u0131 Bakan\u0131 Adil Karaismailo\u011flu, Ankara-Ni\u011fde Otoyolu\u2019nun 105 kilometrelik Ankara- Ac\u0131kuyu Kav\u015fa\u011f\u0131 aras\u0131 1\u2019inci kesimi ile 57 kilometrelik Alayhan Kav\u015fa\u011f\u0131-G\u00f6lc\u00fck Kav\u015fa\u011f\u0131 aras\u0131ndaki 3\u2019\u00fcnc\u00fc kesiminin 4 Eyl\u00fcl\u2019de a\u00e7\u0131laca\u011f\u0131n\u0131 bildirerek, \u201cT\u00fcrkiye\u2019nin en ak\u0131ll\u0131 yolu olacak Ankara-Ni\u011fde Otoyolumuz 4 Eyl\u00fcl\u2019de Cumhurba\u015fkan\u0131m\u0131z taraf\u0131ndan a\u00e7\u0131lacak\u201d ifadelerini kulland\u0131.\u00a0<br \/>\nBakan Karaismailo\u011flu, Ankara-Ni\u011fde aras\u0131nda mevcut yol ile 4 saat 14 dakika s\u00fcren seyahat s\u00fcresinin a\u00e7\u0131l\u0131\u015f\u0131 yap\u0131lacak otoyol ile 2 saat 22 dakikaya d\u00fc\u015fece\u011fini belirterek, \u201cBu proje hem ekonomik hem de sosyal anlam\u0131 ile \u00e7ok \u00f6nemli bir proje. Otoyol g\u00fczergah \u00fczerindeki \u015fehirleri ba\u011flayacak, ticaretini ve ekonomisini b\u00fcy\u00fctecek. Ayr\u0131ca bu proje sayesinde vatanda\u015flar\u0131m\u0131z her y\u0131l 885 milyon lira zamandan tasarruf etmekle kalmayacak, y\u0131ll\u0131k 127 milyon 551 bin litre yak\u0131ttan da tasarruf edecek. Yat\u0131r\u0131m ile her y\u0131l \u00fclkemiz 1 milyar 628 milyon lira katk\u0131 sa\u011flayacak. Otoyolumuz sayesinde havam\u0131z daha temiz olacak, karbon sal\u0131n\u0131m\u0131 y\u0131ll\u0131k 318 milyon 240 bin kilogram azalacak\u201d dedi.\u00a0<br \/>\nCumhurba\u015fkan\u0131 Erdo\u011fan\u2019\u0131n liderli\u011finde \u00fclkeyi kalk\u0131nd\u0131rmak, ekonomisini ve ticaretini b\u00fcy\u00fctmek i\u00e7in \u00e7al\u0131\u015ft\u0131klar\u0131n\u0131 kaydeden Karaismailo\u011flu, \u201cT\u00fcrkiye\u2019nin ekonomisi ve ticaretinin b\u00fcy\u00fcmesinin, bu \u00fclkenin hak etti\u011fi yere y\u00fckselmesinin temelinde ula\u015f\u0131m ve ileti\u015fim altyap\u0131m\u0131z\u0131n bulundu\u011funu bilerek hareket ediyoruz. Marmaray, Avrasya T\u00fcp T\u00fcneli, Y\u00fcksek H\u0131zl\u0131 Tren hatlar\u0131, b\u00f6l\u00fcnm\u00fc\u015f yollar, Yavuz Sultan Selim K\u00f6pr\u00fcs\u00fc, Osmangazi K\u00f6pr\u00fcs\u00fc, Baki Tiflis Kars Demiryolu, Ordu Giresun Havaliman\u0131 ve daha nice b\u00fcy\u00fck projeyi bunun bilinciyle hizmete verdik\u201d dedi.\u00a0<br \/>\nK\u00fcreselle\u015fen d\u00fcnyada ula\u015f\u0131m ve ileti\u015fim altyap\u0131s\u0131n\u0131n \u00f6neminin her ge\u00e7en g\u00fcn artt\u0131\u011f\u0131n\u0131 vurgulayan Bakan Karaismailo\u011flu, \u201cArt\u0131k d\u00fcnyada varl\u0131\u011f\u0131n\u0131z neyi bildi\u011finizle ve nereye kadar uzanabildi\u011finizle anlam kazan\u0131yor\u201d ifadelerini kulland\u0131.\u00a0<\/p>\n<p>&#8220;Uluslararas\u0131 ticaret otoyolu olacak&#8221;<br \/>\n\u00a0<br \/>\nKaraismailo\u011flu, T\u00fcrkiye\u2019nin gelece\u011fi i\u00e7in \u00fclkenin do\u011fusunu bat\u0131s\u0131na, kuzeyini g\u00fcneyine sadece y\u00fcksek h\u0131zl\u0131 trenle ve havayolu ile de\u011fil otoyollarla da ba\u011flad\u0131klar\u0131n\u0131 s\u00f6yleyerek, bu kapsamda Ankara-Ni\u011fde Otoyolu&#8217;nun b\u00fcy\u00fck \u00f6neme sahip oldu\u011funun alt\u0131n\u0131 \u00e7izdi. 275 kilometresi otoyol, 55 kilometresi ba\u011flant\u0131 yolu olmak \u00fczere 330 kilometre uzunlu\u011fundaki otoyolun Ankara\u2019y\u0131 Mersin\u2019e, Adana&#8217;ya, Gaziantep&#8217;e, Hatay\u2019a ve hatta \u015eanl\u0131urfa&#8217;ya kadar kesintisiz b\u00f6l\u00fcnm\u00fc\u015f yol ile ba\u011flam\u0131\u015f olaca\u011f\u0131n\u0131 belirten Bakan Karaismailo\u011flu, yolun T\u00fcrkiye\u2019nin do\u011fusunu bat\u0131s\u0131na ba\u011flayaca\u011f\u0131n\u0131 belirtti. Karaismailo\u011flu, \u201cMarmara, Karadeniz, \u0130\u00e7 Anadolu, Akdeniz ve G\u00fcneydo\u011fu Anadolu b\u00f6lgelerini birbirine ba\u011flayan, uluslararas\u0131 \u00f6neme sahip bir ula\u015f\u0131m a\u011f\u0131n\u0131 hizmete sunmu\u015f olaca\u011f\u0131z. Daha da \u00f6nemlisi bu otoyol, g\u00fczergah\u0131 \u00fczerindeki \u015fehirleri ba\u011flayacak, ticaretini ve ekonomisini b\u00fcy\u00fctecek bir uluslararas\u0131 ticaret otoyolu haline gelecek\u201d \u015feklinde konu\u015ftu.\u00a0<\/p>\n<p>T\u00fcrkiye\u2019nin en g\u00fcvenli ve en ak\u0131ll\u0131 yolu<br \/>\n\u00a0<br \/>\nAnkara-Ni\u011fde Otoyolu&#8217;nun T\u00fcrkiye\u2019nin en ak\u0131ll\u0131 yolu olaca\u011f\u0131n\u0131 belirten Bakan Karaismailo\u011flu, otoyolun yerli ve milli ak\u0131ll\u0131 ula\u015f\u0131m sistemleri altyap\u0131s\u0131 ile birlikte kuruldu\u011funu a\u00e7\u0131klad\u0131. Sistem sayesinde otoyolun tek bir ana kontrol merkezinden y\u00f6netilebilece\u011fini, yol g\u00fcvenli\u011finin en \u00fcst seviyede olaca\u011f\u0131n\u0131 bildiren Karaismailo\u011flu, Ak\u0131ll\u0131 Ula\u015f\u0131m Sistemi kontrol merkezinden y\u00f6netilecek olan i\u015flemlerin \u00f6nemi dikkate al\u0131narak sunucu sistemlerinin iki ayr\u0131 noktada yedeklenece\u011fini ve i\u015flemlerin kontrol\u00fcn\u00fc sa\u011flayan sistem yaz\u0131l\u0131m\u0131n\u0131n yerli ve milli olarak tasarland\u0131\u011f\u0131n\u0131 da belirtti. Merkezi kontrol yaz\u0131l\u0131m\u0131n\u0131n ayn\u0131 zamanda olay alg\u0131lama yaz\u0131l\u0131m\u0131 ile entegre \u00e7al\u0131\u015farak sistemdeki t\u00fcm bilgileri toplayaca\u011f\u0131n\u0131 ve toplanan bilgilerin yapay zeka ve makine \u00f6\u011frenimi sistemleri ile derlenece\u011fini ifade eden Bakan Karaismailo\u011flu, \u201cSistemimiz, otoyolda olu\u015fan tehlikeli, kaza ve trafik gibi durumlara g\u00f6re gerek operat\u00f6rler gerek s\u00fcr\u00fcc\u00fcler uyar\u0131lacak \u015fekilde tasarland\u0131. Operat\u00f6rlerin bu \u00e7oklu cihaz, kamera, g\u00f6r\u00fcnt\u00fc ve alarmlar i\u00e7inde insan hatas\u0131n\u0131 en aza indiren bir yapay zeka otomasyon mant\u0131\u011f\u0131nda rahatl\u0131kla sistemleri kontrol edebilmesini sa\u011flayaca\u011f\u0131z\u201d dedi.\u00a0<br \/>\nKaraismailo\u011flu, sistem kapsam\u0131nda otoyola \u00fc\u00e7 omurga halinde 1,3 milyon metrelik fiber optik kablo altyap\u0131s\u0131 d\u00f6\u015fendi\u011fini, otoyol boyunca 500 adet trafik sens\u00f6r\u00fcn\u00fcn yan\u0131 s\u0131ra 9 adet metorolojik \u00f6l\u00e7\u00fcm istasyonunun, 208 adet olay alg\u0131lama kameras\u0131n\u0131n, 335 adet ak\u0131ll\u0131 ula\u015f\u0131m saha y\u00f6netim \u00fcnitesinin ve 687 adet dijital ortam sunucusu kurulumu yap\u0131ld\u0131\u011f\u0131n\u0131 bildirdi. Bakan Karaismailo\u011flu, sistemin i\u00e7inde ayr\u0131ca bir felaket y\u00f6netim merkezinin de yer alaca\u011f\u0131n\u0131 bildirerek, \u201cBu sistem ile T\u00fcrkiye\u2019nin en g\u00fcvenli ve en ak\u0131ll\u0131 yolunu da kurmu\u015f olduk\u201d ifadesini kulland\u0131.\u00a0<\/p>\n<p>Y\u0131ll\u0131k 1 milyar 628 milyon lira tasarruf<br \/>\n\u00a0<br \/>\nAnkara-Ni\u011fde Otoyolu\u2019nun hem ekonomik hem de sosyal anlam\u0131yla stratejik bir proje oldu\u011funu ve \u00f6nemli tasarruf sa\u011flayaca\u011f\u0131n\u0131 kaydeden Bakan Karaismailo\u011flu, otoyol sayesinde 36 milyon 220 bin ki\u015fi\/saatlik zaman tasarrufu sa\u011flanaca\u011f\u0131n\u0131 ve s\u00f6z konusu zaman\u0131n \u00fclke ekonomisine her y\u0131l 885 milyon liral\u0131k katk\u0131 olarak yans\u0131yaca\u011f\u0131n\u0131 s\u00f6yledi. Otoyol sayesinde ayr\u0131ca yak\u0131ttan y\u0131ll\u0131k 127 milyon 551 bin litre tasarruf sa\u011flanaca\u011f\u0131n\u0131 da belirten Karaismailo\u011flu, \u201cYat\u0131r\u0131m ile her y\u0131l \u00fclkemiz 1 milyar 628 milyon lira katk\u0131 sa\u011flayacak. Otoyolumuz sayesinde havam\u0131z daha temiz olacak, karbon sal\u0131n\u0131m\u0131 y\u0131ll\u0131k 318 milyon 240 bin kilogram azalacak\u201d diye konu\u015ftu.\u00a0<\/p>\n<p>\u0130lk 13 kilometre \u00fccretsiz<br \/>\n\u00a0<br \/>\nBakan Karaismailo\u011flu, s\u00f6z konusu otoyolun s\u00f6zle\u015fmeye g\u00f6re 2021 Haziran ay\u0131nda tamamlanaca\u011f\u0131n\u0131 ancak projeyi s\u00f6z verilen tarihten neredeyse bir y\u0131l \u00f6nce hizmete a\u00e7m\u0131\u015f olacaklar\u0131n\u0131 an\u0131msatt\u0131. Projenin kalan 113 kilometrelik Ac\u0131kuyu Kav\u015fa\u011f\u0131-Alayhan Kav\u015fa\u011f\u0131 aras\u0131 2\u2019nci kesimini de y\u0131l\u0131n son \u00e7eyre\u011finde a\u00e7arak otoyolun tamam\u0131n\u0131 hizmete sunmu\u015f olacaklar\u0131n\u0131 vurgulayan Karaismailo\u011flu, Ankara-Ni\u011fde Otoyolu\u2019nun hizmete girmesinden itibaren Ankara taraf\u0131ndan ilk 13 kilometrelik kesimin de \u00fccretsiz olaca\u011f\u0131n\u0131 bildirdi. Bakan Karaismailo\u011flu, otoyolun Ankara taraf\u0131nda \u00e7evre yolundan ba\u015flayarak Hac\u0131bey Kav\u015fa\u011f\u0131, G\u00f6lba\u015f\u0131 Kav\u015fa\u011f\u0131 ve Haymana Kav\u015fa\u011f\u0131\u2019na kadar \u00fccretsiz olaca\u011f\u0131n\u0131 s\u00f6yledi.\u00a0<\/p>\n<p>22 milyon ton asfalt d\u00f6k\u00fcld\u00fc<br \/>\n\u00a0<br \/>\nAnkara-Ni\u011fde Otoyolu\u2019nun fiziki a\u00e7\u0131dan da \u00e7ok b\u00fcy\u00fck bir proje oldu\u011funu kaydeden Karaismailo\u011flu, \u201cBu proje ile 3 bin 566 metre uzunlu\u011funda 5 adet viyad\u00fck, 2 bin 368 metre uzunlu\u011funda 49 adet k\u00f6pr\u00fc, 4 bin 506 metrelik 75 adet \u00fcst ge\u00e7it, yakla\u015f\u0131k 131 milyon m3 kaz\u0131 ve 76 milyon m3 dolgu yap\u0131ld\u0131. 22 milyon ton asfalt d\u00f6k\u00fcld\u00fc. Bu vesileyle de b\u00f6ylesine b\u00fcy\u00fck bir projeyi s\u00f6z verilen tarihten \u00e7ok \u00f6nce tamamlayan Karayollar\u0131 Genel M\u00fcd\u00fcrl\u00fc\u011f\u00fc ailesine ve y\u00fcklenici firmaya te\u015fekk\u00fcr ediyor, Ankara-Ni\u011fde Otoyolu\u2019muzun \u00fclkemize ve milletimize hay\u0131rl\u0131 u\u011furlu olmas\u0131n\u0131 temenni ediyorum\u201d dedi. \u00a0<\/p>\n","protected":false},"excerpt":{"rendered":"<p>4 Eyl\u00fcl Cuma g\u00fcn\u00fc hizmete a\u00e7\u0131l\u0131yor Ula\u015ft\u0131rma ve Altyap\u0131 Bakan\u0131 Adil Karaismailo\u011flu, Edirne\u2019yi \u015eanl\u0131urfa&#8217;ya kadar kesintisiz ba\u011flayacak ak\u0131ll\u0131 ula\u015f\u0131m sistemleri ile donat\u0131lan ve T\u00fcrkiye\u2019nin en ak\u0131ll\u0131 yolu olarak hizmet verecek &hellip; <a href=\"https:\/\/akdenizolaygazetesi.com\/?p=8105\" class=\"more-link\">Devam\u0131n\u0131 Oku&#8230;<\/a><\/p>\n","protected":false},"author":1,"featured_media":0,"comment_status":"open","ping_status":"open","sticky":false,"template":"","format":"standard","meta":[],"categories":[],"tags":[],"_links":{"self":[{"href":"https:\/\/akdenizolaygazetesi.com\/index.php?rest_route=\/wp\/v2\/posts\/8105"}],"collection":[{"href":"https:\/\/akdenizolaygazetesi.com\/index.php?rest_route=\/wp\/v2\/posts"}],"about":[{"href":"https:\/\/akdenizolaygazetesi.com\/index.php?rest_route=\/wp\/v2\/types\/post"}],"author":[{"embeddable":true,"href":"https:\/\/akdenizolaygazetesi.com\/index.php?rest_route=\/wp\/v2\/users\/1"}],"replies":[{"embeddable":true,"href":"https:\/\/akdenizolaygazetesi.com\/index.php?rest_route=%2Fwp%2Fv2%2Fcomments&post=8105"}],"version-history":[{"count":0,"href":"https:\/\/akdenizolaygazetesi.com\/index.php?rest_route=\/wp\/v2\/posts\/8105\/revisions"}],"wp:attachment":[{"href":"https:\/\/akdenizolaygazetesi.com\/index.php?rest_route=%2Fwp%2Fv2%2Fmedia&parent=8105"}],"wp:term":[{"taxonomy":"category","embeddable":true,"href":"https:\/\/akdenizolaygazetesi.com\/index.php?rest_route=%2Fwp%2Fv2%2Fcategories&post=8105"},{"taxonomy":"post_tag","embeddable":true,"href":"https:\/\/akdenizolaygazetesi.com\/index.php?rest_route=%2Fwp%2Fv2%2Ftags&post=8105"}],"curies":[{"name":"wp","href":"https:\/\/api.w.org\/{rel}","templated":true}]}}