{"id":8111,"date":"2020-11-04T18:28:35","date_gmt":"2020-11-04T15:28:35","guid":{"rendered":"http:\/\/mersinekonomipolitikagazetesi.com\/?p=8111"},"modified":"2020-11-04T18:28:35","modified_gmt":"2020-11-04T15:28:35","slug":"acilis-degil-adaletin-kapanis-torenidir","status":"publish","type":"post","link":"https:\/\/akdenizolaygazetesi.com\/?p=8111","title":{"rendered":"\u201cA\u00e7\u0131l\u0131\u015f de\u011fil adaletin kapan\u0131\u015f t\u00f6renidir\u201d"},"content":{"rendered":"<p>Hukuk \u00fcst\u00fcnl\u00fc\u011f\u00fcnde T\u00fcrkiye 128 \u00fclke i\u00e7inde 107. S\u0131rada<\/p>\n<p>CHP Mersin Milletvekili ve TBMM Adalet Komisyonu \u00dcyesi Alpay Antmen, adli y\u0131l a\u00e7\u0131l\u0131\u015f\u0131 nedeniyle yaz\u0131l\u0131 bas\u0131n a\u00e7\u0131klamas\u0131 yapt\u0131. Antmen \u201cY\u00fcr\u00fctmenin ba\u015f\u0131 ve siyasi bir partinin genel ba\u015fkan\u0131 olan Cumhurba\u015fkan\u0131\u2019n\u0131n Saray\u0131\u2019nda yap\u0131lacak t\u00f6renin ad\u0131, adli y\u0131l a\u00e7\u0131l\u0131\u015f t\u00f6reni olsa da, ger\u00e7ekte adaletin kapan\u0131\u015f t\u00f6renidir. Sarayda yap\u0131lan adli y\u0131l a\u00e7\u0131l\u0131\u015f\u0131, yarg\u0131n\u0131n cenaze t\u00f6renidir.\u201d ifadelerini kulland\u0131.<br \/>\nYarg\u0131 mensuplar\u0131n\u0131n kimsenin \u00f6n\u00fcnde e\u011filmemesi ve \u00f6nlerini iliklememesi i\u00e7in c\u00fcbbelerinde d\u00fc\u011fme olmad\u0131\u011f\u0131n\u0131 kaydeden CHP\u2019li Vekil \u201c\u015eimdi yanda\u015f yarg\u0131\u00e7lar c\u00fcbbelerinde d\u00fc\u011fme olmamas\u0131na ra\u011fmen \u00f6nlerini ilikleme yar\u0131\u015f\u0131na giriyor. Bak\u0131n\u0131z; Hukukun \u00dcst\u00fcnl\u00fc\u011f\u00fc Endeksinde T\u00fcrkiye 128 \u00fclke i\u00e7inde 107. S\u0131rada. Hukukun \u00dcst\u00fcnl\u00fc\u011f\u00fc Endeksinde iktidar g\u00fcc\u00fcn\u00fcn hukuka ba\u011fl\u0131l\u0131\u011f\u0131 s\u0131ralamas\u0131nda 128 \u00fclke aras\u0131nda 124.s\u0131rada, temel haklara sayg\u0131da T\u00fcrkiye maalesef 123\u2019\u00fcnc\u00fc s\u0131rada. Yarg\u0131 mensuplar\u0131 AKP il ve il\u00e7e ba\u015fkanlar\u0131ndan se\u00e7iliyor. Hakimler ba\u011f\u0131ms\u0131z karar veremiyor. Yarg\u0131 mensuplar\u0131 Anayasaya de\u011fil Saraya bakarak karar veriyor. Talimatla verilen her yarg\u0131 karar\u0131, g\u00f6m\u00fclen yarg\u0131n\u0131n \u00fczerine biraz daha toprak atmak demek.\u201d Dedi.<br \/>\n\u00a0<br \/>\nYARGI BA\u011eIMSIZLI\u011eI VE HUKUKUN \u00dcST\u00dcNL\u00dc\u011e\u00dc SONA ERD\u0130<\/p>\n<p>Yeni adli y\u0131l\u0131n ba\u015flad\u0131\u011f\u0131n amaHukuk camias\u0131n\u0131n yeni adli y\u0131la ge\u00e7en daha fazla sanc\u0131l\u0131 ve sorunlu girece\u011fini s\u00f6yleyen Antmen, \u201c\u00c7oklu baro, liyakatsiz hakim-savc\u0131 atamalar\u0131, her g\u00fcn kar\u015f\u0131la\u015ft\u0131\u011f\u0131m\u0131z ba\u015fka bir hukuksuz karar devletle vatanda\u015f\u0131n ba\u011f\u0131n\u0131 daha fazla kopar\u0131yor. Adaletin olmad\u0131\u011f\u0131 yerde vatanda\u015flar devlete olan aidiyet duygusunu kaybeder. Hukuk devleti ilkesi, t\u00fcm hukuk\u00e7ular bir yana, hukuk\u00e7u olmayan ancak hukuka tabi olan t\u00fcm devlet kurum ve kurulu\u015flar\u0131n\u0131n dahi takip etmesi gereken en \u00f6nemli ilkedir. Oysa bug\u00fcn yarg\u0131 ba\u011f\u0131ms\u0131zl\u0131\u011f\u0131 ve hukukun \u00fcst\u00fcnl\u00fc\u011f\u00fc sona erdi. \u00a0Hat\u0131rlarsan\u0131z \u201cYarg\u0131n\u0131n itibar\u0131 yerlerde s\u00fcr\u00fcn\u00fcyor\u201d s\u00f6zleri bizzat yarg\u0131n\u0131n \u00fcst d\u00fczey temsilcileri taraf\u0131ndan ifade edilmi\u015fti.\u201d dedi.<\/p>\n<p>\u201cD\u0130KTAT\u00d6RL\u00dc\u011e\u00dcN OLDU\u011eU YERDE ADALET OLMAZ\u201d<\/p>\n<p>Antmen, \u201cTotaliter diktat\u00f6rl\u00fc\u011f\u00fcn kuruldu\u011fu bu sistemle birlikte yarg\u0131 ve adalet mekanizmas\u0131 Anayasaya ve \u00e7a\u011fda\u015f hukuk normlar\u0131na g\u00f6re de\u011fil, ki\u015filere g\u00f6re karar vermeye ba\u015flad\u0131. Bireylerin hukuk g\u00fcvenceleri ortadan kalkt\u0131. Hakimler talimatla karar vermeye ba\u015flad\u0131 ve devlette liyakat ve yasal yap\u0131lanma yerini partizanl\u0131\u011fa, tutuculu\u011fa, d\u00fc\u015fmanla\u015ft\u0131rmaya ve liyakatsizli\u011fe b\u0131rakt\u0131. Bu nedenle de iktidar\u0131n \u2018se\u00e7ilmi\u015fleri\u2019 gibi atanm\u0131\u015f hakim-savc\u0131lar\u0131 da ya yerlerini korumak ya da yerlerinden olmamak i\u00e7in hukuka de\u011fil, tek adam\u0131n a\u011fz\u0131na bak\u0131yor.\u201d dedi.<\/p>\n<p>\u201cAKP \u0130KT\u0130DARI YARGIYI C\u00dcBBEL\u0130 TET\u0130K\u00c7\u0130LERE TESL\u0130M ETT\u0130\u201d<\/p>\n<p>AKP \u0130ktidar\u0131\u2019n\u0131n yarg\u0131y\u0131 2010 ila 2014 y\u0131l\u0131 aras\u0131nda yarg\u0131y\u0131 \u015fimdi her biri yarg\u0131lanmakta olan al\u00e7ak ve hain FET\u00d6\u2019ye, c\u00fcppeli tetik\u00e7ilerine teslim ettti\u011fini hat\u0131rlatan Antmen, \u201c 2014 y\u0131l\u0131nda \u201cYarg\u0131da Birlik Platformu\u201d ad\u0131 alt\u0131nda bir araya gelen Hakim ve Savc\u0131lar\u0131m\u0131z HSYK\u2019daki FET\u00d6 Ter\u00f6r \u00d6rg\u00fct\u00fc egemenli\u011fine son vermi\u015fti. Ancak ne ac\u0131d\u0131r ki 2014 y\u0131l\u0131ndan sonra Hakim ve Savc\u0131l\u0131k mesle\u011fine giri\u015fte siyasi iktidar partisi yanda\u015f\u0131 olanlar ve hatta AKP\u2019nin \u0130l ve \u0130l\u00e7elerinde g\u00f6rev yapm\u0131\u015f avukatlar, hakim ve savc\u0131 yap\u0131ld\u0131. Bu atamalar halen devam ediyor. Bu d\u00f6nemde yarg\u0131da siyasalla\u015fma g\u00fcn ge\u00e7tik\u00e7e had safhaya ula\u015ft\u0131. Siyasalla\u015fan bir yarg\u0131 d\u00fczeninde yeni adli y\u0131la girece\u011fiz.\u201d ifadelerini kulland\u0131.<\/p>\n<p>\u201cADALETE VE HUKUKUN \u00dcST\u00dcNL\u00dc\u011e\u00dcNE SAH\u0130P \u00c7IKACA\u011eIZ\u201d<\/p>\n<p>Bu sistemde kimsenin g\u00fcvende olmad\u0131\u011f\u0131n\u0131 herkesin can\u0131, mal\u0131 ve \u00f6zg\u00fcrl\u00fc\u011f\u00fcn\u00fcn de tehlike alt\u0131nda oldu\u011funu savunan Antmen, \u201c\u00c7\u00fcnk\u00fc bireyleri koruyan hukuk nosyonlar\u0131 ortadan kald\u0131r\u0131lm\u0131\u015f durumdad\u0131r. Birilerinin durmadan zenginle\u015ftirildi\u011fi, vatanda\u015flar\u0131n ise a\u00e7l\u0131ktan intihar etti\u011fi bir ortamda i\u00e7 bar\u0131\u015f sa\u011flanamaz. G\u00fc\u00e7l\u00fc olan\u0131n hep \u201chakl\u0131\u201d oldu\u011fu yerde birlik ve bar\u0131\u015f sa\u011flanamaz. Huzur ve g\u00fcvenlik adaleti tesis etmekle m\u00fcmk\u00fcnd\u00fcr. Adaleti ve yarg\u0131y\u0131 \u00f6ld\u00fcrerek cenaze namaz\u0131n\u0131 k\u0131lanlar adil bir T\u00fcrkiye kuramazlar. Ayr\u0131ca; hukuksuzluklar kar\u015f\u0131s\u0131nda sessiz kalmak, yap\u0131lan ve yap\u0131lmak istenen yanl\u0131\u015flara da ortak olmak demektir. \u00a0Her \u015feye ra\u011fmen, \u00fcmitsizli\u011fe kap\u0131lmadan demokrasiye, bar\u0131\u015fa, karde\u015fli\u011fe , Cumhuriyetimizin temel kazan\u0131mlar\u0131na , tam ba\u011f\u0131ms\u0131z yarg\u0131ya , insan haklar\u0131na , adalete ve hukukun \u00fcst\u00fcnl\u00fc\u011f\u00fcne sahip \u00e7\u0131kmaya devam edece\u011fiz.\u201d \u015feklinde konu\u015ftu.<\/p>\n","protected":false},"excerpt":{"rendered":"<p>Hukuk \u00fcst\u00fcnl\u00fc\u011f\u00fcnde T\u00fcrkiye 128 \u00fclke i\u00e7inde 107. S\u0131rada CHP Mersin Milletvekili ve TBMM Adalet Komisyonu \u00dcyesi Alpay Antmen, adli y\u0131l a\u00e7\u0131l\u0131\u015f\u0131 nedeniyle yaz\u0131l\u0131 bas\u0131n a\u00e7\u0131klamas\u0131 yapt\u0131. Antmen \u201cY\u00fcr\u00fctmenin ba\u015f\u0131 ve &hellip; <a href=\"https:\/\/akdenizolaygazetesi.com\/?p=8111\" class=\"more-link\">Devam\u0131n\u0131 Oku&#8230;<\/a><\/p>\n","protected":false},"author":1,"featured_media":0,"comment_status":"open","ping_status":"open","sticky":false,"template":"","format":"standard","meta":[],"categories":[],"tags":[],"_links":{"self":[{"href":"https:\/\/akdenizolaygazetesi.com\/index.php?rest_route=\/wp\/v2\/posts\/8111"}],"collection":[{"href":"https:\/\/akdenizolaygazetesi.com\/index.php?rest_route=\/wp\/v2\/posts"}],"about":[{"href":"https:\/\/akdenizolaygazetesi.com\/index.php?rest_route=\/wp\/v2\/types\/post"}],"author":[{"embeddable":true,"href":"https:\/\/akdenizolaygazetesi.com\/index.php?rest_route=\/wp\/v2\/users\/1"}],"replies":[{"embeddable":true,"href":"https:\/\/akdenizolaygazetesi.com\/index.php?rest_route=%2Fwp%2Fv2%2Fcomments&post=8111"}],"version-history":[{"count":0,"href":"https:\/\/akdenizolaygazetesi.com\/index.php?rest_route=\/wp\/v2\/posts\/8111\/revisions"}],"wp:attachment":[{"href":"https:\/\/akdenizolaygazetesi.com\/index.php?rest_route=%2Fwp%2Fv2%2Fmedia&parent=8111"}],"wp:term":[{"taxonomy":"category","embeddable":true,"href":"https:\/\/akdenizolaygazetesi.com\/index.php?rest_route=%2Fwp%2Fv2%2Fcategories&post=8111"},{"taxonomy":"post_tag","embeddable":true,"href":"https:\/\/akdenizolaygazetesi.com\/index.php?rest_route=%2Fwp%2Fv2%2Ftags&post=8111"}],"curies":[{"name":"wp","href":"https:\/\/api.w.org\/{rel}","templated":true}]}}