{"id":8113,"date":"2020-11-04T18:28:35","date_gmt":"2020-11-04T15:28:35","guid":{"rendered":"http:\/\/mersinekonomipolitikagazetesi.com\/?p=8113"},"modified":"2020-11-04T18:28:35","modified_gmt":"2020-11-04T15:28:35","slug":"toroslarin-lezzeti-yoreden-kafede-mersinlilerle-bulusuyor","status":"publish","type":"post","link":"https:\/\/akdenizolaygazetesi.com\/?p=8113","title":{"rendered":"Toroslar\u0131n lezzeti Y\u00f6reden Kafe&#8217;de Mersinlilerle bulu\u015fuyor"},"content":{"rendered":"<p><span style=\"line-height: 1.6em;\">\u00a0Mersin B\u00fcy\u00fck\u015fehir Belediyesince bir y\u0131l i\u00e7erisinde K\u00fclt\u00fcr Park\u2019a kazand\u0131r\u0131lan Limon Kafe, K\u0131r Kahvesi, Bizden Kafe ve Bakkal\u2019\u0131n ard\u0131ndan Toroslar&#8217;\u0131n lezzetini Akdeniz esintisiyle bulu\u015fturacak olan Y\u00f6reden Kafe&#8217;nin de hizmete a\u00e7\u0131ld\u0131\u011f\u0131 bildirildi.\u00a0<\/span><\/p>\n<p>B\u00fcy\u00fck\u015fehir Belediyesinden yap\u0131lan a\u00e7\u0131klamaya g\u00f6re, Y\u00f6reden Kafe\u2019de yer sofralar\u0131 ve ah\u015fap masalar ile sandalyeler yer al\u0131yor. Avizelerde ise kam\u0131\u015f sepetler kullan\u0131lm\u0131\u015f durumda. Saks\u0131larda biberiyeler masalar\u0131 s\u00fcsl\u00fcyor. Raflarda ise el yap\u0131m\u0131 sal\u00e7alar, re\u00e7eller ve zeytinler bulunuyor. El yap\u0131m\u0131 \u00fcr\u00fcnler hem yemeklere kat\u0131l\u0131yor hem de sat\u0131\u015fa sunuluyor. Mekan\u0131n i\u00e7erisindeki s\u0131kma sac\u0131n\u0131n ba\u015f\u0131nda bir \u2018s\u0131kmac\u0131 teyze\u2019 oturuyor.\u00a0<br \/>\nY\u00f6resel \u00fcr\u00fcnlerden olu\u015fan zengin men\u00fc\u00a0<br \/>\nMasalarda \u2018QR kod\u2019 yer al\u0131yor. Y\u00f6reden Kafe\u2019nin misafirleri telefonlar\u0131na bu kodu okutarak saniyeler i\u00e7erisinde zengin men\u00fcye ula\u015fabiliyor. Bu sistem, \u2018men\u00fc bekleme\u2019 sorununu ve temas\u0131 ortadan kald\u0131r\u0131yor. Men\u00fclerde kahvalt\u0131dan salatalara, i\u00e7eceklerden s\u0131cak yemeklere geni\u015f bir yiyecek-i\u00e7ecek se\u00e7ene\u011fi sunuluyor. Piyasada 1 ki\u015filik serpme kahvalt\u0131 ortalama 30-35 lira aral\u0131\u011f\u0131ndayken, Y\u00f6reden Kafe\u2019de 2 ki\u015filik serpme kahvalt\u0131 25 liradan sunuluyor. Men\u00fcde bazlama, yo\u011furtlu k\u0131zartma, i\u00e7li k\u00f6fte, zeytinya\u011fl\u0131 taba\u011f\u0131, y\u00fcks\u00fck \u00e7orbas\u0131, kiremitte k\u00f6fte, \u00e7\u00f6kertme kebab\u0131, ev yap\u0131m\u0131 \u015falgam ve tantuni gibi \u00e7ok say\u0131da \u00fcr\u00fcn yer al\u0131yor.\u00a0<br \/>\nKad\u0131nlar\u0131n eme\u011fi Y\u00f6reden Kafe\u2019de ekonomik de\u011fere d\u00f6n\u00fc\u015f\u00fcyor\u00a0<br \/>\nMersinden Kad\u0131n Kooperatifi b\u00fcnyesinde \u00fcretim yapan kad\u0131nlar\u0131n da \u00fcr\u00fcnleri Y\u00f6reden Kafe\u2019de sat\u0131\u015fa sunuluyor. Silifke il\u00e7esinin Baland\u0131z Mahallesi\u2019nde hasat edilen sar\u0131 bu\u011fdaylardan elde edilen bulgur, Silifke\u2019nin kokulu \u00e7ile\u011finden yap\u0131lan \u00e7ilek re\u00e7eli, Arslank\u00f6y\u2019\u00fcn domateslerinden \u00fcretilen domates sal\u00e7as\u0131 bu \u00fcr\u00fcnler aras\u0131nda bulunuyor. Bunlar\u0131n yan\u0131 s\u0131ra \u015feftali re\u00e7elinden vi\u015fne re\u00e7eline geleneksel bir\u00e7ok lezzet raflarda yerini al\u0131yor. B\u00f6ylece sat\u0131n al\u0131nan her \u00fcr\u00fcn kad\u0131nlar\u0131n b\u00fct\u00e7elerine katk\u0131 sunuyor.\u00a0<br \/>\n\u201cBu y\u00f6reye \u00f6zg\u00fc lezzetleri deniz kenar\u0131ndan yiyebilecekleri bir mekan olsun istedik\u201d\u00a0<br \/>\nMersin B\u00fcy\u00fck\u015fehir Belediyesi Et\u00fct ve Projeler Dairesi Ba\u015fkanl\u0131\u011f\u0131nda g\u00f6rev alan i\u00e7 mimar G\u00fclbin Uyan, Y\u00f6reden Kafe i\u00e7in d\u00fc\u015f\u00fcnd\u00fckleri konsepti anlatarak, \u201cMersinlilerin ve Mersin\u2019e gelenlerin bu y\u00f6reye \u00f6zg\u00fc lezzetleri deniz kenar\u0131nda yiyebilecekleri bir mekan olsun istedik. \u00c7\u00fcnk\u00fc s\u0131kma, f\u0131nd\u0131k lahmacun ve benzeri y\u00f6resel \u00fcr\u00fcnlerimizi yemek i\u00e7in ya yaylalara gitmemiz gerekiyor ya da deniz kenar\u0131ndan uzun bir yol kat etmeniz gerekiyor. Asl\u0131nda mekan\u0131n bu ihtiyaca cevap vermesini istedik\u201d dedi.\u00a0<br \/>\n\u201cHem \u015f\u0131k hem uygun fiyatl\u0131\u201d\u00a0<br \/>\nMekan\u0131n men\u00fcs\u00fcnde yer alan y\u00f6resel \u00fcr\u00fcnlere ve uygun fiyatlara da de\u011finen Uyan, \u201cBa\u015fkan\u0131m\u0131z Vahap Se\u00e7er\u2019in Adnan Menderes sahili \u015feridinde her b\u00fct\u00e7eye, her kesime hitap eden mekanlar yapma, b\u00f6ylece sahili toplumun her kesimine a\u00e7ma arzusunu bilerek bu fikirleri \u00fcretiyoruz. Y\u00f6reden Kafe ile Ba\u015fkan\u0131m\u0131z\u0131n da istedi\u011fi gibi hem \u015f\u0131k hem uygun fiyatl\u0131 hem de kad\u0131nlar\u0131m\u0131z\u0131n emeklerinin ekonomik de\u011fer kazand\u0131\u011f\u0131 bir mekan olu\u015fturulmu\u015f oldu\u201d diye konu\u015ftu.\u00a0<\/p>\n","protected":false},"excerpt":{"rendered":"<p>\u00a0Mersin B\u00fcy\u00fck\u015fehir Belediyesince bir y\u0131l i\u00e7erisinde K\u00fclt\u00fcr Park\u2019a kazand\u0131r\u0131lan Limon Kafe, K\u0131r Kahvesi, Bizden Kafe ve Bakkal\u2019\u0131n ard\u0131ndan Toroslar&#8217;\u0131n lezzetini Akdeniz esintisiyle bulu\u015fturacak olan Y\u00f6reden Kafe&#8217;nin de hizmete a\u00e7\u0131ld\u0131\u011f\u0131 bildirildi.\u00a0 &hellip; <a href=\"https:\/\/akdenizolaygazetesi.com\/?p=8113\" class=\"more-link\">Devam\u0131n\u0131 Oku&#8230;<\/a><\/p>\n","protected":false},"author":1,"featured_media":0,"comment_status":"open","ping_status":"open","sticky":false,"template":"","format":"standard","meta":[],"categories":[],"tags":[],"_links":{"self":[{"href":"https:\/\/akdenizolaygazetesi.com\/index.php?rest_route=\/wp\/v2\/posts\/8113"}],"collection":[{"href":"https:\/\/akdenizolaygazetesi.com\/index.php?rest_route=\/wp\/v2\/posts"}],"about":[{"href":"https:\/\/akdenizolaygazetesi.com\/index.php?rest_route=\/wp\/v2\/types\/post"}],"author":[{"embeddable":true,"href":"https:\/\/akdenizolaygazetesi.com\/index.php?rest_route=\/wp\/v2\/users\/1"}],"replies":[{"embeddable":true,"href":"https:\/\/akdenizolaygazetesi.com\/index.php?rest_route=%2Fwp%2Fv2%2Fcomments&post=8113"}],"version-history":[{"count":0,"href":"https:\/\/akdenizolaygazetesi.com\/index.php?rest_route=\/wp\/v2\/posts\/8113\/revisions"}],"wp:attachment":[{"href":"https:\/\/akdenizolaygazetesi.com\/index.php?rest_route=%2Fwp%2Fv2%2Fmedia&parent=8113"}],"wp:term":[{"taxonomy":"category","embeddable":true,"href":"https:\/\/akdenizolaygazetesi.com\/index.php?rest_route=%2Fwp%2Fv2%2Fcategories&post=8113"},{"taxonomy":"post_tag","embeddable":true,"href":"https:\/\/akdenizolaygazetesi.com\/index.php?rest_route=%2Fwp%2Fv2%2Ftags&post=8113"}],"curies":[{"name":"wp","href":"https:\/\/api.w.org\/{rel}","templated":true}]}}