{"id":8115,"date":"2020-11-04T18:28:35","date_gmt":"2020-11-04T15:28:35","guid":{"rendered":"http:\/\/mersinekonomipolitikagazetesi.com\/?p=8115"},"modified":"2020-11-04T18:28:35","modified_gmt":"2020-11-04T15:28:35","slug":"turkiyenin-ilk-milli-parkur-sporcusu-dunya-kupasinda-finale-kaldi","status":"publish","type":"post","link":"https:\/\/akdenizolaygazetesi.com\/?p=8115","title":{"rendered":"T\u00fcrkiye&#8217;nin ilk milli parkur sporcusu D\u00fcnya Kupas\u0131&#8217;nda finale kald\u0131"},"content":{"rendered":"<p>T\u00fcrkiye Cimnastik Federasyonu&#8217;nun 7. bran\u015f\u0131 olarak 2019\u2019un son aylar\u0131nda resmi bir spor dal\u0131 olan parkurun ilk milli sporcular\u0131, hen\u00fcz yolun ba\u015f\u0131nda olmalar\u0131na kar\u015f\u0131n b\u00fcy\u00fck bir ba\u015far\u0131ya imza att\u0131<\/p>\n<p><span style=\"line-height: 1.6em;\">\u00a0T\u00fcrkiye Cimnastik Federasyonu&#8217;nun 7. bran\u015f\u0131 olarak 2019\u2019un son aylar\u0131nda resmi bir spor dal\u0131 olan parkurun ilk milli sporcular\u0131, hen\u00fcz yolun ba\u015f\u0131nda olmalar\u0131na kar\u015f\u0131n b\u00fcy\u00fck bir ba\u015far\u0131ya imza att\u0131. Pandemi nedeniyle online d\u00fczenlenen D\u00fcnya Kupas\u0131 yar\u0131\u015fmas\u0131nda ilk 8\u2019e girerek finale kalan Sarp Eren Odaba\u015f, 14 Eyl\u00fcl\u2019de ger\u00e7ekle\u015fecek final yar\u0131\u015f\u0131nda madalya almak i\u00e7in Mersin\u2019de s\u0131k\u0131 bir \u00e7al\u0131\u015fma ger\u00e7ekle\u015ftiriyor.\u00a0<\/span><\/p>\n<p>D\u00fcnyada \u00f6zellikle gen\u00e7ler aras\u0131nda giderek yay\u0131lan ve \u00e7ok y\u00fcksek seyirci kitlesine ula\u015fan parkur sporu, art\u0131k T\u00fcrkiye\u2019de de resmi bir spor dal\u0131 oldu. Sokak sporu olarak bilinen parkurun T\u00fcrkiye\u2019deki ilk milli sporcular\u0131 da g\u00f6z\u00fcn\u00fc d\u00fcnya madalyalar\u0131na dikti. Mersin Cimnastik Salonu&#8217;nda 26 A\u011fustos&#8217;ta kampa giren iki milli sporcudan biri, pandemi nedeniyle online ger\u00e7ekle\u015ftirilen D\u00fcnya Kupas\u0131 yar\u0131\u015fmas\u0131nda hakem puan\u0131 ve halk oylamas\u0131yla ilk 8\u2019e girmeyi ba\u015fard\u0131. Mersin\u2019de s\u0131k\u0131 bir \u00e7al\u0131\u015fma i\u00e7ine giren 19 ya\u015f\u0131ndaki \u0130zmirli milli sporcu Sarp Eren Odaba\u015f, Cumhuriyet Meydan\u0131&#8217;ndaki Atat\u00fcrk An\u0131t\u0131 etraf\u0131n\u0131 parkur alan\u0131 se\u00e7en antren\u00f6rleri e\u015fli\u011finde en iyi final videosunu \u00e7ekmek i\u00e7in ter d\u00f6k\u00fcyor. Odaba\u015f\u2019a, di\u011fer milli sporcu 20 ya\u015f\u0131ndaki Salih \u015eahin ile T\u00fcrkiye Cimnastik Federasyonu Parkur Teknik Kurul Ba\u015fkan\u0131 Bahad\u0131r Altay ve T\u00fcrkiye Cimnastik Federasyonu Parkur Teknik Komitesi \u00dcyesi, parkur uluslararas\u0131 hakemi ve antren\u00f6r Hakan Akdo\u011fan e\u015flik ediyor.\u00a0<\/p>\n<p>\u201c\u0130lk defa bizim sporcumuz finale kald\u0131\u201d\u00a0<br \/>\nT\u00fcrkiye Cimnastik Federasyonu Parkur Teknik Kurul Ba\u015fkan\u0131 Bahad\u0131r Altay, antrenmanlar s\u0131ras\u0131nda gazetecilere yapt\u0131\u011f\u0131 a\u00e7\u0131klamada, \u201cT\u00fcrkiye Cimnastik Federasyonu&#8217;nun yeni, ilk millilik heyecan\u0131n\u0131 ya\u015fayan bran\u015flardan bir tanesi parkur. D\u00fcnya Kupas\u0131 online yar\u0131\u015fmas\u0131na haz\u0131rl\u0131k kamp\u0131nday\u0131z ve bu kamp da \u00e7ok verimli ge\u00e7iyor. \u0130lk defa bizim bir sporcumuz finale kald\u0131, ilk 8&#8217;in i\u00e7erisinde. 14 Eyl\u00fcl&#8217;de halk oylamas\u0131 ve Uluslararas\u0131 Cimnastik Federasyonu&#8217;nun belirledi\u011fi hakemlerle ilk \u00fc\u00e7 belirlenecek. Burada da ba\u015far\u0131l\u0131 olaca\u011f\u0131m\u0131za inan\u0131yoruz. \u015eu anda yar\u0131\u015fma i\u00e7in bir parkur haz\u0131rlad\u0131k. Mersin Cimnastik Salonu&#8217;nda sabahlar\u0131 antrenman yap\u0131yoruz. Burada da parkurun online \u00e7ekimini yap\u0131p Uluslararas\u0131 Cimnastik Federasyonu&#8217;na g\u00f6nderip yar\u0131\u015fmaya kat\u0131laca\u011f\u0131z\u201d dedi.\u00a0<\/p>\n<p>\u201c\u0130lk milli sporcular\u0131m\u0131z olarak tarihe ge\u00e7tiler\u201d\u00a0<br \/>\n7-8 Mart tarihlerinde \u0130stanbul&#8217;da bir test yar\u0131\u015fmas\u0131 yapt\u0131klar\u0131n\u0131 ve parkurda 77 sporcu toplad\u0131klar\u0131n\u0131 belirten Altay, \u201cDaha sonra pandemi s\u00fcreci ve D\u00fcnya Kupas\u0131 yar\u0131\u015fmas\u0131 oldu\u011fu i\u00e7in daha az sporcu kat\u0131ld\u0131 ama \u015fu anda iki sporcumuz T\u00fcrkiye&#8217;nin ilk parkur milli cimnastik\u00e7ileri olarak tarihe ge\u00e7ti. D\u00fcnyada \u00e7ok \u00f6nde gelen, izleyici oran\u0131 \u00e7ok y\u00fcksek olan sporlardan biri. T\u00fcrkiye&#8217;de de bizim bilmedi\u011fimiz belki sokaklarda yapan bir s\u00fcr\u00fc sporcumuz var. Onlar\u0131 T\u00fcrkiye Cimnastik Federasyonu b\u00fcnyesine al\u0131p, en iyi \u015fekilde de\u011ferlendirip, T\u00fcrkiye \u015fampiyonalar\u0131na ve uluslararas\u0131 yar\u0131\u015fmalara katmak istiyoruz\u201d diye konu\u015ftu.\u00a0<\/p>\n<p>\u201c\u00c7ok heyecanl\u0131y\u0131z\u201d\u00a0<br \/>\nT\u00fcrkiye Cimnastik Federasyonu Parkur Teknik Komitesi \u00dcyesi, parkur uluslararas\u0131 hakemi ve antren\u00f6r Hakan Akdo\u011fan da, \u201cMilli tak\u0131m kamp\u0131m\u0131z\u0131 ilk kez yap\u0131yoruz. Biz de heyecanl\u0131y\u0131z, sporcular\u0131m\u0131z da heyecanl\u0131. Ayn\u0131 zamanda D\u00fcnya Kupas\u0131&#8217;na kat\u0131ld\u0131k iki sporcuyla ve bunlardan biri de finale kald\u0131. Bu da bizi \u00e7ok sevindirdi. Federasyonumuz da bizlere desteklerini hi\u00e7 esirgemedi. Kamplar yap\u0131yoruz ve sporcular\u0131m\u0131z da geli\u015fiyor\u201d ifadelerini kulland\u0131.\u00a0<br \/>\nUluslararas\u0131 Cimnastik Federasyonu&#8217;nun parkur bran\u015f\u0131n\u0131 resmi bran\u015f yapmas\u0131n\u0131n nedeninin, bu sporu sokaktan salona \u00e7ekmek oldu\u011funu dile getiren Akdo\u011fan, \u201cBiz y\u0131llard\u0131r gen\u00e7leri sokaktan salona \u00e7ekmeye, k\u00f6t\u00fc al\u0131\u015fkanl\u0131klardan uzakla\u015ft\u0131rmaya \u00e7al\u0131\u015f\u0131yoruz ama salon sporlar\u0131na \u00e7ok fazla y\u00f6nlenmiyorlar. D\u0131\u015far\u0131daki ekstrem sporlar\u0131 daha \u00e7ok ho\u015flar\u0131na gidiyordu ve bunlardan en \u00e7ok ilgi g\u00f6reni de parkurdu. Daha \u00f6nceden \u2018\u00f6zg\u00fcr ko\u015fu\u2019 dedikleri, duvarlara t\u0131rmanarak, birka\u00e7 engelden atlayarak yap\u0131yorlard\u0131. \u015eimdi yava\u015f yava\u015f akrobasi hareketleri de kullan\u0131lmaya ba\u015flay\u0131nca parkur 2019\u2019un sonlar\u0131nda Cimnastik Federasyonu&#8217;nun 7. bran\u015f\u0131 oldu. Pandemi s\u00fcreci nedeniyle kamplar\u0131m\u0131z ve yar\u0131\u015fmalar\u0131m\u0131z biraz duraklad\u0131 ama sanal ortamda yar\u0131\u015fmam\u0131z\u0131 yapt\u0131k\u201d \u015feklinde konu\u015ftu.\u00a0<\/p>\n<p>\u201cT\u00fcm halk\u0131m\u0131zdan oylamada destek bekliyoruz\u201d\u00a0<br \/>\nD\u00fcnya Kupas\u0131 yar\u0131\u015fmas\u0131yla ilgili de bilgi veren Akdo\u011fan, \u201c\u0130lk eleme yar\u0131\u015fmas\u0131na erkeklerde 30\u2019un \u00fczerinde, k\u0131zlarla beraber 60\u2019tan fazla yar\u0131\u015fmac\u0131 kat\u0131ld\u0131. D\u00fc\u015f\u00fck seviye sporcu da y\u00fcksek seviye sporcu da vard\u0131. Bu yar\u0131\u015fmada \u00f6nemli noktalardan biri de internetten yap\u0131lan yar\u0131\u015fmada videolar halk oylamas\u0131ndan da de\u011ferlendirildi. Yar\u0131s\u0131 hakemlerin puan\u0131yd\u0131. Yar\u0131\u015fmada, sporcumuzun kendi \u00e7evresinden sporcu arkada\u015flar\u0131, \u2018bu yar\u0131\u015fmada pek bir \u015fey yapamazs\u0131n\u0131z, d\u00fcnyada \u00e7ok iyiler var\u2019 dediler ama biz \u00e7ok g\u00fcvendik ve ona g\u00f6re de kamplar\u0131m\u0131z\u0131 yapt\u0131k. Kamplar\u0131m\u0131z \u00e7ok ba\u015far\u0131l\u0131 oldu ve serileri de \u00e7ok g\u00fczel oldu. Bu seride zaten finale kalabildik. Finale kal\u0131nca Federasyon, b\u00fct\u00fcn sporcular, antren\u00f6rler, bizler art\u0131k \u2018finalde neden madalya olmas\u0131n\u2019 demeye ba\u015flad\u0131k. Ben di\u011fer sporcular\u0131 da izledim. Bizim sporcumuz \u00e7ok yak\u0131n onlara. Yapaca\u011f\u0131m\u0131z \u015fey, serimizi en \u00fcst seviyede ve en ideal \u015fekilde tutaca\u011f\u0131z, video \u00e7ekiyoruz ve bu videoyu en iyi \u015fekilde \u00e7ekip y\u00fcklemeye \u00e7al\u0131\u015faca\u011f\u0131z. Daha sonra da t\u00fcm T\u00fcrkiye\u2019den, t\u00fcm halk\u0131m\u0131zdan videoyu izleyip oy vermelerini isteyece\u011fiz. Bu \u015fekilde in\u015fallah ba\u015faraca\u011f\u0131z. e-fise.com\u2019da bu videolar yay\u0131nlan\u0131yor. Orada sporcumuzun videosu olacak. Bu videoyu izlediklerinde oylama k\u0131sm\u0131na y\u00f6nlendiriyor sistem. Federasyonumuz ve kendi sosyal medya hesaplar\u0131m\u0131zdan oylaman\u0131n nas\u0131l yap\u0131laca\u011f\u0131n\u0131 da duyuraca\u011f\u0131z. Oylama konusunda t\u00fcm halk\u0131m\u0131zdan destek bekliyoruz\u201d dedi.\u00a0<\/p>\n<p>Odaba\u015f: &#8220;Hedefim, bu sporu daha ileriye ta\u015f\u0131mak&#8221;\u00a0<br \/>\nYar\u0131\u015fmada finale kalan \u0130zmirli sporcu Sarp Eren Odaba\u015f ise duygular\u0131n\u0131 ve hedefini \u015f\u00f6yle anlatt\u0131:\u00a0<br \/>\n\u201cBu sporda ilk defa bir milli sporcu olarak yar\u0131\u015fmam \u00e7ok gurur verici bir \u015fey. D\u00fcnyada da ilk 8\u2019e girdim. \u015eimdi finaller i\u00e7in video \u00e7ekiyoruz. \u00c7ok mutluyum. Bu sporu internetten g\u00f6r\u00fcyordum. Sonra merak sard\u0131, sokaklarda ba\u015flad\u0131m. 4 y\u0131ld\u0131r sokaklarda yap\u0131yordum, \u015fimdi milli tak\u0131ma girme \u015fans\u0131m oldu. Hedefim, bu sporu daha ileriye ta\u015f\u0131mak. Zaten \u00e7evremizdeki bir\u00e7ok ki\u015fiyi yava\u015f yava\u015f ba\u015flat\u0131yoruz. Sosyalle\u015fmek, v\u00fccudumuzu sa\u011flam tutmak ad\u0131na \u00e7ok g\u00fczel bir spor. O y\u00fczden herkesi bu spora bekliyoruz. S\u0131k\u0131 \u00e7al\u0131\u015ft\u0131k antren\u00f6rlerimizle. G\u00fczel bir video \u00e7\u0131kart\u0131yoruz \u015fu an. Finalde in\u015fallah derece yapaca\u011f\u0131z.\u201d\u00a0<br \/>\nMilli sporcu \u0130stanbullu Salih \u015eahin de, \u201cHareketli bir \u00e7ocuktum. Daha \u00f6nce sokak sporlar\u0131 yapt\u0131m basketbol, futbol gibi. Daha sonra biraz daha adrenalin arad\u0131m, ekstrem sporlara y\u00f6neldim. Cimnastik vard\u0131 ama biraz daha \u00f6zg\u00fcr bir spor yapmak istedi\u011fim i\u00e7in ara\u015ft\u0131rd\u0131m bu sporu ve sokakta kendimi 4 y\u0131ld\u0131r bu sporda geli\u015ftiriyorum. Hedefim, T\u00fcrkiye\u2019yi uluslar aras\u0131 yar\u0131\u015fmalarda temsil etmek. Zaten resmi bir spor oldu, umar\u0131m 2024\u2019te olimpiyatlara da \u00e7\u0131kacak. Olimpiyatta \u00fclkemizi bu sporda ba\u015far\u0131l\u0131 bir sporcu olarak temsil etmeyi istiyorum ve umar\u0131m bu da olacak. \u00c7\u00fcnk\u00fc ger\u00e7ekten \u00e7ok s\u0131k\u0131 \u00e7al\u0131\u015f\u0131yoruz\u201d diye konu\u015ftu.\u00a0<br \/>\n\u00a0<\/p>\n","protected":false},"excerpt":{"rendered":"<p>T\u00fcrkiye Cimnastik Federasyonu&#8217;nun 7. bran\u015f\u0131 olarak 2019\u2019un son aylar\u0131nda resmi bir spor dal\u0131 olan parkurun ilk milli sporcular\u0131, hen\u00fcz yolun ba\u015f\u0131nda olmalar\u0131na kar\u015f\u0131n b\u00fcy\u00fck bir ba\u015far\u0131ya imza att\u0131 \u00a0T\u00fcrkiye Cimnastik &hellip; <a href=\"https:\/\/akdenizolaygazetesi.com\/?p=8115\" class=\"more-link\">Devam\u0131n\u0131 Oku&#8230;<\/a><\/p>\n","protected":false},"author":1,"featured_media":0,"comment_status":"open","ping_status":"open","sticky":false,"template":"","format":"standard","meta":[],"categories":[],"tags":[],"_links":{"self":[{"href":"https:\/\/akdenizolaygazetesi.com\/index.php?rest_route=\/wp\/v2\/posts\/8115"}],"collection":[{"href":"https:\/\/akdenizolaygazetesi.com\/index.php?rest_route=\/wp\/v2\/posts"}],"about":[{"href":"https:\/\/akdenizolaygazetesi.com\/index.php?rest_route=\/wp\/v2\/types\/post"}],"author":[{"embeddable":true,"href":"https:\/\/akdenizolaygazetesi.com\/index.php?rest_route=\/wp\/v2\/users\/1"}],"replies":[{"embeddable":true,"href":"https:\/\/akdenizolaygazetesi.com\/index.php?rest_route=%2Fwp%2Fv2%2Fcomments&post=8115"}],"version-history":[{"count":0,"href":"https:\/\/akdenizolaygazetesi.com\/index.php?rest_route=\/wp\/v2\/posts\/8115\/revisions"}],"wp:attachment":[{"href":"https:\/\/akdenizolaygazetesi.com\/index.php?rest_route=%2Fwp%2Fv2%2Fmedia&parent=8115"}],"wp:term":[{"taxonomy":"category","embeddable":true,"href":"https:\/\/akdenizolaygazetesi.com\/index.php?rest_route=%2Fwp%2Fv2%2Fcategories&post=8115"},{"taxonomy":"post_tag","embeddable":true,"href":"https:\/\/akdenizolaygazetesi.com\/index.php?rest_route=%2Fwp%2Fv2%2Ftags&post=8115"}],"curies":[{"name":"wp","href":"https:\/\/api.w.org\/{rel}","templated":true}]}}