{"id":8116,"date":"2020-11-04T18:28:35","date_gmt":"2020-11-04T15:28:35","guid":{"rendered":"http:\/\/mersinekonomipolitikagazetesi.com\/?p=8116"},"modified":"2020-11-04T18:28:35","modified_gmt":"2020-11-04T15:28:35","slug":"sicaklar-tavan-yapti-tatilciler-kucaginda-buzla-denize-girdi","status":"publish","type":"post","link":"https:\/\/akdenizolaygazetesi.com\/?p=8116","title":{"rendered":"S\u0131caklar tavan yapt\u0131 tatilciler kuca\u011f\u0131nda buzla denize girdi"},"content":{"rendered":"<p><span style=\"line-height: 1.6em;\">Mersin\u2019in Silifke il\u00e7esinde, Eyl\u00fcl ay\u0131nda yazdan kalma g\u00fcne\u015fli havay\u0131 g\u00f6ren tatilciler sahillere ak\u0131n etti. Atakent Mahallesi Yaprakl\u0131 koy plaj\u0131nda g\u00fcn boyu Eyl\u00fcl g\u00fcne\u015finin keyfini \u00e7\u0131kartan tatilciler renkli g\u00f6r\u00fcnt\u00fcler ortaya \u00e7\u0131kard\u0131. Plajda i\u015fletme sahipleri turistleri buz kal\u0131plar\u0131yla serinletti.\u00a0<\/span><\/p>\n<p>Caddelere konumland\u0131r\u0131lm\u0131\u015f elektronik termometrelerin 40 ile 45 derece g\u00f6sterdi\u011fi Atakent\u2019te, plaj ve sokaklarda farkl\u0131 g\u00f6r\u00fcnt\u00fcler ortaya \u00e7\u0131kt\u0131. \u015eezlonglar da, baz\u0131 tatilciler bronzla\u015fmaya \u00e7al\u0131\u015f\u0131rken kimileri kitap okuyarak dinlenmeyi tercih etti. Ebeveynler, denizde g\u00fcn boyu \u00e7ocuklar\u0131yla oyunlar oynad\u0131. Yaprakl\u0131 Koy Blue Beach Monte\u2019nin yeri i\u015fletme sahibi Mesut \u00d6zt\u00fcrk, s\u0131caklar\u0131n tavan yapmas\u0131 ile birlikte tatilcileri serinletme ad\u0131na, buz kal\u0131plar\u0131n\u0131 denize atarak tatilcilerin serin bir ortamda denize girmelerini sa\u011flad\u0131.\u00a0<br \/>\n\u0130\u015fletmeye gelen tatilcilere \u00f6ncelikle kap\u0131da buz da\u011f\u0131tt\u0131klar\u0131n\u0131 belirten Mesut \u00d6zt\u00fcrk, &#8220;2020 y\u0131l\u0131n\u0131n en s\u0131cak g\u00fcnlerini ya\u015f\u0131yoruz. Hava s\u0131cakl\u0131klar\u0131 40 ila 45 dereceye \u00e7\u0131kt\u0131. Bizde buna bir \u00e7are bulmak istedik. M\u00fc\u015fterilerimize buz kal\u0131plar\u0131 verdik. M\u00fc\u015fterilerimiz hem \u015fezlong alan\u0131nda hem de denizde buz kal\u0131plar\u0131 ile serinliyorlar\u201d dedi.\u00a0<br \/>\nTatilciler ise, &#8220;\u00c7ok g\u00fczel bir etkinlik yapm\u0131\u015flar. Buzlu serinlik diyebiliriz. Bize buz vererek bizim i\u00e7in denizde e\u011flenceli bir ortam olu\u015fturmu\u015flar. Korona vir\u00fcs nedeniyle giri\u015fte ve i\u015fletmede g\u00fczel \u00f6nlemler al\u0131nm\u0131\u015f. Bizde rahatl\u0131kla tatilimizi yap\u0131yoruz\u201d dedi.\u00a0<\/p>\n","protected":false},"excerpt":{"rendered":"<p>Mersin\u2019in Silifke il\u00e7esinde, Eyl\u00fcl ay\u0131nda yazdan kalma g\u00fcne\u015fli havay\u0131 g\u00f6ren tatilciler sahillere ak\u0131n etti. Atakent Mahallesi Yaprakl\u0131 koy plaj\u0131nda g\u00fcn boyu Eyl\u00fcl g\u00fcne\u015finin keyfini \u00e7\u0131kartan tatilciler renkli g\u00f6r\u00fcnt\u00fcler ortaya \u00e7\u0131kard\u0131. &hellip; <a href=\"https:\/\/akdenizolaygazetesi.com\/?p=8116\" class=\"more-link\">Devam\u0131n\u0131 Oku&#8230;<\/a><\/p>\n","protected":false},"author":1,"featured_media":0,"comment_status":"open","ping_status":"open","sticky":false,"template":"","format":"standard","meta":[],"categories":[],"tags":[],"_links":{"self":[{"href":"https:\/\/akdenizolaygazetesi.com\/index.php?rest_route=\/wp\/v2\/posts\/8116"}],"collection":[{"href":"https:\/\/akdenizolaygazetesi.com\/index.php?rest_route=\/wp\/v2\/posts"}],"about":[{"href":"https:\/\/akdenizolaygazetesi.com\/index.php?rest_route=\/wp\/v2\/types\/post"}],"author":[{"embeddable":true,"href":"https:\/\/akdenizolaygazetesi.com\/index.php?rest_route=\/wp\/v2\/users\/1"}],"replies":[{"embeddable":true,"href":"https:\/\/akdenizolaygazetesi.com\/index.php?rest_route=%2Fwp%2Fv2%2Fcomments&post=8116"}],"version-history":[{"count":0,"href":"https:\/\/akdenizolaygazetesi.com\/index.php?rest_route=\/wp\/v2\/posts\/8116\/revisions"}],"wp:attachment":[{"href":"https:\/\/akdenizolaygazetesi.com\/index.php?rest_route=%2Fwp%2Fv2%2Fmedia&parent=8116"}],"wp:term":[{"taxonomy":"category","embeddable":true,"href":"https:\/\/akdenizolaygazetesi.com\/index.php?rest_route=%2Fwp%2Fv2%2Fcategories&post=8116"},{"taxonomy":"post_tag","embeddable":true,"href":"https:\/\/akdenizolaygazetesi.com\/index.php?rest_route=%2Fwp%2Fv2%2Ftags&post=8116"}],"curies":[{"name":"wp","href":"https:\/\/api.w.org\/{rel}","templated":true}]}}