{"id":8117,"date":"2020-11-04T18:28:35","date_gmt":"2020-11-04T15:28:35","guid":{"rendered":"http:\/\/mersinekonomipolitikagazetesi.com\/?p=8117"},"modified":"2020-11-04T18:28:35","modified_gmt":"2020-11-04T15:28:35","slug":"toroslara-genclik-merkezi-yapilacak","status":"publish","type":"post","link":"https:\/\/akdenizolaygazetesi.com\/?p=8117","title":{"rendered":"Toroslar&#8217;a gen\u00e7lik merkezi yap\u0131lacak"},"content":{"rendered":"<p>Toroslar Belediyesince gen\u00e7lerin e\u011fitim, k\u00fclt\u00fcr, sanat ve spor faaliyetlerine cevap verecek tam donan\u0131ml\u0131 yeni bir gen\u00e7lik merkezi ve spor tesisinin hayata ge\u00e7irilece\u011fi bildirildi.<br \/>\n\u00a0<br \/>\nBelediyeden yap\u0131lan a\u00e7\u0131klamaya g\u00f6re, il\u00e7e s\u0131n\u0131rlar\u0131 i\u00e7erisindeki ta\u015f\u0131nmazlar\u0131n Gen\u00e7lik Merkezi ve Spor Tesisi yap\u0131lmas\u0131 amac\u0131yla Genel M\u00fcd\u00fcrl\u00fck ad\u0131na Mersin Gen\u00e7lik ve Spor \u0130l M\u00fcd\u00fcrl\u00fc\u011f\u00fcne tahsisi konusu Eyl\u00fcl Ay\u0131 Belediye Meclisinde g\u00f6r\u00fc\u015f\u00fclerek, oy birli\u011fiyle kabul edildi. Mecliste konuyla ilgili a\u00e7\u0131klama yapan Toroslar Belediye Ba\u015fkan\u0131 Ats\u0131z Af\u015f\u0131n Y\u0131lmaz, Gen\u00e7lik ve Spor Bakanl\u0131\u011f\u0131&#8217;n\u0131n \u00fclke genelindeki illerde hayata ge\u00e7irdi\u011fi Gen\u00e7lik Merkezi ve Spor Tesisi Projesini Toroslar&#8217;da yapmak istediklerini belirterek, desteklerinden \u00f6t\u00fcr\u00fc Gen\u00e7lik ve Spor \u0130l M\u00fcd\u00fcrl\u00fc\u011f\u00fc&#8217;ne te\u015fekk\u00fcr etti.\u00a0<\/p>\n<p>Toroslar Belediyesi olarak spor alan\u0131ndaki yat\u0131r\u0131mlar\u0131n\u0131n h\u0131z kesmeden devam edece\u011fini belirten Y\u0131lmaz, &#8220;H\u0131zla geli\u015fen teknoloji ile art\u0131k \u00e7ocuklar\u0131m\u0131z ve gen\u00e7lerimiz, internete ba\u011f\u0131ml\u0131 hale gelmek \u00fczere. Gen\u00e7lerimizin k\u00fclt\u00fcrel geli\u015fimine katk\u0131da bulunacak ve spor yapmalar\u0131n\u0131 sa\u011flayacak tesisler olu\u015fturmaya \u00f6nem veriyor ve bu konuda yeni ad\u0131mlar at\u0131yoruz. Amac\u0131m\u0131z, gelece\u011fimiz olan gen\u00e7lerimizi her alanda donan\u0131ml\u0131, milli ve manevi de\u011ferlerine ba\u011fl\u0131, Cumhuriyete, Atat\u00fcrk ilke ve ink\u0131laplar\u0131na sahip \u00e7\u0131kan bireyler olarak yeti\u015ftirmektir. \u0130n\u015fallah bu yeni projeyi de en k\u0131sa zamanda hayata ge\u00e7irmeyi planl\u0131yoruz&#8221; dedi.\u00a0<br \/>\nEyl\u00fcl Ay\u0131 Meclis Toplant\u0131s\u0131nda, &#8216;Toroslar III. Etap 1\/1000 \u00d6l\u00e7ekli Revizyon Uygulama \u0130mar Plan\u0131&#8217;na ili\u015fkin Plan ve B\u00fct\u00e7e, \u0130mar ve Bay\u0131nd\u0131rl\u0131k, \u00c7evre ve Sa\u011fl\u0131k, Gen\u00e7lik ve Spor, E\u011fitim, K\u00fclt\u00fcr, Sanat ve Sosyal \u0130\u015fler, Tar\u0131m, Orman ve Hayvanc\u0131l\u0131k \u0130\u015fleri ile Kad\u0131n-Erkek E\u015fitli\u011fi Komisyonlar\u0131n\u0131n ortak raporu da g\u00f6r\u00fc\u015f\u00fclerek oy birli\u011fiyle kabul edildi. Ekim ay\u0131nda yap\u0131lacak meclis toplant\u0131 g\u00fcn\u00fc ise 1 Ekim 2020 Per\u015fembe g\u00fcn\u00fc saat 14.00 olarak belirlendi.\u00a0<br \/>\nBa\u015fkan Y\u0131lmaz, ge\u00e7ti\u011fimiz haftalarda Hakkari \u015eemdinli&#8217;de tatbikat esnas\u0131nda \u015fehit olan S\u00f6zle\u015fmeli Er Yusuf Y\u0131ld\u0131r\u0131m&#8217;a ve A\u011fr\u0131 Do\u011fubeyaz\u0131t&#8217;ta \u00e7\u0131kan \u00e7at\u0131\u015fmada \u015fehit d\u00fc\u015fen Piyade Uzman \u00c7avu\u015f \u0130dris \u015eahin&#8217;e Allah&#8217;tan rahmet, ailelerine ve y\u00fcce T\u00fcrk milletine ba\u015fsa\u011fl\u0131\u011f\u0131 dile\u011finde de bulundu. \u00a0<\/p>\n","protected":false},"excerpt":{"rendered":"<p>Toroslar Belediyesince gen\u00e7lerin e\u011fitim, k\u00fclt\u00fcr, sanat ve spor faaliyetlerine cevap verecek tam donan\u0131ml\u0131 yeni bir gen\u00e7lik merkezi ve spor tesisinin hayata ge\u00e7irilece\u011fi bildirildi. \u00a0 Belediyeden yap\u0131lan a\u00e7\u0131klamaya g\u00f6re, il\u00e7e s\u0131n\u0131rlar\u0131 &hellip; <a href=\"https:\/\/akdenizolaygazetesi.com\/?p=8117\" class=\"more-link\">Devam\u0131n\u0131 Oku&#8230;<\/a><\/p>\n","protected":false},"author":1,"featured_media":0,"comment_status":"open","ping_status":"open","sticky":false,"template":"","format":"standard","meta":[],"categories":[],"tags":[],"_links":{"self":[{"href":"https:\/\/akdenizolaygazetesi.com\/index.php?rest_route=\/wp\/v2\/posts\/8117"}],"collection":[{"href":"https:\/\/akdenizolaygazetesi.com\/index.php?rest_route=\/wp\/v2\/posts"}],"about":[{"href":"https:\/\/akdenizolaygazetesi.com\/index.php?rest_route=\/wp\/v2\/types\/post"}],"author":[{"embeddable":true,"href":"https:\/\/akdenizolaygazetesi.com\/index.php?rest_route=\/wp\/v2\/users\/1"}],"replies":[{"embeddable":true,"href":"https:\/\/akdenizolaygazetesi.com\/index.php?rest_route=%2Fwp%2Fv2%2Fcomments&post=8117"}],"version-history":[{"count":0,"href":"https:\/\/akdenizolaygazetesi.com\/index.php?rest_route=\/wp\/v2\/posts\/8117\/revisions"}],"wp:attachment":[{"href":"https:\/\/akdenizolaygazetesi.com\/index.php?rest_route=%2Fwp%2Fv2%2Fmedia&parent=8117"}],"wp:term":[{"taxonomy":"category","embeddable":true,"href":"https:\/\/akdenizolaygazetesi.com\/index.php?rest_route=%2Fwp%2Fv2%2Fcategories&post=8117"},{"taxonomy":"post_tag","embeddable":true,"href":"https:\/\/akdenizolaygazetesi.com\/index.php?rest_route=%2Fwp%2Fv2%2Ftags&post=8117"}],"curies":[{"name":"wp","href":"https:\/\/api.w.org\/{rel}","templated":true}]}}