{"id":8120,"date":"2020-11-04T18:28:35","date_gmt":"2020-11-04T15:28:35","guid":{"rendered":"http:\/\/mersinekonomipolitikagazetesi.com\/?p=8120"},"modified":"2020-11-04T18:28:35","modified_gmt":"2020-11-04T15:28:35","slug":"narin-bys-dis-ticaret-anonim-sirketi-konkordato-istedi","status":"publish","type":"post","link":"https:\/\/akdenizolaygazetesi.com\/?p=8120","title":{"rendered":"Narin BYS D\u0131\u015f Ticaret Anonim \u015eirketi Konkordato \u0130stedi!"},"content":{"rendered":"<p>\u00dclke d\u0131\u015f ticaretinin \u00f6nemli simgelerinden olan Narin BYS D\u0131\u015f Ticaret Anonim \u015eirketi konkordato istedi. 67 \u00fclke ile ithalat ve ihracat ba\u011f\u0131 bulunan \u015firketin konkordato ilan\u0131 kamuoyunda \u015fa\u015fk\u0131nl\u0131\u011fa neden oldu.<br \/>\n\u00a0\u00a0<br \/>\nAkdeniz \u0130hracat\u00e7\u0131lar Birli\u011fi\u2019nin hayata ge\u00e7irilmesinde \u00f6nc\u00fcl\u00fck eden Mehmet Narin\u2019in o\u011fullar\u0131 ile birlikte kurdu\u011fu ve g\u0131da, tar\u0131m \u00fcr\u00fcnleri, in\u015faat malzemeleri ve kimyevi \u00fcr\u00fcn ihracat\u0131nda b\u00fcy\u00fck ba\u015far\u0131lara imza atm\u0131\u015f olan Narin BYS D\u0131\u015f Ticaret Anonim \u015eirketi konkordato istedi.<br \/>\n\u00a0\u00a0<br \/>\nKonkordato istemiyle a\u00e7\u0131klanan belgede, \u201cMehmet Narin, Engin Tan Narin, Rasim Mahmut Narin Konkordato komiserlerinden alacakl\u0131lar toplant\u0131s\u0131na davet. Mersin 1. Asliye Ticaret Mahkemesi Ba\u015fkanl\u0131\u011f\u0131, Konkordato talep eden ve haklar\u0131nda 03.03.2019 tarihinde bir y\u0131ll\u0131k kesin m\u00fchlet karar\u0131 verilen Narin Bys D\u0131\u015f Ticaret Anonim \u015eirketi, Mehmet Narin, Engin Tan Narin ve Rasim Mahmut Narin\u2019den alacakl\u0131 olanlar\u0131n 25.09.2020 tarihinde Yeni Mah. \u0130smet \u0130n\u00f6n\u00fc Blv. Prestij Plaza Kat: 20, Daire: 39-40 Akdeniz\/Mersin adresinde yap\u0131lacak olan alacakl\u0131lar toplant\u0131s\u0131na kat\u0131lmalar\u0131 veya toplant\u0131 bitimini takip eden 7 g\u00fcn i\u00e7inde 02.10.2020 tarihine kadar konkordato projesine kabul veya ret oyu verebi- lecekleri; aksi halde projeyi reddetmi\u015f say\u0131lacaklar\u0131; alacakl\u0131lar\u0131n konkorda- toya ili\u015fkin belgeleri de toplant\u0131dan \u00f6nce 17.09.2020 \u2013 24.09.2020 tarihleri aral\u0131\u011f\u0131nda ilgili adreste inceleyebilecekleri hususu; \u0130cra ve \u0130fl\u00e2s Kanunu\u2019nun 301 ve 302\u2019nci maddeleri uyar\u0131nca ihtar ve ilan olunur.\u2019\u2019 denildi.<\/p>\n","protected":false},"excerpt":{"rendered":"<p>\u00dclke d\u0131\u015f ticaretinin \u00f6nemli simgelerinden olan Narin BYS D\u0131\u015f Ticaret Anonim \u015eirketi konkordato istedi. 67 \u00fclke ile ithalat ve ihracat ba\u011f\u0131 bulunan \u015firketin konkordato ilan\u0131 kamuoyunda \u015fa\u015fk\u0131nl\u0131\u011fa neden oldu. \u00a0\u00a0 &hellip; <a href=\"https:\/\/akdenizolaygazetesi.com\/?p=8120\" class=\"more-link\">Devam\u0131n\u0131 Oku&#8230;<\/a><\/p>\n","protected":false},"author":1,"featured_media":0,"comment_status":"open","ping_status":"open","sticky":false,"template":"","format":"standard","meta":[],"categories":[],"tags":[],"_links":{"self":[{"href":"https:\/\/akdenizolaygazetesi.com\/index.php?rest_route=\/wp\/v2\/posts\/8120"}],"collection":[{"href":"https:\/\/akdenizolaygazetesi.com\/index.php?rest_route=\/wp\/v2\/posts"}],"about":[{"href":"https:\/\/akdenizolaygazetesi.com\/index.php?rest_route=\/wp\/v2\/types\/post"}],"author":[{"embeddable":true,"href":"https:\/\/akdenizolaygazetesi.com\/index.php?rest_route=\/wp\/v2\/users\/1"}],"replies":[{"embeddable":true,"href":"https:\/\/akdenizolaygazetesi.com\/index.php?rest_route=%2Fwp%2Fv2%2Fcomments&post=8120"}],"version-history":[{"count":0,"href":"https:\/\/akdenizolaygazetesi.com\/index.php?rest_route=\/wp\/v2\/posts\/8120\/revisions"}],"wp:attachment":[{"href":"https:\/\/akdenizolaygazetesi.com\/index.php?rest_route=%2Fwp%2Fv2%2Fmedia&parent=8120"}],"wp:term":[{"taxonomy":"category","embeddable":true,"href":"https:\/\/akdenizolaygazetesi.com\/index.php?rest_route=%2Fwp%2Fv2%2Fcategories&post=8120"},{"taxonomy":"post_tag","embeddable":true,"href":"https:\/\/akdenizolaygazetesi.com\/index.php?rest_route=%2Fwp%2Fv2%2Ftags&post=8120"}],"curies":[{"name":"wp","href":"https:\/\/api.w.org\/{rel}","templated":true}]}}