{"id":8122,"date":"2020-11-04T18:28:35","date_gmt":"2020-11-04T15:28:35","guid":{"rendered":"http:\/\/mersinekonomipolitikagazetesi.com\/?p=8122"},"modified":"2020-11-04T18:28:35","modified_gmt":"2020-11-04T15:28:35","slug":"akdenizin-parlayan-yildizlari-icin-isbirligi-projesi","status":"publish","type":"post","link":"https:\/\/akdenizolaygazetesi.com\/?p=8122","title":{"rendered":"Akdeniz&#8217;in parlayan y\u0131ld\u0131zlar\u0131 i\u00e7in i\u015fbirli\u011fi projesi"},"content":{"rendered":"<p>Mersin \u00dcniversitesi ile Akdeniz Belediyesi ve Akdeniz \u0130l\u00e7e Milli E\u011fitim M\u00fcd\u00fcrl\u00fc\u011f\u00fc i\u015fbirli\u011fiyle, &#8216;Akdeniz\u2019in parlayan y\u0131ld\u0131zlar\u0131&#8217; olarak tespit edilen bilim ve sanat merkezinde \u00f6\u011frenim g\u00f6ren \u00fcst\u00fcn yetenekli 30 \u00f6\u011frenciye, temel bilim dallar\u0131nda akademik d\u00fczeyde e\u011fitim verilecek.\u00a0<br \/>\nME\u00dc S\u00fcrekli E\u011fitim Uygulama ve Ara\u015ft\u0131rma Merkezi ve Akdeniz Belediyesi Kad\u0131n ve Aile Hizmetleri M\u00fcd\u00fcrl\u00fc\u011f\u00fc koordinasyonunda, \u00fcniversite personeli taraf\u0131ndan verilecek olan ve ebeveynlere y\u00f6nelik aile e\u011fitimini de kapsayan projeyle ilgili protokol imzaland\u0131. ME\u00dc Senato Odas\u0131 Toplant\u0131 Salonunda ger\u00e7ekle\u015ftirilen protokol imza t\u00f6renine, Rekt\u00f6r Prof. Dr. Ahmet \u00c7amsar\u0131, Akdeniz Belediye Ba\u015fkan\u0131 Mustafa Muhammet G\u00fcltak, \u0130l\u00e7e Milli E\u011fitim M\u00fcd\u00fcr\u00fc Adem \u015eim\u015fek, Mersin \u00dcniversitesi S\u00fcrekli E\u011fitim Uygulama ve Ara\u015ft\u0131rma Merkezi M\u00fcd\u00fcr\u00fc Do\u00e7. Dr. Esma Dumanl\u0131 Kad\u0131zade ve Akdeniz Belediyesi Kad\u0131n ve Aile Hizmetleri M\u00fcd\u00fcr\u00fc Ali Turna kat\u0131ld\u0131.\u00a0<br \/>\nME\u00dc Rekt\u00f6r\u00fc \u00c7amsar\u0131, Akdeniz Belediyesi, Mersin \u0130l Milli E\u011fitim M\u00fcd\u00fcrl\u00fc\u011f\u00fc ve Akdeniz \u0130l\u00e7e Milli E\u011fitim M\u00fcd\u00fcrl\u00fc\u011f\u00fc ile ger\u00e7ekle\u015ftirilen projenin \u00f6nemine vurgu yapt\u0131. T\u00fcrkiye \u00e7ap\u0131nda \u00f6rnek olabilecek bir projeye imza att\u0131klar\u0131n\u0131 belirten \u00c7amsar\u0131, \u00fcst\u00fcn yetenekli \u00e7ocuklar\u0131n devlet deste\u011fiyle geli\u015fmesinin ve y\u00fckselmesinin \u00e7ocuklar\u0131n devlete olan ba\u011fl\u0131l\u0131\u011f\u0131n\u0131 ve sevgisini art\u0131raca\u011f\u0131n\u0131 s\u00f6yledi. Kendisinin de devlet bursuyla yat\u0131l\u0131 okudu\u011funu kaydeden \u00c7amsar\u0131, \u201cBunlar bizlerin sadakatini, sevgisini, \u00fclkemize ba\u011fl\u0131l\u0131\u011f\u0131n\u0131 da artt\u0131ran \u015feyler. Toplumun en \u00fcst\u00fcn yetenekli, zeki \u00e7ocuklar\u0131n\u0131n vatana, millete, devlete kazand\u0131r\u0131lmas\u0131 y\u00f6n\u00fcnde ciddi bir \u00f6nemi bulunan bu t\u00fcr projeler in\u015fallah yayg\u0131nla\u015f\u0131r&#8221; dedi.\u00a0<br \/>\nAkdeniz Belediyesi ise sosyal projeler a\u011f\u0131rl\u0131kl\u0131 olmak \u00fczere daha \u00f6nce de farkl\u0131 projelerle defalarca bir araya geldiklerini kaydeden \u00c7amsar\u0131, \u201cBelediyemiz zaten \u00e7ok aktif, b\u00f6lgesine \u00e7ok iz b\u0131rakacak hizmetler yap\u0131yor. Bu hizmetleri al\u0131rken bizlerle beraber \u00e7al\u0131\u015fmas\u0131, bizim akademisyenlerimizden destek almas\u0131 bizim i\u00e7in ayr\u0131ca \u00f6nemli. Kentin refah\u0131 ve halk\u0131n mutlulu\u011funda yerel y\u00f6netimler \u00f6nemli rol \u00fcstleniyor. Bundan sonraki s\u00fcre\u00e7te de sadece Mersin geneline de\u011fil, Akdeniz b\u00f6lgesine de elimizden geldi\u011fince akademik anlamda destek olaca\u011f\u0131z&#8221; diye konu\u015ftu.\u00a0<\/p>\n<p>G\u00fcltak: &#8220;\u00dcniversitemizle koordineli bir \u00e7al\u0131\u015fma i\u00e7indeyiz\u201d<br \/>\n\u00a0<br \/>\nAkdeniz Belediye Ba\u015fkan\u0131 Mustafa Muhammet G\u00fcltak ise g\u00f6reve geldikleri g\u00fcnden itibaren \u00fcniversiteyle koordineli bir \u00e7al\u0131\u015fma i\u00e7inde olduklar\u0131n\u0131 kaydetti. G\u00fcltak, eski t\u0131p fak\u00fcltesi binas\u0131n\u0131n d\u00fczenlemesi gibi bir\u00e7ok sosyal ve fiziki projede \u00fcniversiteyle i\u015fbirli\u011fi i\u00e7inde yapt\u0131klar\u0131n\u0131 ve \u00fcniversitenin \u00f6\u011fretim \u00fcyelerinin g\u00f6r\u00fc\u015flerini ald\u0131klar\u0131n\u0131 vurgulad\u0131. T\u00fcrkiye\u2019deki en yetenekli \u00f6\u011frencilerinin Akdeniz il\u00e7esindeki tespitlerinin bakanl\u0131k ve \u0130l\u00e7e Milli M\u00fcd\u00fcrl\u00fc\u011f\u00fc taraf\u0131ndan yap\u0131ld\u0131\u011f\u0131n\u0131, il\u00e7edeki 30 \u00fcst\u00fcn yetenekli \u00f6\u011frenciye \u00e7al\u0131\u015fma masas\u0131, k\u00fct\u00fcphane, tablet, burs gibi yard\u0131mlar sa\u011fland\u0131\u011f\u0131n\u0131 belirten G\u00fcltak, \u201cBu \u00f6\u011frencilerimizin mutlaka \u00fcniversite aya\u011f\u0131n\u0131 da sa\u011flayaca\u011f\u0131z. Ailelerini ve \u00f6\u011frencileri buraya getirece\u011fiz. Aralar\u0131nda 10-11 ya\u015flar\u0131nda olan \u00e7ocuklar\u0131m\u0131z var. \u015eimdiden \u00fcniversiteyi g\u00f6recekler. \u00dcniversitenin nas\u0131l bir yer oldu\u011funu anlayacaklar&#8221; ifadelerini kulland\u0131.\u00a0<br \/>\nG\u00fcltak, Mersin \u00dcniversitesi ile y\u00fcr\u00fct\u00fclen projeler dolay\u0131s\u0131yla Rekt\u00f6r \u00c7amsar\u0131\u2019ya te\u015fekk\u00fcrlerini sunarak ME\u00dc&#8217;n\u00fcn, T\u00fcrkiye\u2019nin en \u00f6nemli \u00fcniversitelerinden biri haline geldi\u011finin alt\u0131n\u0131 \u00e7izdi. Son zamanlarda \u00e7\u0131kan haberlere de\u011finen G\u00fcltak, \u201c\u00dcniversitemiz ve hocam\u0131z\u0131 y\u0131pratmaya y\u00f6nelik haberleri de k\u0131n\u0131yoruz. Sonuna kadar da Mersin \u00dcniversitesi\u2019nin ve Rekt\u00f6r\u00fcn\u00fcn yan\u0131nday\u0131z. Beraber \u00e7al\u0131\u015f\u0131yoruz&#8221; \u015feklinde konu\u015ftu.\u00a0<br \/>\nKonu\u015fmalar\u0131n ard\u0131ndan protokol imzaland\u0131. \u00a0\u00a0<\/p>\n","protected":false},"excerpt":{"rendered":"<p>Mersin \u00dcniversitesi ile Akdeniz Belediyesi ve Akdeniz \u0130l\u00e7e Milli E\u011fitim M\u00fcd\u00fcrl\u00fc\u011f\u00fc i\u015fbirli\u011fiyle, &#8216;Akdeniz\u2019in parlayan y\u0131ld\u0131zlar\u0131&#8217; olarak tespit edilen bilim ve sanat merkezinde \u00f6\u011frenim g\u00f6ren \u00fcst\u00fcn yetenekli 30 \u00f6\u011frenciye, temel bilim &hellip; <a href=\"https:\/\/akdenizolaygazetesi.com\/?p=8122\" class=\"more-link\">Devam\u0131n\u0131 Oku&#8230;<\/a><\/p>\n","protected":false},"author":1,"featured_media":0,"comment_status":"open","ping_status":"open","sticky":false,"template":"","format":"standard","meta":[],"categories":[],"tags":[],"_links":{"self":[{"href":"https:\/\/akdenizolaygazetesi.com\/index.php?rest_route=\/wp\/v2\/posts\/8122"}],"collection":[{"href":"https:\/\/akdenizolaygazetesi.com\/index.php?rest_route=\/wp\/v2\/posts"}],"about":[{"href":"https:\/\/akdenizolaygazetesi.com\/index.php?rest_route=\/wp\/v2\/types\/post"}],"author":[{"embeddable":true,"href":"https:\/\/akdenizolaygazetesi.com\/index.php?rest_route=\/wp\/v2\/users\/1"}],"replies":[{"embeddable":true,"href":"https:\/\/akdenizolaygazetesi.com\/index.php?rest_route=%2Fwp%2Fv2%2Fcomments&post=8122"}],"version-history":[{"count":0,"href":"https:\/\/akdenizolaygazetesi.com\/index.php?rest_route=\/wp\/v2\/posts\/8122\/revisions"}],"wp:attachment":[{"href":"https:\/\/akdenizolaygazetesi.com\/index.php?rest_route=%2Fwp%2Fv2%2Fmedia&parent=8122"}],"wp:term":[{"taxonomy":"category","embeddable":true,"href":"https:\/\/akdenizolaygazetesi.com\/index.php?rest_route=%2Fwp%2Fv2%2Fcategories&post=8122"},{"taxonomy":"post_tag","embeddable":true,"href":"https:\/\/akdenizolaygazetesi.com\/index.php?rest_route=%2Fwp%2Fv2%2Ftags&post=8122"}],"curies":[{"name":"wp","href":"https:\/\/api.w.org\/{rel}","templated":true}]}}