{"id":8123,"date":"2020-11-04T18:28:35","date_gmt":"2020-11-04T15:28:35","guid":{"rendered":"http:\/\/mersinekonomipolitikagazetesi.com\/?p=8123"},"modified":"2020-11-04T18:28:35","modified_gmt":"2020-11-04T15:28:35","slug":"fatih-parkinin-geri-kalani-otoparka-mi-donusecek","status":"publish","type":"post","link":"https:\/\/akdenizolaygazetesi.com\/?p=8123","title":{"rendered":"FAT\u0130H PARKI\u2019NIN GER\u0130 KALANI OTOPARKA MI D\u00d6N\u00dc\u015eECEK?"},"content":{"rendered":"<p>TMMOB MERS\u0130N \u0130KK BA\u015eKANLARI 3 MAYMUNU OYNUYOR..!<br \/>\nKENT\u0130N TRAF\u0130K SORUNUNU PARKOMATLA MI \u00c7\u00d6ZECEKS\u0130N\u0130Z?<\/p>\n<p>Mimar Abdullah Y\u0131lmaz, kentte \u00e7\u00f6z\u00fcme kavu\u015fturulamayan otopark problemlerini ele\u015ftirdi. Fatih park\u0131nda yap\u0131lacak mini AVM ile sahilde yap\u0131lan nikah salonu projelerinin Mersin\u2019e daha fazla trafik sorunu ya\u015fataca\u011f\u0131n\u0131 vurgulad\u0131.<\/p>\n<p>Mersinli Mimar Abdullah Y\u0131lmaz kent y\u00f6neticilerinin \u015fehir planlamas\u0131na ayk\u0131r\u0131 faaliyet ve projelerini ele\u015ftirdi. Mezitli Belediye Ba\u015fkan\u0131 Ne\u015fet Tarhan\u2019\u0131n Fatih park\u0131nda yapaca\u011f\u0131 mini AVM ile B\u00fcy\u00fck\u015fehir Belediye Ba\u015fkan\u0131 Vahap Se\u00e7er&#8217;in Adnan Menderes Bulvar\u0131 \u00fczerinde yapt\u0131rd\u0131\u011f\u0131 nikah salonuna tepki g\u00f6sterdi. TMMOB Mersin \u0130l Koordinasyonu i\u00e7erisinde g\u00f6rev alan ve belediyelerde makam mevki sahibi oda ba\u015fkanlar\u0131 i\u00e7in de, \u201c3 maymunlar\u0131 oynuyorlar!\u2019\u2019 diyen Y\u0131lmaz, &#8220;Kente kar\u015f\u0131 su\u00e7 i\u015fleyenlerle asla bar\u0131\u015fmamak gerekli. D\u00fcnyada pandemi s\u00fcrecinde, evde kalanlar i\u00e7in mecburen yeni bir ya\u015fam d\u00fczeni ba\u015flam\u0131\u015ft\u0131r. Uzaktan e\u011fitim, homeoffice \u00e7al\u0131\u015fma, uzaktan g\u00f6r\u00fc\u015fme, uzaktan sosyalle\u015fme, ya\u015fam bi\u00e7imi olmu\u015ftur. Pandemi s\u00fcrecinde, ekonomiden sosyal politikalara, y\u00f6netim bi\u00e7imlerinden, \u00fcretim ili\u015fkilerine, ya\u015fam tarzlar\u0131na kadar her \u015feyin tart\u0131\u015f\u0131ld\u0131\u011f\u0131 ve d\u00f6n\u00fc\u015fmeye ba\u015flad\u0131\u011f\u0131 bir d\u00f6nem ba\u015flam\u0131\u015ft\u0131r.\u2019\u2019 diyerek kent planlamalar\u0131ndaki \u00f6nemlili\u011fe dikkat \u00e7ekti.<\/p>\n<p>\u201cHerkes i\u00e7in e\u015fit bir kentsel planlama\u2019\u2019<\/p>\n<p>Seyreltilmi\u015f kentler d\u00fczenlemesinin, daha fazla ye\u015fil alanlar\u0131n, nefes alan evlerin, ye\u015fil yollar\u0131n, bisiklet yollar\u0131n\u0131n ve do\u011fayla uyumlu \u015fehir planlar\u0131n\u0131n ve bu planlamaya uygun bir yerel y\u00f6netim anlay\u0131\u015f\u0131n\u0131n geli\u015fmesinin art\u0131k zorunluluk oldu\u011funun alt\u0131n\u0131 \u00e7izen Y\u0131lmaz, \u201cMimarl\u0131k ve kentle\u015fme politikalar\u0131 da oda\u011fa oturmas\u0131 gereken en \u00f6nemli konulardan oldu\u011fu asli ger\u00e7eklerden bir tanesi. Mersin Naz\u0131m \u0130mar Planlar\u0131nda da g\u00f6rd\u00fc\u011f\u00fcm\u00fcz \u00fczere, g\u00fcn\u00fcm\u00fczde \u015fehir planlamas\u0131nda dere yataklar\u0131, vadiler, ormanlar, sulak alanlar, havzalar\u0131, k\u0131y\u0131lar, meralar\u0131n denetimsiz bir \u015fekilde kentle\u015ftirildi\u011fi y\u00fcksek yo\u011funluklu kentleri de\u011fil, mevcut ger\u00e7eklerin \u0131\u015f\u0131\u011f\u0131nda \u015fehir planlar\u0131n\u0131n yeniden revize edilerek, seyreltme s\u00fcrecinde herkes i\u00e7in e\u015fit bir kentsel planlama, mek\u00e2nsal d\u00fczenleme ve e\u015fit kent hizmetlerinin sunulmas\u0131 yerel y\u00f6neticilerin asli g\u00f6revlerinin ba\u015f\u0131na ge\u00e7mi\u015ftir.\u2019\u2019 dedi.<\/p>\n<p>\u00a0<\/p>\n<p>\u2018\u2019Pe\u015fke\u015f \u00e7ekilmeye, talan edilmeye devam edilmi\u015ftir!\u2019\u2019<\/p>\n<p>\u00a0<\/p>\n<p>D\u00fcnyada yeniden tasarlanan kent planlamas\u0131n\u0131n Mersin\u2019de g\u00f6r\u00fclmedi\u011fini belirten Y\u0131lmaz, \u201cMaalesef Mersin\u2019de, pek \u00e7o\u011fu pandemi s\u00fcrecinde il\u00e7e belediyelerince haz\u0131rlanan, bir k\u0131s\u0131m \u00a0\u00e7al\u0131\u015fmalar\u0131 devam eden, 1\/1000 \u00f6l\u00e7ekli uygulama imar planlar\u0131n\u0131n hi\u00e7birinde, seyreltilmi\u015f kentler d\u00fczenlemenin, daha fazla ye\u015fil alanlar\u0131n, nefes alan evlerin, ye\u015fil yollar\u0131n, bisiklet yollar\u0131n\u0131n ve do\u011fayla uyumlu \u015fehir planlar\u0131ndan iz yoktur. Talepte yoktur. Pandemi s\u00fcrecinde Mersin\u2019de, kamu yarar\u0131 i\u00e7ermeyen ki\u015fisel rant temal\u0131, ta\u015f\u0131t trafik temal\u0131 kentin gelece\u011fine ipotek koyan, \u00fcst \u00f6l\u00e7ekli plana uygun olarak haz\u0131rlanan uygulama naz\u0131m imar planlar\u0131nda do\u011fay\u0131 bir varl\u0131k olarak kabul etmek ve b\u00f6lge insan\u0131n\u0131 onunla uyumlu ya\u015fatmak yerine, ye\u015fil alanlar\u0131m\u0131z\u0131, parklar\u0131m\u0131z\u0131, do\u011fal ya\u015fam alanlar\u0131m\u0131z\u0131, kamu yarar\u0131 i\u00e7ermeyen, ki\u015fisel veya sermayenin rantlar\u0131 i\u00e7in kaynak olarak pe\u015fke\u015f \u00e7ekmeye, talan edilmeye devam edilmi\u015ftir.\u2019\u2019 ifadelerini kulland\u0131.<\/p>\n<p>\u00a0<\/p>\n<p>\u201cProjede g\u00f6sterilmeyen otopark alan\u0131 1200 m2 civar\u0131nda\u2019\u2019<\/p>\n<p>\u00a0<\/p>\n<p>Kanunda yer alan \u2018Otopark Y\u00f6netmeli\u011fi\u2019 i\u00e7in maddeleri s\u0131ralayan Y\u0131lmaz, \u2018\u2018(Madde 5\/\u011f)- Toplu konut in\u015faatlar\u0131nda, sanayi ve depolama tesislerinde, kamu kurum ve kurulu\u015flar\u0131, halk\u0131n toplu kullan\u0131m\u0131na a\u00e7\u0131k al\u0131\u015fveri\u015f merkezleri, sinema, tiyatro gibi yap\u0131larda, a\u011f\u0131z di\u015f sa\u011fl\u0131\u011f\u0131 merkezleri ve hastanelerde, otellerde, stadyum ve kapal\u0131 spor tesislerinde, \u00fcniversitelerde, d\u00fc\u011f\u00fcn salonlar\u0131nda otopark ihtiyac\u0131n\u0131n bina b\u00fcnyesinde veya parselinde ya da bu y\u00f6netmelik kapsam\u0131nda parselinde otopark te\u015fkilinin m\u00fcmk\u00fcn olmamas\u0131 halinde kom\u015fu parselde kar\u015f\u0131lanmas\u0131 zorunludur. Madde 4\/l) &#8211; Yaya alanlar\u0131, bisiklet yollar\u0131 ve kald\u0131r\u0131mlar otopark olarak d\u00fczenlenemez ve kullan\u0131lamaz. Madde 4\/m) &#8211; A\u00e7\u0131k otoparklar\u0131n tesis edildi\u011fi alan\u0131n zeminlerinde, ya\u011fmur suyu tahliyesi i\u00e7in uygun e\u011fim verilir, ya\u011fmur suyunu topra\u011fa ge\u00e7iren malzemeler kullan\u0131l\u0131r. Madde 4\/o) &#8211; \u00a0Yol \u00fcst\u00fc ara\u00e7 park yeri i\u00e7in ayr\u0131lmas\u0131 gereken alan\u0131n \u00f6l\u00e7\u00fcleri en az 2,5&#215;5,50 metredir. engelli ara\u00e7lar\u0131 i\u00e7in 1\/30 oran\u0131nda park yeri ayr\u0131l\u0131r.\u2019 Mezitli Belediye \u00a0Ba\u015fkan\u0131 Ne\u015fet Tarhan, \u00a0pandemi s\u00fcrecinden ders \u00e7\u0131karmam\u0131\u015f\u00e7as\u0131na, seyreltilmi\u015f kent anlay\u0131\u015f\u0131n\u0131n tam tersine daha fazla s\u0131kla\u015ft\u0131rma i\u00e7in, fatih park\u0131ndaki ye\u015fili ortadan kald\u0131r\u0131p, bilim camias\u0131n\u0131n \u0131srarla uyard\u0131\u011f\u0131, \u00f6n\u00fcm\u00fczdeki g\u00fcnlerde ya\u015fanmas\u0131 muhtemel 2.etap pandemi s\u00fcrecinde olu\u015facak covid-19 salg\u0131n\u0131ndan halk\u0131n\u0131 sak\u0131nacak kentsel politikalar \u00fcretmek yerine, pandemi s\u00fcrecinde Mezitli de b\u00f6lge halk\u0131n\u0131n kat\u0131l\u0131mc\u0131l\u0131\u011f\u0131n\u0131 sa\u011flamadan, itiraz eden b\u00f6lge insanlar\u0131n\u0131 adam yerine koymay\u0131p, orada manzaras\u0131 kapanan bir avu\u00e7 insan diye a\u015fa\u011f\u0131lay\u0131p, kamula\u015ft\u0131rma amac\u0131na, mek\u00e2nsal \u00a0planlama y\u00f6netmeli\u011fine ayk\u0131r\u0131 olarak, ye\u015fili yok say\u0131p, sosyal donat\u0131 alan\u0131na in\u015fas\u0131 i\u00e7in b\u00fcy\u00fck \u00e7aba g\u00f6sterdi\u011fi, yasa ve y\u00f6netmelik tan\u0131mayan, mek\u00e2nsal planlama y\u00f6netmeli\u011finde olmayan, Belediye Hizmet Alan\u0131 parka ayk\u0131r\u0131 lejant niteli\u011fi y\u00fckleyerek Marina AVM\u2019ye rakip olaca\u011f\u0131n\u0131 s\u00f6yledi\u011fi, b\u00f6lge halk\u0131n\u0131n itiraz\u0131na ra\u011fmen park\u0131 ranttan kurtarmak i\u00e7in yap\u0131la\u015fmaya a\u00e7t\u0131\u011f\u0131n\u0131 iddia etti\u011fi, \u0131srarla in\u015faat\u0131na ba\u015flad\u0131\u011f\u0131, \u00f6v\u00fcncesi AVM \u00a0yap\u0131la\u015fmas\u0131. Kamusal rant i\u00e7ermeyen, fatih park\u0131 i\u00e7erisinde yap\u0131la\u015fan al\u0131\u015fveri\u015f merkezininde, \u00a0\u00fcstelik projesinde \u00e7\u00f6zmedi\u011fi, g\u00f6steremedi\u011fi, yap\u0131la\u015fma da olmas\u0131 gerekli \u00a0otopark alan\u0131 1200 m2 civar\u0131nda.\u2019\u2019 diyerek otopark sorununun do\u011furaca\u011f\u0131 sebeplere dikkat \u00e7ekti.<\/p>\n<p>\u00a0<\/p>\n<p>\u201cTarhan park\u0131n geri kalan\u0131n\u0131 otopark alan\u0131na d\u00f6n\u00fc\u015ft\u00fcrecektir..!\u2019\u2019<\/p>\n<p>\u00a0<\/p>\n<p>Y\u0131lmaz, \u201cNe\u015fet Tarhan otopark y\u00f6netmeli\u011fi gere\u011fi, belki de Mersin kamuoyunun daha fazla tepkisini almamak i\u00e7in, gizli tutarak park\u0131n geri kalan\u0131n\u0131 da yak\u0131n zamanda otopark alan\u0131na d\u00f6n\u00fc\u015ft\u00fcrecektir. Di\u011fer alternatif her zamanki gibi sahilde bulvar\u0131n bir \u015feridini kapat\u0131p parkomat uygulamas\u0131 ba\u015flatacakt\u0131r.\u2019\u2019 dedi.<\/p>\n<p>\u00a0<\/p>\n<p>\u201cAdnan Menderes Bulvar\u0131\u2019na yeni y\u00fckler getirecek!\u201d<\/p>\n<p>Mersin genelindeki \u015fehir planlamas\u0131ndaki problemlere de\u011finen ve imar edilen alanlardaki trafik sorununun kente zarar verece\u011fine vurgu yapan Y\u0131lmaz Mersin B\u00fcy\u00fck\u015fehir Belediye Ba\u015fkan\u0131 Vahap Se\u00e7er\u2019e de ele\u015ftirilerde bulundu. Mimar Y\u0131lmaz, \u201cSay\u0131n Se\u00e7er, pandemi s\u00fcrecinde sahil dolgu alan\u0131nda y\u00fcr\u00fctmeyi durdurma karar\u0131 olan, Marina AVM yap\u0131la\u015fmas\u0131n\u0131n kente getirdi\u011fi ta\u015f\u0131t trafik y\u00fck\u00fcn\u00fcn, daha fazlas\u0131n\u0131 getirecek olan, sahilde zaten trafik y\u00fck\u00fcn\u00fc kald\u0131ramayan Adnan Menderes Bulvar\u0131\u2019na yeni y\u00fckler getirecek, trafi\u011fine kilitlenmesine neden olacak yanl\u0131\u015f bir kentsel uygulamaya \u00f6v\u00fcnerek imza at\u0131yor. Mersin halk\u0131n\u0131n kat\u0131l\u0131mc\u0131l\u0131\u011f\u0131n\u0131 sa\u011flamadan, demokratik yerel se\u00e7imlerde kazand\u0131\u011f\u0131 s\u00fcreli b\u00fcrokratl\u0131k, belediye ba\u015fkanl\u0131k kariyerini bireysel karar\u0131nda gerek\u00e7e olarak kullan\u0131p, g\u00fcn\u00fcbirlik kararlarla, \u2018Ben buraya nikah salonu, a\u00e7\u0131k k\u0131r d\u00fc\u011f\u00fcn\u00fc alan\u0131 yap\u0131yorum diyor\u2019 ve yap\u0131yor\u2019\u2019 diye konu\u015ftu.<\/p>\n<p>\u2018\u2018Kente yeni \u00a0sorunlar getiriyorsunuz ve y\u00fckl\u00fcyorsunuz!\u201d<\/p>\n<p>Y\u0131lmaz, \u201cGe\u00e7mi\u015f d\u00f6nem belediye ba\u015fkan\u0131 d\u00f6neminde \u2018Engelliler lokali\u2019 olarak projelendirilen 98 m2lik mekan\u0131, 498 m2 kapal\u0131 alana b\u00fcy\u00fcterek, yeni fonksiyon \u00a0y\u00fckleyerek 500 m2 kapal\u0131 alanl\u0131 nikah salonu, 200 ki\u015fiyi ayn\u0131 anda a\u011f\u0131rlayacak yakla\u015f\u0131k 350 m2 alan gerektiren a\u00e7\u0131k k\u0131r d\u00fc\u011f\u00fcn\u00fc tesisini pandemi s\u00fcrecinde in\u015faat\u0131n\u0131 tamaml\u0131yor. Fark\u0131ndam\u0131s\u0131n\u0131z say\u0131n ba\u015fkan! Sanki deniz k\u0131y\u0131s\u0131nda k\u0131l\u0131nan nikah\u0131n daha kutsal oldu\u011funu s\u00f6ylercesine , nikah salonu i\u00e7in sahilde deniz k\u0131y\u0131s\u0131nda, \u00fcstelik yap\u0131la\u015fmaya uygun alt yap\u0131s\u0131 \u00a0olmayan, kentsel ger\u00e7eklere ayk\u0131r\u0131, sahilde deniz doldurularak elde edilmi\u015f dolgu alan\u0131 i\u00e7inde d\u00fc\u011f\u00fcn, nikah salonu a\u00e7\u0131yorsunuz. \u015eehir bilimine ayk\u0131r\u0131 olarak kendi d\u00fc\u015f\u00fcncenizle hareket edip, halk\u0131n kat\u0131l\u0131mc\u0131l\u0131\u011f\u0131 olmadan, kentin en \u00f6nemli \u00f6ncelikli sorunlar\u0131ndan birini \u00e7\u00f6z\u00fcyorsunuz oysaki yan\u0131l\u0131yorsunuz. Bilin\u00e7li olarak, sorun \u00e7\u00f6z\u00fcc\u00fc bir makamda olman\u0131za ra\u011fmen, yeni bir kentsel yanl\u0131\u015f yap\u0131yorsunuz. Kente yeni \u00a0sorunlar getiriyorsunuz ve y\u00fckl\u00fcyorsunuz..!\u2019\u2019 dedi.<\/p>\n<p>\u201cNikah konvoyundaki ta\u015f\u0131tlara otopark d\u00fc\u015f\u00fcnd\u00fcn\u00fcz m\u00fc?\u2019\u2019<\/p>\n<p>Yap\u0131lan projeye y\u00f6nelik kentte olu\u015facak trafik sorununa \u00f6nlem al\u0131n\u0131p al\u0131nmad\u0131\u011f\u0131na da a\u00e7\u0131kl\u0131k getirilmesini isteyen Y\u0131lmaz, \u201cSormas\u0131 ay\u0131p olmas\u0131n, denize naz\u0131r nikah salonunun otopark sorununu nas\u0131l \u00e7\u00f6zd\u00fcn\u00fcz? Nikah konvoyundaki ta\u015f\u0131tlara, misafirlerin ta\u015f\u0131tlar\u0131na otopark d\u00fc\u015f\u00fcnd\u00fcn\u00fcz m\u00fc? B\u00fcy\u00fck \u00a0ihtimalle her zamanki gibi kolayc\u0131l\u0131\u011f\u0131, yanl\u0131\u015f\u0131, \u00a0K kaosu se\u00e7eceksiniz..! Otopark sorununu bulvar\u0131n bir \u015feridini kapat\u0131p parkomatla m\u0131 \u00e7\u00f6zeceksiniz? Yoksa Atat\u00fcrk park\u0131nda yapt\u0131\u011f\u0131n\u0131z gibi sahil dolgu alan\u0131na otopark m\u0131 yapacaks\u0131n\u0131z? Mersin sahil yoluna, yeni bir trafik y\u00fck\u00fc getirip, ta\u015f\u0131t trafi\u011fini durma noktas\u0131na getirecek, \u00e7evre ve fonksiyon i\u00e7in alt \u015fartlar\u0131n\u0131 dahi olu\u015fturamayaca\u011f\u0131n\u0131z ayk\u0131r\u0131 nikah salonu a\u00e7mak, size nas\u0131l bir siyasal \u00a0rant getirecek ayr\u0131 bir merak konusu. Yap\u0131lan tesisler i\u00e7in gereken otopark alan\u0131 1100 m2. Sizleri otopark y\u00f6netmeli\u011fine uygun davranmaya bir kez daha davet ediyorum.\u2019\u2019 ifadelerini kulland\u0131.<\/p>\n<p>\u201cMersin \u0130KK olay\u0131n ger\u00e7e\u011fini bilmiyormu\u015f\u00e7as\u0131na davran\u0131yor..!\u2019\u2019<\/p>\n<p>\u00a0<\/p>\n<p>Mersin TMMOB \u0130l Koordinasyon Kurulu\u2019nu da ele\u015ftiren Y\u0131lmaz, \u201cMersin TMMOB \u0130l Koordinasyon Kurulu Mezitli Belediye Ba\u015fkan\u0131\u2019n\u0131n ye\u015fil dokuya, Belediye Hizmet Alan\u0131 \u00a0 yapt\u0131\u011f\u0131 AVM in\u015faat\u0131na ili\u015fkin, Mersin kamuoyu ile dalga ge\u00e7ercesine bas\u0131na a\u00e7\u0131klama yap\u0131yor. Mersin B\u00fcy\u00fck\u015fehir Belediyesi\u2019nce in\u015fas\u0131 yap\u0131lan nikah salonu ve k\u0131r d\u00fc\u011f\u00fcn\u00fc tesisini i\u00e7in \u00fc\u00e7 maymunu oynamaya devam ediyor. B\u00f6lgeye yeni bir trafik y\u00fck\u00fc, otopark sorunu, kentsel yeni bir kambur olu\u015fturaca\u011f\u0131 c\u00fcmlelerini saklayarak otopark y\u00f6netmeli\u011fine ayk\u0131r\u0131l\u0131\u011f\u0131 saklayarak, ya\u015fad\u0131\u011f\u0131 kente ihanet edercesine a\u00e7\u0131klamas\u0131n\u0131n bir b\u00f6l\u00fcm\u00fcnde, \u2018Son d\u00f6nemde kamuoyunda yap\u0131lan yorumlar ve beyanatlara g\u00f6re bu alanda yap\u0131lacak tesislerin \u00f6zel sekt\u00f6re kiralanaca\u011f\u0131 gibi bir \u00e7ok senaryolar\u0131n \u00e7izildi\u011fine dikkat \u00e7eken Mersin \u0130KK\u2019 olay\u0131n ger\u00e7e\u011fini bilmiyormu\u015f\u00e7as\u0131na davran\u0131yor. Oysaki i\u015fin sahibi Ne\u015fet Tarhan, kamuoyuna k\u00fc\u00e7\u00fck bir AVM yap\u0131p, konseptli markalara kiraya verece\u011fini alenen a\u00e7\u0131kl\u0131yor. TMMOB Mersin \u0130KK buna da \u2018s\u00f6ylenti, dedikodu\u2019 diyor..!\u201d diyerek sert bir dille ele\u015ftirdi. \u00a0<\/p>\n<p>\u00a0<\/p>\n<p>\u201cBelediyedeki \u00e7anta ta\u015f\u0131ma g\u00f6revlerinize d\u00f6n\u00fcn\u00fcz..!\u2019\u2019<\/p>\n<p>\u00a0<\/p>\n<p>Y\u0131lmaz, \u201cTMMOB Mersin \u0130KK\u2019da g\u00f6revli Oda Ba\u015fkanlar\u0131, siz Atat\u00fcrk park\u0131n\u0131n otopark olarak kullan\u0131lmas\u0131na dahi ses \u00e7\u0131karmayan, g\u00f6rmeyen, duymayan, konu\u015fmayanlar olarak, \u2018TMMOB anayasa ve kanunlar \u00e7er\u00e7evesinde kurulmu\u015f sayg\u0131nl\u0131\u011f\u0131 olan demokratik kitle \u00f6rg\u00fct\u00fcd\u00fcr. Hi\u00e7 kimsenin, hi\u00e7 bir \u00fcyesinin, benimde onurla \u00fcyesi oldu\u011fum, TMMOB &#8216;nin kariyerini d\u00fc\u015f\u00fcrecek \u015fekilde, ki\u015fisel \u00e7\u0131karlar\u0131 u\u011fruna odalar\u0131n\u0131, \u00fcyelerinin mesleki onur ve haysiyetlerini ayaklar alt\u0131na alacak \u015fekilde ,ki\u015fisel \u00e7\u0131karlar\u0131 i\u00e7in s\u0131rf iplerini tutan yanda\u015flar\u0131n\u0131n ay\u0131b\u0131n\u0131 \u00f6rtmek i\u00e7in meslek odalar\u0131n\u0131, \u0130KK\u2019y\u0131 kullanmak haddine de\u011fildir. Derh\u00e2l istifa ediniz, meslek odalar\u0131m\u0131z\u0131n varl\u0131\u011f\u0131na, g\u00fcvenilirli\u011fine daha fazla zarar vermeden \u00a0belediyedeki \u00e7anta ta\u015f\u0131ma g\u00f6revlerinize d\u00f6n\u00fcn\u00fcz. Odas\u0131na, kentine sahip \u00e7\u0131kmak isteyen meslekta\u015flar\u0131n\u0131z\u0131n \u00f6n\u00fcn\u00fc a\u00e7\u0131n\u0131z.\u2019\u2019 dedi.<\/p>\n<p>\u2018\u2019Liyakat liyakat!\u2019\u2019<\/p>\n<p>Kent y\u00f6neticili\u011finde liyakatin \u00f6nemine de dikkat \u00e7eken Y\u0131lmaz, \u201cLiyakat liyakat! Maalesef Liyakat sahibi olmayan yerel y\u00f6neticilerin se\u00e7ilmek i\u00e7in b\u00fcy\u00fck maddi harcamalar yaparak, makam sahipleri olmalar\u0131 sonucunda kendi do\u011frular\u0131 \u00e7er\u00e7evesinde \u00fcrettikleri kamu yarar\u0131 i\u00e7ermeyen yanl\u0131\u015f kentsel kararlar\u0131, yerel y\u00f6neticili\u011fi ticari bir yat\u0131r\u0131m olarak alg\u0131lamalar\u0131 sonucunda bu yap\u0131la\u015fmalar ortaya \u00e7\u0131kmaktad\u0131r, \u00e7\u0131kmaya da devam edecektir. Daha ya\u015fanabilir, gelecek i\u00e7in umut veren s\u00fcrd\u00fcr\u00fclebilir kent planlar\u0131na sahip, kamu yarar\u0131 i\u00e7in var olduklar\u0131n\u0131 ispatlam\u0131\u015f liyakat sahibi insanlarca \u00a0y\u00f6netilen Mersin i\u00e7in kentsel katliamlara kar\u015f\u0131 m\u00fccadeleye devam \u015fartt\u0131r, gereklidir.\u2019\u2019 diye konu\u015ftu.<\/p>\n<p>\u00a0<\/p>\n","protected":false},"excerpt":{"rendered":"<p>TMMOB MERS\u0130N \u0130KK BA\u015eKANLARI 3 MAYMUNU OYNUYOR..! KENT\u0130N TRAF\u0130K SORUNUNU PARKOMATLA MI \u00c7\u00d6ZECEKS\u0130N\u0130Z? Mimar Abdullah Y\u0131lmaz, kentte \u00e7\u00f6z\u00fcme kavu\u015fturulamayan otopark problemlerini ele\u015ftirdi. Fatih park\u0131nda yap\u0131lacak mini AVM ile sahilde yap\u0131lan &hellip; <a href=\"https:\/\/akdenizolaygazetesi.com\/?p=8123\" class=\"more-link\">Devam\u0131n\u0131 Oku&#8230;<\/a><\/p>\n","protected":false},"author":1,"featured_media":0,"comment_status":"open","ping_status":"open","sticky":false,"template":"","format":"standard","meta":[],"categories":[],"tags":[],"_links":{"self":[{"href":"https:\/\/akdenizolaygazetesi.com\/index.php?rest_route=\/wp\/v2\/posts\/8123"}],"collection":[{"href":"https:\/\/akdenizolaygazetesi.com\/index.php?rest_route=\/wp\/v2\/posts"}],"about":[{"href":"https:\/\/akdenizolaygazetesi.com\/index.php?rest_route=\/wp\/v2\/types\/post"}],"author":[{"embeddable":true,"href":"https:\/\/akdenizolaygazetesi.com\/index.php?rest_route=\/wp\/v2\/users\/1"}],"replies":[{"embeddable":true,"href":"https:\/\/akdenizolaygazetesi.com\/index.php?rest_route=%2Fwp%2Fv2%2Fcomments&post=8123"}],"version-history":[{"count":0,"href":"https:\/\/akdenizolaygazetesi.com\/index.php?rest_route=\/wp\/v2\/posts\/8123\/revisions"}],"wp:attachment":[{"href":"https:\/\/akdenizolaygazetesi.com\/index.php?rest_route=%2Fwp%2Fv2%2Fmedia&parent=8123"}],"wp:term":[{"taxonomy":"category","embeddable":true,"href":"https:\/\/akdenizolaygazetesi.com\/index.php?rest_route=%2Fwp%2Fv2%2Fcategories&post=8123"},{"taxonomy":"post_tag","embeddable":true,"href":"https:\/\/akdenizolaygazetesi.com\/index.php?rest_route=%2Fwp%2Fv2%2Ftags&post=8123"}],"curies":[{"name":"wp","href":"https:\/\/api.w.org\/{rel}","templated":true}]}}