{"id":8124,"date":"2020-11-04T18:28:35","date_gmt":"2020-11-04T15:28:35","guid":{"rendered":"http:\/\/mersinekonomipolitikagazetesi.com\/?p=8124"},"modified":"2020-11-04T18:28:35","modified_gmt":"2020-11-04T15:28:35","slug":"10-00-16-00-saatleri-arasinda-disari-cikmayin","status":"publish","type":"post","link":"https:\/\/akdenizolaygazetesi.com\/?p=8124","title":{"rendered":"&#8220;10.00-16.00 saatleri aras\u0131nda d\u0131\u015far\u0131 \u00e7\u0131kmay\u0131n&#8221;"},"content":{"rendered":"<p>Bah\u00e7ac\u0131&#8217;dan s\u0131cak hava uyar\u0131s\u0131<\/p>\n<p><span style=\"line-height: 1.6em;\">Mersin \u0130l Sa\u011fl\u0131k M\u00fcd\u00fcr\u00fc Sinan Bah\u00e7ac\u0131, s\u0131cak ve nemli havalar\u0131n insan sa\u011fl\u0131\u011f\u0131n\u0131 olumsuz y\u00f6nde etkiledi\u011fini belirterek, &#8220;G\u00fcne\u015f \u0131\u015f\u0131nlar\u0131n\u0131n d\u00fcnyam\u0131za en dik geldi\u011fi 10.00-16.00 saatleri aras\u0131nda m\u00fcmk\u00fcnse d\u0131\u015far\u0131ya \u00e7\u0131k\u0131lmamal\u0131, \u00e7\u0131k\u0131lmas\u0131 gerekiyorsa g\u00f6lge yerler tercih edilmelidir&#8221; dedi.\u00a0<\/span><\/p>\n<p>Bah\u00e7ac\u0131, A\u011fustos ay\u0131 sonunda ba\u015flayan ve 6 Eyl\u00fcle kadar devam edecek s\u0131cak hava dalgas\u0131na ili\u015fkin vatanda\u015flara uyar\u0131larda bulundu. Nemli ve s\u0131cak havalar\u0131n insan sa\u011fl\u0131\u011f\u0131n\u0131 olumsuz y\u00f6nde etkiledi\u011fini s\u00f6yleyen Bah\u00e7ac\u0131, \u201dYaz aylar\u0131n\u0131n son g\u00fcnlerinde \u00fclkemizi, \u00f6zellikle g\u00fcney ve g\u00fcneydo\u011fu illerimizi etkisi alt\u0131na alan s\u0131cak hava dalgas\u0131 riskli grup diye tabir etti\u011fimiz ya\u015fl\u0131, \u00e7ocuk, hamile ve kronik hastal\u0131\u011f\u0131 bulunan vatanda\u015flar\u0131m\u0131z\u0131 sa\u011fl\u0131k a\u00e7\u0131s\u0131ndan olumsuz etkiliyor. Bundan dolay\u0131 risk grubunda yer alan vatanda\u015flar\u0131m\u0131z\u0131n bu d\u00f6nemde sa\u011fl\u0131klar\u0131na \u00e7ok daha fazla dikkat etmeleri gerekir\u201d diye konu\u015ftu.\u00a0<\/p>\n<p>&#8220;G\u00fcne\u015f \u0131\u015f\u0131nlar\u0131n\u0131n en dik geldi\u011fi saatlerde m\u00fcmk\u00fcnse d\u0131\u015far\u0131ya \u00e7\u0131kmay\u0131n&#8221;\u00a0<br \/>\nS\u0131cak hava dalgas\u0131ndan korunman\u0131n yollar\u0131 hakk\u0131nda da bilgi veren Bah\u00e7ac\u0131, al\u0131nacak baz\u0131 basit tedbirlerle s\u0131cak hava ve y\u00fcksek nemin insan sa\u011fl\u0131\u011f\u0131 \u00fczerindeki olumsuz etkilerini bir miktar azaltman\u0131n m\u00fcmk\u00fcn olabilece\u011fini belirtti. Bah\u00e7ac\u0131, &#8220;Mesela g\u00fcne\u015f \u0131\u015f\u0131nlar\u0131n\u0131n d\u00fcnyam\u0131za en dik geldi\u011fi 10.00-16.00 saatleri aras\u0131nda m\u00fcmk\u00fcnse d\u0131\u015far\u0131ya \u00e7\u0131k\u0131lmamal\u0131, \u00e7\u0131k\u0131lmas\u0131 gerekiyorsa g\u00f6lge yerler tercih edilmelidir. A\u015f\u0131r\u0131 efor gerektiren i\u015flerden ka\u00e7\u0131n\u0131lmal\u0131, alkol, sigara ve a\u015f\u0131r\u0131 ya\u011fl\u0131 yiyecekler t\u00fcketilmemeli, g\u00fcnde en az 2-2.5 litre su t\u00fcketilmeli, mevsim meyveleri, ye\u015fil yaprakl\u0131 sebzeler mutlaka \u00f6\u011f\u00fcnlerimizde yer almal\u0131, a\u00e7\u0131k renkli ve bol k\u0131yafetler tercih edilmeli ve s\u0131k aral\u0131klarla du\u015f alarak v\u00fccudun \u0131s\u0131s\u0131 d\u00fc\u015f\u00fcr\u00fclmelidir\u201d ifadelerini kulland\u0131.\u00a0<br \/>\nS\u0131cak havadan etkilenme ya da g\u00fcne\u015f \u00e7arpmas\u0131 durumunda ki\u015filerin g\u00f6lge, serin bir yere al\u0131n\u0131p s\u0131rt \u00fcst\u00fc yat\u0131r\u0131lmas\u0131 gerekti\u011fini ve bol su verilmesinin uygun olaca\u011f\u0131n\u0131 ifade eden Bah\u00e7ac\u0131, &#8220;Normalde ani so\u011fuk \u015fok etkisi yapar ama s\u0131cak \u00e7arpmalar\u0131nda ki\u015fiye olabildi\u011fince so\u011fuk uygulama yapmakta fayda vard\u0131r. Bunlar\u0131 yapt\u0131ktan sonra vakit ge\u00e7irmeden 112 acil sa\u011fl\u0131k hatt\u0131 aranmal\u0131 veya kendi imkanlar\u0131m\u0131z ile g\u00fcne\u015f \u00e7arpmas\u0131 ya\u015fayan ki\u015fiyi en yak\u0131n sa\u011fl\u0131k kurulu\u015funa g\u00f6t\u00fcrmeliyiz\u201d diye konu\u015ftu.\u00a0<br \/>\n\u0130l Sa\u011fl\u0131k M\u00fcd\u00fcrl\u00fc\u011f\u00fc&#8217;n\u00fcn ve ilde bulunan sa\u011fl\u0131k sunucular\u0131n\u0131n, vatanda\u015flar\u0131n ya\u015famalar\u0131 muhtemel sa\u011fl\u0131k sorunlar\u0131n\u0131n \u00e7\u00f6z\u00fcm\u00fc i\u00e7in 7 g\u00fcn 24 saat g\u00f6rev ba\u015f\u0131nda oldu\u011funu vurgulayan Bah\u00e7ac\u0131, \u201cYaz aylar\u0131n\u0131n son g\u00fcnlerinde \u00fclkemizi etkisi alt\u0131na alan a\u015f\u0131r\u0131 s\u0131caklar\u0131 vatanda\u015flar\u0131m\u0131z\u0131n herhangi bir sa\u011fl\u0131k sorunu ya\u015famadan atlatmalar\u0131 temennimizdir. Vatanda\u015flar\u0131m\u0131z\u0131n ya\u015famas\u0131 muhtemel sa\u011fl\u0131k sorunlar\u0131n\u0131n \u00e7\u00f6z\u00fcm\u00fc i\u00e7in aile sa\u011fl\u0131\u011f\u0131 merkezlerimiz, acil sa\u011fl\u0131k hizmeti ambulanslar\u0131m\u0131z ve hastanelerimiz ile biz s\u00fcrekli g\u00f6rev ba\u015f\u0131nday\u0131z&#8221; \u015feklinde konu\u015ftu.\u00a0<\/p>\n","protected":false},"excerpt":{"rendered":"<p>Bah\u00e7ac\u0131&#8217;dan s\u0131cak hava uyar\u0131s\u0131 Mersin \u0130l Sa\u011fl\u0131k M\u00fcd\u00fcr\u00fc Sinan Bah\u00e7ac\u0131, s\u0131cak ve nemli havalar\u0131n insan sa\u011fl\u0131\u011f\u0131n\u0131 olumsuz y\u00f6nde etkiledi\u011fini belirterek, &#8220;G\u00fcne\u015f \u0131\u015f\u0131nlar\u0131n\u0131n d\u00fcnyam\u0131za en dik geldi\u011fi 10.00-16.00 saatleri aras\u0131nda m\u00fcmk\u00fcnse &hellip; <a href=\"https:\/\/akdenizolaygazetesi.com\/?p=8124\" class=\"more-link\">Devam\u0131n\u0131 Oku&#8230;<\/a><\/p>\n","protected":false},"author":1,"featured_media":0,"comment_status":"open","ping_status":"open","sticky":false,"template":"","format":"standard","meta":[],"categories":[],"tags":[],"_links":{"self":[{"href":"https:\/\/akdenizolaygazetesi.com\/index.php?rest_route=\/wp\/v2\/posts\/8124"}],"collection":[{"href":"https:\/\/akdenizolaygazetesi.com\/index.php?rest_route=\/wp\/v2\/posts"}],"about":[{"href":"https:\/\/akdenizolaygazetesi.com\/index.php?rest_route=\/wp\/v2\/types\/post"}],"author":[{"embeddable":true,"href":"https:\/\/akdenizolaygazetesi.com\/index.php?rest_route=\/wp\/v2\/users\/1"}],"replies":[{"embeddable":true,"href":"https:\/\/akdenizolaygazetesi.com\/index.php?rest_route=%2Fwp%2Fv2%2Fcomments&post=8124"}],"version-history":[{"count":0,"href":"https:\/\/akdenizolaygazetesi.com\/index.php?rest_route=\/wp\/v2\/posts\/8124\/revisions"}],"wp:attachment":[{"href":"https:\/\/akdenizolaygazetesi.com\/index.php?rest_route=%2Fwp%2Fv2%2Fmedia&parent=8124"}],"wp:term":[{"taxonomy":"category","embeddable":true,"href":"https:\/\/akdenizolaygazetesi.com\/index.php?rest_route=%2Fwp%2Fv2%2Fcategories&post=8124"},{"taxonomy":"post_tag","embeddable":true,"href":"https:\/\/akdenizolaygazetesi.com\/index.php?rest_route=%2Fwp%2Fv2%2Ftags&post=8124"}],"curies":[{"name":"wp","href":"https:\/\/api.w.org\/{rel}","templated":true}]}}