{"id":813,"date":"2020-11-04T18:21:26","date_gmt":"2020-11-04T15:21:26","guid":{"rendered":"http:\/\/mersinekonomipolitikagazetesi.com\/?p=813"},"modified":"2020-11-04T18:21:26","modified_gmt":"2020-11-04T15:21:26","slug":"baskan-ercik-16-nisan-15-temmuzun-rovansi-olacaktir","status":"publish","type":"post","link":"https:\/\/akdenizolaygazetesi.com\/?p=813","title":{"rendered":"Ba\u015fkan Ercik: &#8220;16 Nisan, 15 Temmuz&#8217;un r\u00f6van\u015f\u0131 olacakt\u0131r&#8221;"},"content":{"rendered":"<p>AK Parti Mersin \u0130l Ba\u015fkan\u0131 Cesim Ercik, 16 Nisan\u2019\u0131n, 15 Temmuz\u2019un r\u00f6van\u015f\u0131 olaca\u011f\u0131n\u0131 belirterek, &#8220;Hesapla\u015fma g\u00fcn\u00fc in\u015fallah 16 Nisan. Demokratik hakk\u0131n\u0131 o gece nas\u0131l demokrasiye sahip \u00e7\u0131karak bu millet koruduysa \u015fimdi o gecenin devam\u0131 anlam\u0131nda in\u015fallah 16 Nisan&#8217;da da sand\u0131kta demokratik hakk\u0131n\u0131 \u00e7ok daha g\u00fc\u00e7l\u00fc bir \u015fekilde kullanacakt\u0131r. Sand\u0131\u011fa giderek oylar\u0131n\u0131z\u0131 muhakkak kullan\u0131n ve kullanaca\u011f\u0131n\u0131z oylar Bat\u0131&#8217;daki t\u00fcm \u00fclkelere, d\u00fcnyadaki t\u00fcm \u00fclkelere en g\u00fczel cevap olacakt\u0131r&#8221; dedi.<\/p>\n<p><span style=\"color: rgb(0, 0, 0); font-family: Tahoma, Arial, 'Times New Roman TUR', Verdana; font-size: 15px; line-height: normal;\">16 Nisan\u2019da yap\u0131lacak Anayasa de\u011fi\u015fikli\u011fi referandumuna say\u0131l\u0131 g\u00fcnler kala vatanda\u015flara sand\u0131\u011fa gitme \u00e7a\u011fr\u0131s\u0131nda bulunan Ba\u015fkan Ercik, \u201cSand\u0131\u011fa giderek oylar\u0131n\u0131z\u0131 muhakkak kullan\u0131n ve kullanaca\u011f\u0131n\u0131z oylar Bat\u0131&#8217;daki t\u00fcm \u00fclkelere, d\u00fcnyadaki t\u00fcm \u00fclkelere en g\u00fczel cevap olacakt\u0131r 16 Nisan in\u015fallah Bat\u0131&#8217;da, t\u00fcm d\u00fcnyada \u00f6n\u00fcne engel konulan vatanda\u015flar\u0131m\u0131n da sevindi\u011fi g\u00fcnler olacakt\u0131r\u201d \u015feklinde konu\u015ftu.<\/span><br style=\"color: rgb(0, 0, 0); font-family: Tahoma, Arial, 'Times New Roman TUR', Verdana; font-size: 15px; line-height: normal;\" \/><br \/>\n<span style=\"color: rgb(0, 0, 0); font-family: Tahoma, Arial, 'Times New Roman TUR', Verdana; font-size: 15px; line-height: normal;\">Mevcut sistemin \u00fclkede istikrar\u0131 tehdit etti\u011finin alt\u0131n\u0131 \u00e7izen Ercik, \u201c\u0130stikrar ve g\u00fcven asl\u0131nda kalk\u0131nman\u0131n, ba\u015far\u0131n\u0131n olmazsa olmaz\u0131d\u0131r. Bu i\u015f bir ger\u00e7e\u011fi g\u00f6steriyor. Art\u0131k, bu i\u015f b\u00f6yle y\u00fcr\u00fcmez. CHP, i\u015fi sapt\u0131r\u0131p &#8216;bunlar rejim de\u011fi\u015fikli\u011fine gidiyor&#8217; diyor. Bizim, b\u00f6yle bir derdimiz falan yok. Bu i\u015f 1923&#8217;te bitmi\u015f. T\u00fcrkiye&#8217;nin art\u0131k rejimle ilgili, alakal\u0131 att\u0131\u011f\u0131 bir ad\u0131m yok. Art\u0131k sadece bir sistem de\u011fi\u015fikli\u011fiyle biz \u00fclkemizde gelece\u011fi in\u015fa etmenin ad\u0131m\u0131n\u0131 at\u0131yoruz. Yap\u0131lan i\u015f bu. Biz de faniyiz. Dolay\u0131s\u0131yla fani olan de\u011fil, baki olan bir yap\u0131y\u0131 olu\u015ftural\u0131m. O da nedir? Sistemdir. \u0130n\u015fallah bu devletin, bu milletin bekay\u0131 temadisi kurulacak olan sistemle devam eder. 16 Nisan, 15 Temmuz\u2019un r\u00f6van\u015f\u0131 olacak. Hesapla\u015fma g\u00fcn\u00fc in\u015fallah 16 Nisan. Demokratik hakk\u0131n\u0131 o gece nas\u0131l demokrasiye sahip \u00e7\u0131karak bu millet koruduysa \u015fimdi o gecenin devam\u0131 anlam\u0131nda in\u015fallah 16 Nisan&#8217;da da sand\u0131kta demokratik hakk\u0131n\u0131 \u00e7ok daha g\u00fc\u00e7l\u00fc bir \u015fekilde kullanacakt\u0131r. Onun i\u00e7in AK Parti, MHP, CHP, HDP, Saadet Partisi ve BBP&#8217;ye g\u00f6n\u00fcl vermi\u015f karde\u015flerime diyorum. 16 Nisan referandumu parti tercihi de\u011fil memleket meselesi, \u00e7ocuklar\u0131m\u0131z\u0131n gelece\u011fidir. Gelin hep birlikte 16 Nisan&#8217;da sand\u0131kta \u00fclkemizin gelece\u011fini evet diyerek birlikte kural\u0131m&#8221; diye konu\u015ftu.<\/span><\/p>\n","protected":false},"excerpt":{"rendered":"<p>AK Parti Mersin \u0130l Ba\u015fkan\u0131 Cesim Ercik, 16 Nisan\u2019\u0131n, 15 Temmuz\u2019un r\u00f6van\u015f\u0131 olaca\u011f\u0131n\u0131 belirterek, &#8220;Hesapla\u015fma g\u00fcn\u00fc in\u015fallah 16 Nisan. Demokratik hakk\u0131n\u0131 o gece nas\u0131l demokrasiye sahip \u00e7\u0131karak bu millet koruduysa &hellip; <a href=\"https:\/\/akdenizolaygazetesi.com\/?p=813\" class=\"more-link\">Devam\u0131n\u0131 Oku&#8230;<\/a><\/p>\n","protected":false},"author":1,"featured_media":0,"comment_status":"open","ping_status":"open","sticky":false,"template":"","format":"standard","meta":[],"categories":[],"tags":[],"_links":{"self":[{"href":"https:\/\/akdenizolaygazetesi.com\/index.php?rest_route=\/wp\/v2\/posts\/813"}],"collection":[{"href":"https:\/\/akdenizolaygazetesi.com\/index.php?rest_route=\/wp\/v2\/posts"}],"about":[{"href":"https:\/\/akdenizolaygazetesi.com\/index.php?rest_route=\/wp\/v2\/types\/post"}],"author":[{"embeddable":true,"href":"https:\/\/akdenizolaygazetesi.com\/index.php?rest_route=\/wp\/v2\/users\/1"}],"replies":[{"embeddable":true,"href":"https:\/\/akdenizolaygazetesi.com\/index.php?rest_route=%2Fwp%2Fv2%2Fcomments&post=813"}],"version-history":[{"count":0,"href":"https:\/\/akdenizolaygazetesi.com\/index.php?rest_route=\/wp\/v2\/posts\/813\/revisions"}],"wp:attachment":[{"href":"https:\/\/akdenizolaygazetesi.com\/index.php?rest_route=%2Fwp%2Fv2%2Fmedia&parent=813"}],"wp:term":[{"taxonomy":"category","embeddable":true,"href":"https:\/\/akdenizolaygazetesi.com\/index.php?rest_route=%2Fwp%2Fv2%2Fcategories&post=813"},{"taxonomy":"post_tag","embeddable":true,"href":"https:\/\/akdenizolaygazetesi.com\/index.php?rest_route=%2Fwp%2Fv2%2Ftags&post=813"}],"curies":[{"name":"wp","href":"https:\/\/api.w.org\/{rel}","templated":true}]}}