{"id":8131,"date":"2020-11-04T18:28:36","date_gmt":"2020-11-04T15:28:36","guid":{"rendered":"http:\/\/mersinekonomipolitikagazetesi.com\/?p=8131"},"modified":"2020-11-04T18:28:36","modified_gmt":"2020-11-04T15:28:36","slug":"gultak-sehit-ailelerimizin-basimizin-ustunde-yeri-var","status":"publish","type":"post","link":"https:\/\/akdenizolaygazetesi.com\/?p=8131","title":{"rendered":"G\u00fcltak: \u201c\u015eehit ailelerimizin  ba\u015f\u0131m\u0131z\u0131n \u00fcst\u00fcnde yeri var\u201d"},"content":{"rendered":"<p>Akdeniz Belediye Ba\u015fkan\u0131 Muhammet Mustafa G\u00fcltak, belediye taraf\u0131ndan Silifke il\u00e7esindeki Kap\u0131zl\u0131 yaz kamp\u0131na g\u00f6nderilen \u015fehit aileleri ve engelli vatanda\u015flarla bulu\u015ftu. G\u00fcltak, \u201c\u015eehit annelerimiz, yak\u0131nlar\u0131 ile engelli vatanda\u015flar\u0131m\u0131z 3 g\u00fcn boyunca kampa girdiler. \u015eehit ailelerimizin ba\u015f\u0131m\u0131z\u0131n \u00fcst\u00fcnde yeri var. Her \u015feyin en g\u00fczeline lay\u0131klar\u201d dedi.\u00a0<br \/>\nBa\u015fkan G\u00fcltak, Ba\u015fkan Yard\u0131mc\u0131s\u0131 G\u00f6kmen Aky\u00fcrek, K\u00fclt\u00fcr ve Sosyal \u0130\u015fler M\u00fcd\u00fcr\u00fc Ali U\u00e7ar, Kad\u0131n ve Aile Hizmetleri M\u00fcd\u00fcr\u00fc Ali Turna ile birlikte, \u00fccretsiz kampa g\u00f6nderilen \u015fehit anneleri, \u015fehit e\u015fleri, \u00e7ocuklar\u0131 ve engelli vatanda\u015flar\u0131 ziyaret etti. \u00c7ocuklarla ve ailelerle yak\u0131ndan ilgilenen G\u00fcltak, ebru \u00e7izimi, makrome, ah\u015fap ve ta\u015f boyama, tak\u0131-tasar\u0131m kurslar\u0131 ile farkl\u0131 ve renkli etkinliklere de e\u015flik etti. Bulu\u015fmada, vatan topra\u011f\u0131 u\u011fruna hayatlar\u0131n\u0131 feda eden t\u00fcm \u015fehitler dualar edildi.\u00a0<\/p>\n<p>Ziyareti hakk\u0131nda de\u011ferlendirme yapan Ba\u015fkan G\u00fcltak, \u00c7evre \u015eehircilik Bakanl\u0131\u011f\u0131, Gen\u00e7lik ve Spor Bakanl\u0131\u011f\u0131 ile TBMM Plan ve B\u00fct\u00e7e Komisyonu Ba\u015fkan\u0131 L\u00fctfi Elvan\u2019\u0131n destek ve katk\u0131lar\u0131yla Silifke\u2019de bulunan kamplar\u0131n Akdeniz sakinlerine a\u00e7\u0131ld\u0131\u011f\u0131n\u0131 belirterek, \u201cBug\u00fcn de \u015fehit ailelerimizle birlikte b\u00f6ylesi g\u00fczel bir ortamda bir araday\u0131z. \u015eehit annelerimiz, yak\u0131nlar\u0131 ile engelli vatanda\u015flar\u0131m\u0131z burada 3 g\u00fcn boyunca kampa girdiler. Konuklar\u0131m\u0131z, g\u00f6n\u00fcllerince e\u011flenip, farkl\u0131 etkinliklerle tatilin keyfini \u00e7\u0131kard\u0131lar. \u015eehit ailelerimizin ba\u015f\u0131m\u0131z\u0131n \u00fcst\u00fcnde yeri var. Her \u015feyin en g\u00fczeline lay\u0131klar. Onlar i\u00e7in elimizden gelen her t\u00fcrl\u00fc hizmet ve projeyi sunmaya devam edece\u011fiz\u201d diye konu\u015ftu.\u00a0<br \/>\nG\u00fcltak, ilerleyen haftalarda sadece engelli vatanda\u015flar\u0131 kampa g\u00f6ndereceklerini, sonras\u0131nda da hayat\u0131nda hi\u00e7 tatil yapmam\u0131\u015f, belki denize bile gidememi\u015f 65 ya\u015f\u0131n\u0131 ge\u00e7mi\u015f \u00e7iftleri kampa yollayacaklar\u0131n\u0131 belirtti. G\u00fcltak, \u201cDevletimizin imkanlar\u0131ndan t\u00fcm insanlar\u0131m\u0131z\u0131n faydalanmas\u0131n\u0131 sa\u011flayaca\u011f\u0131z\u201d dedi. \u00a0<\/p>\n","protected":false},"excerpt":{"rendered":"<p>Akdeniz Belediye Ba\u015fkan\u0131 Muhammet Mustafa G\u00fcltak, belediye taraf\u0131ndan Silifke il\u00e7esindeki Kap\u0131zl\u0131 yaz kamp\u0131na g\u00f6nderilen \u015fehit aileleri ve engelli vatanda\u015flarla bulu\u015ftu. G\u00fcltak, \u201c\u015eehit annelerimiz, yak\u0131nlar\u0131 ile engelli vatanda\u015flar\u0131m\u0131z 3 g\u00fcn boyunca &hellip; <a href=\"https:\/\/akdenizolaygazetesi.com\/?p=8131\" class=\"more-link\">Devam\u0131n\u0131 Oku&#8230;<\/a><\/p>\n","protected":false},"author":1,"featured_media":0,"comment_status":"open","ping_status":"open","sticky":false,"template":"","format":"standard","meta":[],"categories":[],"tags":[],"_links":{"self":[{"href":"https:\/\/akdenizolaygazetesi.com\/index.php?rest_route=\/wp\/v2\/posts\/8131"}],"collection":[{"href":"https:\/\/akdenizolaygazetesi.com\/index.php?rest_route=\/wp\/v2\/posts"}],"about":[{"href":"https:\/\/akdenizolaygazetesi.com\/index.php?rest_route=\/wp\/v2\/types\/post"}],"author":[{"embeddable":true,"href":"https:\/\/akdenizolaygazetesi.com\/index.php?rest_route=\/wp\/v2\/users\/1"}],"replies":[{"embeddable":true,"href":"https:\/\/akdenizolaygazetesi.com\/index.php?rest_route=%2Fwp%2Fv2%2Fcomments&post=8131"}],"version-history":[{"count":0,"href":"https:\/\/akdenizolaygazetesi.com\/index.php?rest_route=\/wp\/v2\/posts\/8131\/revisions"}],"wp:attachment":[{"href":"https:\/\/akdenizolaygazetesi.com\/index.php?rest_route=%2Fwp%2Fv2%2Fmedia&parent=8131"}],"wp:term":[{"taxonomy":"category","embeddable":true,"href":"https:\/\/akdenizolaygazetesi.com\/index.php?rest_route=%2Fwp%2Fv2%2Fcategories&post=8131"},{"taxonomy":"post_tag","embeddable":true,"href":"https:\/\/akdenizolaygazetesi.com\/index.php?rest_route=%2Fwp%2Fv2%2Ftags&post=8131"}],"curies":[{"name":"wp","href":"https:\/\/api.w.org\/{rel}","templated":true}]}}