{"id":8133,"date":"2020-11-04T18:28:36","date_gmt":"2020-11-04T15:28:36","guid":{"rendered":"http:\/\/mersinekonomipolitikagazetesi.com\/?p=8133"},"modified":"2020-11-04T18:28:36","modified_gmt":"2020-11-04T15:28:36","slug":"19-kisinin-testi-pozitif","status":"publish","type":"post","link":"https:\/\/akdenizolaygazetesi.com\/?p=8133","title":{"rendered":"19 K\u0130\u015e\u0130N\u0130N TEST\u0130 POZ\u0130T\u0130F!"},"content":{"rendered":"<p>Mersin&#8217;deki ya\u015fl\u0131 bak\u0131m<br \/>\nmerkezinde korona vir\u00fcs alarm\u0131<\/p>\n<p>Mersin Alzheimer Derne\u011fi\u2019nin ya\u015fl\u0131 bak\u0131m merkezinde kalan 17 ya\u015fl\u0131 ile 2 merkez g\u00f6revlisinin Covid-19 testlerinin pozitif \u00e7\u0131kmas\u0131 \u00fczerine kentteki \u00e7e\u015fitli hastanelere kald\u0131r\u0131larak tedavi alt\u0131na al\u0131nd\u0131klar\u0131 bildirildi.\u00a0<br \/>\nEdinilen bilgiye g\u00f6re, Mersin Alzheimer Derne\u011fi\u2019nin merkez Yeni\u015fehir il\u00e7esi 50. Y\u0131l Mahallesi&#8217;nde bulunan ya\u015fl\u0131 bak\u0131m merkezinde ya\u015fayan 17 ya\u015fl\u0131 vatanda\u015f ile 2 merkez g\u00f6revlisinin rutin olarak yap\u0131lan Covid-19 testleri pozitif \u00e7\u0131kt\u0131. Bunun \u00fczerine ikisi merkez g\u00f6revlisi 19 ki\u015fi, gece ge\u00e7 saatlerde ambulanslarla kentteki \u00e7e\u015fitli hastanelere kald\u0131r\u0131larak tedavi alt\u0131na al\u0131nd\u0131.\u00a0<\/p>\n<p>Merkezde 93 hasta, 64 personel bulunuyor\u00a0<br \/>\nT\u00fcrkiye Alzheimer Derne\u011fi Mersin \u015eubesi ve Mersin Alzheimer Derne\u011fi Ba\u015fkan\u0131 Prof. Dr. Aynur \u00d6zge, kurumda 93 hasta ve 64 personelinin bulundu\u011funu belirterek, bu ki\u015filerin her 14 g\u00fcnde bir personel vardiya de\u011fi\u015fimi s\u0131ras\u0131nda tarama testlerinin yap\u0131ld\u0131\u011f\u0131n\u0131 s\u00f6yledi. Personelin, hastalar\u0131 korumak i\u00e7in 14 g\u00fcn kurumda kald\u0131\u011f\u0131n\u0131, daha sonra bir ekip giderken di\u011fer bir ekibin geldi\u011fini ve yeni ekip gelmeden \u00f6nce test yap\u0131ld\u0131\u011f\u0131n\u0131 belirten \u00d6zge, &#8220;Bizim de birinci kat\u0131m\u0131zda ayakta, daha iyi durumda, hareket eder vaziyette ve Alzheimer hastal\u0131\u011f\u0131 daha hafif olan hastalar\u0131m\u0131z\u0131n rutin tarama testlerinde, 17 hastam\u0131z ile iki personelimizin testleri pozitif \u00e7\u0131kt\u0131. Toplam 19 ki\u015fi, 17\u2019si hasta, ikisi personel. Bu 17 hastan\u0131n ikisinin ate\u015f y\u00fcksekli\u011fi var, di\u011ferlerinin herhangi bir klinik g\u00f6stergesi yok&#8221; dedi.\u00a0<\/p>\n<p>Kalan di\u011fer hasta ve personel de teste tabi tutuldu\u00a0<br \/>\nKanun gere\u011fi bu insanlar\u0131n testleri negatif oluncaya kadar hastane ortam\u0131nda takip edilmeleri gerekti\u011fi i\u00e7in hepsinin hastanelere sevk edildi\u011fini ifade eden Aynur \u00d6zge, \u015f\u00f6yle devam etti: &#8220;\u015eehir Hastanesi, Toros Devlet Hastanesi, Erdemli, \u00fcniversite gibi nerede bo\u015f yer varsa sevkiyat\u0131 yap\u0131ld\u0131. \u0130ki personelimizin genel durumu iyi oldu\u011fu i\u00e7in onlar\u0131n evde takip edilmelerine karar verildi. Biz de \u015fu anda kalan hastalar ve di\u011fer personeli de, herhangi bir sorun olmamas\u0131 i\u00e7in emin olmak a\u00e7\u0131s\u0131ndan, ikinci bir kez daha tarama testi yapt\u0131rd\u0131k. Sonu\u00e7lar\u0131n\u0131 bekliyoruz. Hastanelerde yatan hastalar\u0131m\u0131z\u0131n durumlar\u0131n\u0131 da s\u00fcrekli takip ediyoruz. Sa\u011fl\u0131k durumu ciddi olan bir hastam\u0131z yok Allah\u2019a \u015f\u00fck\u00fcr, personelimiz de yok. Aylard\u0131r kuruma giri\u015f \u00e7\u0131k\u0131\u015f yasak, her t\u00fcrl\u00fc \u00f6nlemi ald\u0131k. Ama bunun giri\u015f kayna\u011f\u0131 olarak da bir hafta \u00f6nce kalple ilgili bir problemden dolay\u0131 hastaneye sevk edilen bir hasta oldu\u011funu, filyasyon ekipleri bize ifade etti. Tabi kimsenin y\u00fczde 100 bilme ihtimali yok.&#8221; \u00a0\u00a0<\/p>\n","protected":false},"excerpt":{"rendered":"<p>Mersin&#8217;deki ya\u015fl\u0131 bak\u0131m merkezinde korona vir\u00fcs alarm\u0131 Mersin Alzheimer Derne\u011fi\u2019nin ya\u015fl\u0131 bak\u0131m merkezinde kalan 17 ya\u015fl\u0131 ile 2 merkez g\u00f6revlisinin Covid-19 testlerinin pozitif \u00e7\u0131kmas\u0131 \u00fczerine kentteki \u00e7e\u015fitli hastanelere kald\u0131r\u0131larak tedavi &hellip; <a href=\"https:\/\/akdenizolaygazetesi.com\/?p=8133\" class=\"more-link\">Devam\u0131n\u0131 Oku&#8230;<\/a><\/p>\n","protected":false},"author":1,"featured_media":0,"comment_status":"open","ping_status":"open","sticky":false,"template":"","format":"standard","meta":[],"categories":[],"tags":[],"_links":{"self":[{"href":"https:\/\/akdenizolaygazetesi.com\/index.php?rest_route=\/wp\/v2\/posts\/8133"}],"collection":[{"href":"https:\/\/akdenizolaygazetesi.com\/index.php?rest_route=\/wp\/v2\/posts"}],"about":[{"href":"https:\/\/akdenizolaygazetesi.com\/index.php?rest_route=\/wp\/v2\/types\/post"}],"author":[{"embeddable":true,"href":"https:\/\/akdenizolaygazetesi.com\/index.php?rest_route=\/wp\/v2\/users\/1"}],"replies":[{"embeddable":true,"href":"https:\/\/akdenizolaygazetesi.com\/index.php?rest_route=%2Fwp%2Fv2%2Fcomments&post=8133"}],"version-history":[{"count":0,"href":"https:\/\/akdenizolaygazetesi.com\/index.php?rest_route=\/wp\/v2\/posts\/8133\/revisions"}],"wp:attachment":[{"href":"https:\/\/akdenizolaygazetesi.com\/index.php?rest_route=%2Fwp%2Fv2%2Fmedia&parent=8133"}],"wp:term":[{"taxonomy":"category","embeddable":true,"href":"https:\/\/akdenizolaygazetesi.com\/index.php?rest_route=%2Fwp%2Fv2%2Fcategories&post=8133"},{"taxonomy":"post_tag","embeddable":true,"href":"https:\/\/akdenizolaygazetesi.com\/index.php?rest_route=%2Fwp%2Fv2%2Ftags&post=8133"}],"curies":[{"name":"wp","href":"https:\/\/api.w.org\/{rel}","templated":true}]}}