{"id":8134,"date":"2020-11-04T18:28:36","date_gmt":"2020-11-04T15:28:36","guid":{"rendered":"http:\/\/mersinekonomipolitikagazetesi.com\/?p=8134"},"modified":"2020-11-04T18:28:36","modified_gmt":"2020-11-04T15:28:36","slug":"mersinde-65-yas-ustune-kisitlama","status":"publish","type":"post","link":"https:\/\/akdenizolaygazetesi.com\/?p=8134","title":{"rendered":"MERS\u0130N\u2019DE 65 YA\u015e \u00dcST\u00dcNE KISITLAMA!"},"content":{"rendered":"<p>Mersin\u2019de vaka art\u0131\u015f\u0131 sonras\u0131 \u00f6 Mersin \u0130l H\u0131fz\u0131ss\u0131hha Kurulu\u2019ndan 65 ya\u015f \u00fcst\u00fc vatanda\u015flara bir tak\u0131m k\u0131s\u0131tlama geldi.<\/p>\n<p>65 ya\u015f ve \u00fcst\u00fc vatanda\u015flar\u0131n 08:00-10:00 ve 16:30-19:30 saat aral\u0131\u011f\u0131nda toplu ta\u015f\u0131ma ara\u00e7lar\u0131n\u0131 kullanmalar\u0131n\u0131n yasakland\u0131\u011f\u0131 a\u00e7\u0131klan\u0131rken, semt pazar\u0131 ve pazar yerlerinde kalabal\u0131k olmayan 08:00-14:00 saatleri aras\u0131nda bulunmalar\u0131na, bu saatler d\u0131\u015f\u0131nda kalan saatlerde semt pazar\u0131 ve pazar yerlerine giri\u015flerine<br \/>\nde yasaklama geldi.<br \/>\nYine 65 ya\u015f ve \u00fcst\u00fc vatanda\u015flar\u0131n 1. ve 2. derece yak\u0131nlar\u0131 hari\u00e7 d\u00fc\u011f\u00fcn, ni\u015fan, nikah, s\u00fcnnet gibi etkinliklere kat\u0131l\u0131m\u0131 da yasaklan\u0131rken 65 ya\u015f ve \u00fcst\u00fc vatanda\u015flar cenaze ve s\u00fcnnet merasimleri sonras\u0131 mevlid, dua merasimleri ile sosyal faaliyetler, kalabal\u0131k organizasyonlara kat\u0131lmas\u0131 da ortadan kald\u0131r\u0131ld\u0131.<br \/>\nBunun yan\u0131 s\u0131ra spor merkezleri, spor tesisleri ve spor salonlar\u0131nda tak\u0131m ve temas halindeki sporlar, e\u011flence ama\u00e7l\u0131 ma\u00e7lar veya ki\u015filerin birbirleriyle yak\u0131n temas\u0131n\u0131 faaliyetlere de kesinlikle kat\u0131lamayacak.<br \/>\n65 ya\u015f ve \u00fcst\u00fc vatanda\u015flar\u0131n yurt i\u00e7i \u015fehirler aras\u0131 seyahatleri ise 01-Kas\u0131m -2020 tarihine kadar yasaklan\u0131rken. yurt d\u0131\u015f\u0131na \u00e7\u0131k\u0131\u015flar da Haziran 2021 tarihine kadar yasakland\u0131.\u00a0<\/p>\n<p>65 ya\u015f ve \u00fcst\u00fc vatanda\u015flar al\u0131\u015fveri\u015f merkezlerine , \u00e7ar\u015f\u0131 ve di\u011fer al\u0131\u015fveri\u015f yerlerinde kalabal\u0131k olmayan ma\u011fazalarda 08:00-14:00 saatleri aras\u0131nda bulunabilecekken, \u00a0Son olarak 65 ya\u015f ve \u00fcst\u00fc vatanda\u015flar\u0131n halen bir i\u015fyerinde aktif olarak \u00e7al\u0131\u015ft\u0131klar\u0131n\u0131 belgelemek kayd\u0131yla al\u0131nan kararlardan muaf tutulmas\u0131na karar verildi.\u00a0<\/p>\n","protected":false},"excerpt":{"rendered":"<p>Mersin\u2019de vaka art\u0131\u015f\u0131 sonras\u0131 \u00f6 Mersin \u0130l H\u0131fz\u0131ss\u0131hha Kurulu\u2019ndan 65 ya\u015f \u00fcst\u00fc vatanda\u015flara bir tak\u0131m k\u0131s\u0131tlama geldi. 65 ya\u015f ve \u00fcst\u00fc vatanda\u015flar\u0131n 08:00-10:00 ve 16:30-19:30 saat aral\u0131\u011f\u0131nda toplu ta\u015f\u0131ma ara\u00e7lar\u0131n\u0131 &hellip; <a href=\"https:\/\/akdenizolaygazetesi.com\/?p=8134\" class=\"more-link\">Devam\u0131n\u0131 Oku&#8230;<\/a><\/p>\n","protected":false},"author":1,"featured_media":0,"comment_status":"open","ping_status":"open","sticky":false,"template":"","format":"standard","meta":[],"categories":[],"tags":[],"_links":{"self":[{"href":"https:\/\/akdenizolaygazetesi.com\/index.php?rest_route=\/wp\/v2\/posts\/8134"}],"collection":[{"href":"https:\/\/akdenizolaygazetesi.com\/index.php?rest_route=\/wp\/v2\/posts"}],"about":[{"href":"https:\/\/akdenizolaygazetesi.com\/index.php?rest_route=\/wp\/v2\/types\/post"}],"author":[{"embeddable":true,"href":"https:\/\/akdenizolaygazetesi.com\/index.php?rest_route=\/wp\/v2\/users\/1"}],"replies":[{"embeddable":true,"href":"https:\/\/akdenizolaygazetesi.com\/index.php?rest_route=%2Fwp%2Fv2%2Fcomments&post=8134"}],"version-history":[{"count":0,"href":"https:\/\/akdenizolaygazetesi.com\/index.php?rest_route=\/wp\/v2\/posts\/8134\/revisions"}],"wp:attachment":[{"href":"https:\/\/akdenizolaygazetesi.com\/index.php?rest_route=%2Fwp%2Fv2%2Fmedia&parent=8134"}],"wp:term":[{"taxonomy":"category","embeddable":true,"href":"https:\/\/akdenizolaygazetesi.com\/index.php?rest_route=%2Fwp%2Fv2%2Fcategories&post=8134"},{"taxonomy":"post_tag","embeddable":true,"href":"https:\/\/akdenizolaygazetesi.com\/index.php?rest_route=%2Fwp%2Fv2%2Ftags&post=8134"}],"curies":[{"name":"wp","href":"https:\/\/api.w.org\/{rel}","templated":true}]}}