{"id":8135,"date":"2020-11-04T18:28:36","date_gmt":"2020-11-04T15:28:36","guid":{"rendered":"http:\/\/mersinekonomipolitikagazetesi.com\/?p=8135"},"modified":"2020-11-04T18:28:36","modified_gmt":"2020-11-04T15:28:36","slug":"silifke-mut-karayolu-ne-zaman-acilacak","status":"publish","type":"post","link":"https:\/\/akdenizolaygazetesi.com\/?p=8135","title":{"rendered":"Silifke-Mut Karayolu ne zaman a\u00e7\u0131lacak?"},"content":{"rendered":"<p>8 A\u011fustos\u2019ta heyelan nedeniyle kapanan ve hala a\u00e7\u0131lamayan Mersin Silifke-Mut Karayolunu CHP Mersin Milletvekili Alpay Antmen Meclis G\u00fcndemine ta\u015f\u0131d\u0131.\u00a0<br \/>\nUla\u015ft\u0131rma ve Altyap\u0131 Bakan\u0131 Adil Karaismailo\u011flu taraf\u0131ndan yan\u0131tlanmas\u0131 istemiyle soru \u00f6nergesi veren Antmen, Akdeniz ve \u0130\u00e7 Anadolu&#8217;yu birbirine ba\u011flayan Mersin&#8217;deki Silifke-Mut Karayolunun, 8 A\u011fustos 2020 tarihinde heyelan nedeniyle ula\u015f\u0131ma kapand\u0131\u011f\u0131n\u0131 belirterek \u201cYol \u00e7al\u0131\u015fmalar\u0131n\u0131n yap\u0131ld\u0131\u011f\u0131 kara yolunun 32-33. Kilometresinde meydana gelen heyelan sonras\u0131nda y\u00fcklenici firmaya ait 2 i\u015f makinesinin toprak alt\u0131nda kald\u0131\u011f\u0131 belirtilmi\u015ftir. Aradan bir aya yak\u0131n s\u00fcrenin ge\u00e7mesine ra\u011fmen Silifke-Mut Karayolu halen ula\u015f\u0131ma a\u00e7\u0131labilmi\u015f de\u011fildir. Bu nedenle vatanda\u015flar b\u00fcy\u00fck bir ma\u011fduriyet ya\u015famaktad\u0131r\u201d ifadelerini kulland\u0131.\u00a0<br \/>\nCHP\u2019li Vekilin \u00f6nergesinde yer alan sorular \u015fu \u015fekilde;\u00a0<br \/>\n\u2013 Heyelan nedeniyle 8 A\u011fustos 2020 tarihinde kapanan Silifke-Mut Karayolu ne zaman a\u00e7\u0131lacakt\u0131r? Aradan bir aya yak\u0131n bir s\u00fcre ge\u00e7mesine ra\u011fmen neden halen gereken \u00e7al\u0131\u015fma yap\u0131lmamaktad\u0131r?\u00a0<br \/>\n\u2013 Heyelan nedeniyle kapanan yolun a\u00e7\u0131lmas\u0131 i\u00e7in ilgili Bakanl\u0131k ve ba\u011fl\u0131 yetkili kurumlar taraf\u0131ndan gerekli planlar ve giri\u015fimler yap\u0131lm\u0131\u015f m\u0131d\u0131r? Varsa bunlar nelerdir? Yoksa neden beklenilmektedir?\u00a0<br \/>\n\u2013 Silifke-Mut Karayolunun heyelan nedeniyle kapanmas\u0131nda ve halen a\u00e7\u0131lamamas\u0131nda herhangi bir ihmal bulunmakta m\u0131d\u0131r? Varsa bunlar nelerdir? Konuyla ilgili ne t\u00fcr idari i\u015flemler yap\u0131lm\u0131\u015ft\u0131r?\u00a0<br \/>\n\u2013 \u00c7al\u0131\u015fmalar\u0131n yap\u0131ld\u0131\u011f\u0131 Silifke-Mut Karayolunun ihalesi ne \u015fekilde ve kimler taraf\u0131ndan yap\u0131lm\u0131\u015ft\u0131r? \u0130haleye ka\u00e7 firma kat\u0131lm\u0131\u015ft\u0131r? \u0130haleyi hangi firma kazanm\u0131\u015ft\u0131r? \u0130hale bedeli ne olmu\u015ftur? Teknik \u015fartnamede belirtilen yolun biti\u015f tarihi nedir?\u00a0<\/p>\n","protected":false},"excerpt":{"rendered":"<p>8 A\u011fustos\u2019ta heyelan nedeniyle kapanan ve hala a\u00e7\u0131lamayan Mersin Silifke-Mut Karayolunu CHP Mersin Milletvekili Alpay Antmen Meclis G\u00fcndemine ta\u015f\u0131d\u0131.\u00a0 Ula\u015ft\u0131rma ve Altyap\u0131 Bakan\u0131 Adil Karaismailo\u011flu taraf\u0131ndan yan\u0131tlanmas\u0131 istemiyle soru \u00f6nergesi &hellip; <a href=\"https:\/\/akdenizolaygazetesi.com\/?p=8135\" class=\"more-link\">Devam\u0131n\u0131 Oku&#8230;<\/a><\/p>\n","protected":false},"author":1,"featured_media":0,"comment_status":"open","ping_status":"open","sticky":false,"template":"","format":"standard","meta":[],"categories":[],"tags":[],"_links":{"self":[{"href":"https:\/\/akdenizolaygazetesi.com\/index.php?rest_route=\/wp\/v2\/posts\/8135"}],"collection":[{"href":"https:\/\/akdenizolaygazetesi.com\/index.php?rest_route=\/wp\/v2\/posts"}],"about":[{"href":"https:\/\/akdenizolaygazetesi.com\/index.php?rest_route=\/wp\/v2\/types\/post"}],"author":[{"embeddable":true,"href":"https:\/\/akdenizolaygazetesi.com\/index.php?rest_route=\/wp\/v2\/users\/1"}],"replies":[{"embeddable":true,"href":"https:\/\/akdenizolaygazetesi.com\/index.php?rest_route=%2Fwp%2Fv2%2Fcomments&post=8135"}],"version-history":[{"count":0,"href":"https:\/\/akdenizolaygazetesi.com\/index.php?rest_route=\/wp\/v2\/posts\/8135\/revisions"}],"wp:attachment":[{"href":"https:\/\/akdenizolaygazetesi.com\/index.php?rest_route=%2Fwp%2Fv2%2Fmedia&parent=8135"}],"wp:term":[{"taxonomy":"category","embeddable":true,"href":"https:\/\/akdenizolaygazetesi.com\/index.php?rest_route=%2Fwp%2Fv2%2Fcategories&post=8135"},{"taxonomy":"post_tag","embeddable":true,"href":"https:\/\/akdenizolaygazetesi.com\/index.php?rest_route=%2Fwp%2Fv2%2Ftags&post=8135"}],"curies":[{"name":"wp","href":"https:\/\/api.w.org\/{rel}","templated":true}]}}