{"id":8136,"date":"2020-11-04T18:28:36","date_gmt":"2020-11-04T15:28:36","guid":{"rendered":"http:\/\/mersinekonomipolitikagazetesi.com\/?p=8136"},"modified":"2020-11-04T18:28:36","modified_gmt":"2020-11-04T15:28:36","slug":"buyuksehirin-akkuyu-meclis-kararina-itirazlar-basladi","status":"publish","type":"post","link":"https:\/\/akdenizolaygazetesi.com\/?p=8136","title":{"rendered":"B\u00dcY\u00dcK\u015eEH\u0130R\u2019\u0130N  AKKUYU MECL\u0130S KARARINA \u0130T\u0130RAZLAR  BA\u015eLADI"},"content":{"rendered":"<p>10 A\u011fustos 2020 tarihli Mersin B\u00fcy\u00fck\u015fehir Meclisi&#8217;nde kabul edilen Akkuyu Enerji \u0130letim Hatlar\u0131 Altyap\u0131 Tesisleri imar de\u011fi\u015fikliklerine vatanda\u015f taraf\u0131ndan itirazlar ba\u015flad\u0131. N\u00fckleer Kar\u015f\u0131t\u0131 Platformu (NKP) Bile\u015fenleri ve Mersinli vatanda\u015flar itiraz dilek\u00e7elerini, yap\u0131lan bas\u0131n a\u00e7\u0131klamas\u0131 sonras\u0131 Mersin B\u00fcy\u00fck\u015fehir Belediyesi B\u00fcy\u00fck\u015fehir Ta\u015f Bina giri\u015fi evrak kayd\u0131na verdi.\u00a0<br \/>\nBireysel ve kurumsal olarak 25 Eyl\u00fcl 2020 tarihine kadar itirazlar yap\u0131labiliyor. \u0130tirazlar yeterli \u00e7o\u011funlukta olursa ilgili komisyonda g\u00f6r\u00fc\u015f\u00fcl\u00fcp, tekrar meclis g\u00fcndemine gelebilecek.\u00a0<\/p>\n<p>\u201cMersin\u2019in gelece\u011fi ve \u00e7ocuklar\u0131m\u0131z i\u00e7in s\u0131ra sende\u201d<\/p>\n<p>Mersin B\u00fcy\u00fck\u015fehir Belediyesi \u00f6n\u00fcnde toplanan platform \u00fcyeleri ad\u0131na konu\u015fan NKP S\u00f6zc\u00fcs\u00fc Aycan \u00d6zcan, Akkuyu\u2019da yap\u0131lmak istenen ve in\u015faat\u0131 devam eden Akkuyu N\u00fckleer Santrale kar\u015f\u0131 verdikleri m\u00fccadelenin yeni bir d\u00f6neme girdi\u011fini s\u00f6yledi.\u00a0<br \/>\n\u015eimdiye kadar istedikleri sonucu alamad\u0131klar\u0131n\u0131 kaydeden \u00d6zcan, &#8220;\u015eunu biliyoruz. Halk direnirse kendi ya\u015fam hakk\u0131n\u0131 elde edecektir. Gelin Mersin halk\u0131n\u0131n size olan g\u00fcvenini bo\u015fa \u00e7\u0131karmay\u0131n. Akkuyu\u2019da telafisi m\u00fcmk\u00fcn ve geri d\u00f6n\u00fc\u015f\u00fc m\u00fcmk\u00fcn olmayan o in\u015faat\u0131 durdural\u0131m. Hep birlikte ya\u015fan\u0131l\u0131r bir Mersin, ya\u015fan\u0131l\u0131r bir Akdeniz\u2019e kavu\u015fal\u0131m. Mersin\u2019in gelece\u011fi ve \u00e7ocuklar\u0131m\u0131z i\u00e7in s\u0131ra sende.\u201d \u015feklinde konu\u015ftu. Ard\u0131ndan platformu \u00fcyeleri yanlar\u0131nda getirdikleri dilek\u00e7eyi Mersin B\u00fcy\u00fck\u015fehir Belediye Ba\u015fkanl\u0131\u011f\u0131na iletilmek \u00fczere yetkililere teslim etti.<\/p>\n","protected":false},"excerpt":{"rendered":"<p>10 A\u011fustos 2020 tarihli Mersin B\u00fcy\u00fck\u015fehir Meclisi&#8217;nde kabul edilen Akkuyu Enerji \u0130letim Hatlar\u0131 Altyap\u0131 Tesisleri imar de\u011fi\u015fikliklerine vatanda\u015f taraf\u0131ndan itirazlar ba\u015flad\u0131. N\u00fckleer Kar\u015f\u0131t\u0131 Platformu (NKP) Bile\u015fenleri ve Mersinli vatanda\u015flar itiraz &hellip; <a href=\"https:\/\/akdenizolaygazetesi.com\/?p=8136\" class=\"more-link\">Devam\u0131n\u0131 Oku&#8230;<\/a><\/p>\n","protected":false},"author":1,"featured_media":0,"comment_status":"open","ping_status":"open","sticky":false,"template":"","format":"standard","meta":[],"categories":[],"tags":[],"_links":{"self":[{"href":"https:\/\/akdenizolaygazetesi.com\/index.php?rest_route=\/wp\/v2\/posts\/8136"}],"collection":[{"href":"https:\/\/akdenizolaygazetesi.com\/index.php?rest_route=\/wp\/v2\/posts"}],"about":[{"href":"https:\/\/akdenizolaygazetesi.com\/index.php?rest_route=\/wp\/v2\/types\/post"}],"author":[{"embeddable":true,"href":"https:\/\/akdenizolaygazetesi.com\/index.php?rest_route=\/wp\/v2\/users\/1"}],"replies":[{"embeddable":true,"href":"https:\/\/akdenizolaygazetesi.com\/index.php?rest_route=%2Fwp%2Fv2%2Fcomments&post=8136"}],"version-history":[{"count":0,"href":"https:\/\/akdenizolaygazetesi.com\/index.php?rest_route=\/wp\/v2\/posts\/8136\/revisions"}],"wp:attachment":[{"href":"https:\/\/akdenizolaygazetesi.com\/index.php?rest_route=%2Fwp%2Fv2%2Fmedia&parent=8136"}],"wp:term":[{"taxonomy":"category","embeddable":true,"href":"https:\/\/akdenizolaygazetesi.com\/index.php?rest_route=%2Fwp%2Fv2%2Fcategories&post=8136"},{"taxonomy":"post_tag","embeddable":true,"href":"https:\/\/akdenizolaygazetesi.com\/index.php?rest_route=%2Fwp%2Fv2%2Ftags&post=8136"}],"curies":[{"name":"wp","href":"https:\/\/api.w.org\/{rel}","templated":true}]}}