{"id":8137,"date":"2020-11-04T18:28:36","date_gmt":"2020-11-04T15:28:36","guid":{"rendered":"http:\/\/mersinekonomipolitikagazetesi.com\/?p=8137"},"modified":"2020-11-04T18:28:36","modified_gmt":"2020-11-04T15:28:36","slug":"imkani-olmayanlar-test-yaptiramiyor","status":"publish","type":"post","link":"https:\/\/akdenizolaygazetesi.com\/?p=8137","title":{"rendered":"\u0130MKANI OLMAYANLAR TEST YAPTIRAMIYOR!"},"content":{"rendered":"<p>\u201cMERS\u0130N KORONAV\u0130R\u00dcS ADINA ALARM VER\u0130YOR\u201d <\/p>\n<p>\u201cMersin ili genelinde g\u00fcnl\u00fck vaka say\u0131s\u0131 300\u2019\u00fcn \u00fczerindeyken \u00fclke genelindeki g\u00fcnl\u00fck vaka say\u0131s\u0131n\u0131n 1500-1600 aras\u0131nda a\u00e7\u0131klanmas\u0131 ne kadar ger\u00e7ek\u00e7idir?\u201d<\/p>\n<p>\u201cMersin Serbest b\u00f6lgesinden tutun, PTT \u00e7al\u0131\u015fanlar\u0131na kadar herkesin sa\u011fl\u0131\u011f\u0131 g\u00fcvence alt\u0131na al\u0131nmal\u0131d\u0131r.\u201d<\/p>\n<p>CHP Mersin Milletvekili ve Parti Meclisi \u00dcyesi Ali Mahir Ba\u015far\u0131r, Mersin ilindeki Covid- 19 vaka say\u0131lar\u0131n\u0131n tehlikeli boyutlara ula\u015fmas\u0131 ile ilgili yaz\u0131l\u0131 soru \u00f6nergesi verdi.\u00a0<br \/>\nCHP\u2019li Ba\u015far\u0131r, \u201ctedbirlerin al\u0131nd\u0131\u011f\u0131 s\u00fcre\u00e7te Mersin ilinde sadece toplam vaka say\u0131s\u0131 260 iken, bug\u00fcn ise g\u00fcnl\u00fck yeni vaka say\u0131s\u0131n\u0131n 300\u2019\u00fcn \u00fczerinde olmas\u0131 olduk\u00e7a tehlikeli ve endi\u015fe vericidir\u201d dedi.\u00a0<br \/>\nMersin genelinde Covid-19 vakalar\u0131 a\u015f\u0131r\u0131 derecede halk sa\u011fl\u0131\u011f\u0131n\u0131 tehdit ederken Mersin \u0130l Pandemi Kurulu\u2019nun 12 Nisan 2020 tarihinden bu zamana kadar toplanmamas\u0131 anla\u015f\u0131l\u0131r gibi de\u011fildir diyen CHP\u2019li Ba\u015far\u0131r, \u201cMersin\u2019de \u00f6nemli bir meslek kurulu\u015fu olan Mersin Tabip Odas\u0131\u2019n\u0131n, Covid-19 vakalar\u0131n\u0131n h\u0131zla art\u0131\u015f g\u00f6stermesi ve gerekli \u00f6nlemlerin al\u0131nmas\u0131 konusunda Mersin Valili\u011fi ve \u0130l Sa\u011fl\u0131k M\u00fcd\u00fcrl\u00fc\u011f\u00fc\u2019nden \u0131srarla talep ettikleri randevular\u0131n yan\u0131ts\u0131z kalmas\u0131 kabul edilebilir de\u011fildir.\u201d dedi.\u00a0<br \/>\nMersin\u2019deki t\u00fcm \u00e7al\u0131\u015fan kesimlerden\u00a0<br \/>\nCovid-19 vakalar\u0131yla ilgili gerekli \u00f6nlemlerin al\u0131nmad\u0131\u011f\u0131, test taleplerinin yerine getirilmedi\u011fi konusunda \u015fik\u00e2yet telefonlar\u0131 ald\u0131\u011f\u0131n\u0131 belirten Ba\u015far\u0131r, \u201cNe yaz\u0131k ki imk\u00e2nlar\u0131 olanlar testlerini yapt\u0131rma \u015fans\u0131na sahip olurken, di\u011fer yandan i\u015f\u00e7ilerimizin, evinin ge\u00e7imini zor sa\u011flayan vatanda\u015flar\u0131m\u0131z ve ailelerinin test yapt\u0131ramamas\u0131 sosyal devlet anlay\u0131\u015f\u0131 ile ba\u011fda\u015fmamaktad\u0131r. Mersin Serbest b\u00f6lgesinden tutun, PTT \u00e7al\u0131\u015fanlar\u0131na kadar herkesin sa\u011fl\u0131\u011f\u0131 g\u00fcvence alt\u0131na al\u0131nmal\u0131d\u0131r.\u201d dedi.\u00a0<br \/>\nCHP\u2019li Ba\u015far\u0131r, Sa\u011fl\u0131k Bakan\u0131 Fahrettin Koca\u2019n\u0131n yaz\u0131l\u0131 olarak yan\u0131tlamas\u0131 ile ilgili vermi\u015f oldu\u011fu \u00f6nergesinde, \u201cSadece Mersin ili genelinde g\u00fcnl\u00fck vaka say\u0131s\u0131 300\u2019\u00fcn \u00fczerindeyken \u00fclke genelindeki g\u00fcnl\u00fck vaka say\u0131s\u0131n\u0131n 1500-1600 aras\u0131nda a\u00e7\u0131klanmas\u0131 ne kadar ger\u00e7ek\u00e7idir?\u201d sorusuna yan\u0131t arad\u0131.\u00a0<\/p>\n<p>Covid-19 ile m\u00fccadelede sadece ekonomik tedbirler alman\u0131n do\u011fru olmayaca\u011f\u0131n\u0131 s\u00f6yleyen CHP Mersin Milletvekili Ali Mahir Ba\u015far\u0131r, Mersin ve \u00fclke genelinde bir an \u00f6nce vaka say\u0131lar\u0131n\u0131n d\u00fc\u015f\u00fcr\u00fclmesi konusunda ciddi \u00f6nlemlerin al\u0131nmas\u0131 ve hayata ge\u00e7irilmesi gerekti\u011fini s\u00f6yledi.<br \/>\n\u00a0<br \/>\nCHP Mersin Milletvekili Ali Mahir Ba\u015far\u0131r, yaz\u0131l\u0131 soru \u00f6nergesinde;<br \/>\n\u00a0<br \/>\n\u201c\u00dclke genelinde Covid-19 vaka say\u0131lar\u0131 ve buna ba\u011fl\u0131 olarak \u00f6l\u00fcm oranlar\u0131 h\u0131zla art\u0131\u015f g\u00f6stermeye ba\u015flam\u0131\u015ft\u0131r.<br \/>\n\u00d6nlemlerin al\u0131nd\u0131\u011f\u0131 11 Mart ve 11 May\u0131s 2020 tarihleri aras\u0131nda Mersin \u0130limizdeki toplam vaka say\u0131s\u0131 260 idi.<br \/>\nNe yaz\u0131k ki toplumsal \u00f6nlemlerin gev\u015fetildi\u011fi bu s\u00fcre\u00e7te se\u00e7im b\u00f6lgem olan Mersin ilinde g\u00fcnl\u00fck vaka say\u0131s\u0131 300\u2019\u00fcn \u00fczerine \u00e7\u0131km\u0131\u015f ve \u015fehir genelindeki toplam vaka say\u0131s\u0131 da 1200\u2019\u00fcn \u00fczerine ula\u015fm\u0131\u015ft\u0131r. Yeni bir toplumsal \u00f6nlemler al\u0131nmad\u0131\u011f\u0131 takdirde bu rakamlar, hem Mersin ilinde hem de T\u00fcrkiye genelinde daha korkutucu say\u0131lara ula\u015faca\u011f\u0131 a\u00e7\u0131kt\u0131r.<br \/>\nTest sonucu pozitif olup klini\u011fi iyi olan hastalar\u0131n, hastanelerdeki doluluktan dolay\u0131 evlerine g\u00f6nderilmesi de vakalar\u0131n artmas\u0131na sebep olmaktad\u0131r.<br \/>\nMersin Serbest B\u00f6lge \u00e7al\u0131\u015fanlar\u0131ndan, PTT \u00e7al\u0131\u015fanlar\u0131na kadar bir\u00e7ok kurumdaki g\u00f6revlilerin i\u015f yerlerinde vaka g\u00f6r\u00fclmesine ra\u011fmen test taleplerinin yerine getirilmedi\u011fi bilinmektedir.<br \/>\nMersin ilimizde 12 Nisan 2020 tarihinden bu zamana kadar \u0130l Pandemi Kurulunun hi\u00e7 toplanmam\u0131\u015f olmas\u0131 yine \u0130l h\u0131fz\u0131ss\u0131hha Kurulunun da gerekli \u00f6nlemlerin al\u0131nmas\u0131 ad\u0131na toplanmamas\u0131 konuya g\u00f6sterilen \u00f6nemin ne kadar az oldu\u011funu g\u00f6zler \u00f6n\u00fcne sermektedir.<br \/>\nMersin Tabip Odas\u0131\u2019n\u0131n, Mersin ilindeki Covid-19 vakalar\u0131n\u0131n h\u0131zla art\u0131\u015f g\u00f6stermesi ve gerekli \u00f6nlemlerin al\u0131nmas\u0131 konusunda Mersin Valili\u011fi ve \u0130l Sa\u011fl\u0131k M\u00fcd\u00fcrl\u00fc\u011f\u00fc\u2019nden talep ettikleri randevular\u0131n yan\u0131ts\u0131z kalmas\u0131 \u00fcz\u00fcnt\u00fc vericidir.<br \/>\nSa\u011fl\u0131k Bakanl\u0131\u011f\u0131 Koronavir\u00fcs \u00a0Bilim Kurulu \u00dcyesi Prof. Dr. Tevfik \u00d6zl\u00fc\u2019n\u00fcn, &#8220;Durumu kontrol alt\u0131nda g\u00f6rm\u00fcyorum. \u00d6n\u00fcm\u00fczdeki g\u00fcz d\u00f6neminde daha da artabilece\u011finden endi\u015feliyim. Hem a\u011f\u0131r vaka say\u0131s\u0131 hem de can kayb\u0131 art\u0131yor. Salg\u0131nda kontrol\u00fc kaybediyor gibi duruyoruz. Bilim Kurulu olarak biz karar alam\u0131yoruz\u201d s\u00f6zleri \u00fclke genelindeki tehlikeli durumu ortaya koymaktad\u0131r\u201d a\u00e7\u0131klamalar\u0131na yer vererek \u015fu sorular\u0131n yan\u0131tlanmas\u0131n\u0131 istedi:<br \/>\n\u00a0<br \/>\nMersin ilinde Covid-19 vakalar\u0131n\u0131n korkutucu seviyede artmas\u0131na ra\u011fmen 12 Nisan 2020 tarihinden bu zamana kadar \u0130l pandemi Kurulu ve \u0130l h\u0131fz\u0131ss\u0131hha Kurullar\u0131n\u0131n toplanmamas\u0131n\u0131n gerek\u00e7eleri nelerdir?<br \/>\nMersin ve \u00fclke genelinde vaka say\u0131lar\u0131n\u0131n artmamas\u0131 ad\u0131na ne gibi \u00f6nlemler al\u0131nacakt\u0131r?<br \/>\nSadece Mersin ili genelinde g\u00fcnl\u00fck vaka say\u0131s\u0131 300\u2019\u00fcn \u00fczerindeyken \u00fclke genelindeki g\u00fcnl\u00fck vaka say\u0131s\u0131n\u0131n 1500-1600 aras\u0131nda a\u00e7\u0131klanmas\u0131 ne kadar ger\u00e7ek\u00e7idir?<br \/>\nMersin il ve il\u00e7elerinde bulunan hastanelerde yatak ve yo\u011fun bak\u0131m \u00fcnitesi say\u0131s\u0131 ve doluluk oran\u0131 ka\u00e7t\u0131r?<br \/>\nMersin il genelinde sa\u011fl\u0131k kurumlar\u0131nda toplan ka\u00e7 uzman doktor ve sa\u011fl\u0131k personeli bulunmaktad\u0131r? Covid-19 ile m\u00fccadele kapsam\u0131nda sa\u011fl\u0131k personeli ve sa\u011fl\u0131k ekipman\u0131 bak\u0131m\u0131ndan yetersizlik var m\u0131d\u0131r?<br \/>\nMersin ili genelinde son bir aydaki toplam vaka say\u0131s\u0131, \u00f6l\u00fcm say\u0131s\u0131 ve iyile\u015fen ki\u015fi say\u0131s\u0131 ka\u00e7t\u0131r?<br \/>\nCovid-19 ile m\u00fccadelede karar alma noktas\u0131nda, \u00a0Sa\u011fl\u0131k Bakanl\u0131\u011f\u0131 Koronavir\u00fcs \u00a0Bilim Kurulu \u00fcyelerinin g\u00f6r\u00fc\u015fleri dikkate al\u0131nmakta m\u0131d\u0131r?\u00a0<\/p>\n","protected":false},"excerpt":{"rendered":"<p>\u201cMERS\u0130N KORONAV\u0130R\u00dcS ADINA ALARM VER\u0130YOR\u201d \u201cMersin ili genelinde g\u00fcnl\u00fck vaka say\u0131s\u0131 300\u2019\u00fcn \u00fczerindeyken \u00fclke genelindeki g\u00fcnl\u00fck vaka say\u0131s\u0131n\u0131n 1500-1600 aras\u0131nda a\u00e7\u0131klanmas\u0131 ne kadar ger\u00e7ek\u00e7idir?\u201d \u201cMersin Serbest b\u00f6lgesinden tutun, PTT \u00e7al\u0131\u015fanlar\u0131na &hellip; <a href=\"https:\/\/akdenizolaygazetesi.com\/?p=8137\" class=\"more-link\">Devam\u0131n\u0131 Oku&#8230;<\/a><\/p>\n","protected":false},"author":1,"featured_media":0,"comment_status":"open","ping_status":"open","sticky":false,"template":"","format":"standard","meta":[],"categories":[],"tags":[],"_links":{"self":[{"href":"https:\/\/akdenizolaygazetesi.com\/index.php?rest_route=\/wp\/v2\/posts\/8137"}],"collection":[{"href":"https:\/\/akdenizolaygazetesi.com\/index.php?rest_route=\/wp\/v2\/posts"}],"about":[{"href":"https:\/\/akdenizolaygazetesi.com\/index.php?rest_route=\/wp\/v2\/types\/post"}],"author":[{"embeddable":true,"href":"https:\/\/akdenizolaygazetesi.com\/index.php?rest_route=\/wp\/v2\/users\/1"}],"replies":[{"embeddable":true,"href":"https:\/\/akdenizolaygazetesi.com\/index.php?rest_route=%2Fwp%2Fv2%2Fcomments&post=8137"}],"version-history":[{"count":0,"href":"https:\/\/akdenizolaygazetesi.com\/index.php?rest_route=\/wp\/v2\/posts\/8137\/revisions"}],"wp:attachment":[{"href":"https:\/\/akdenizolaygazetesi.com\/index.php?rest_route=%2Fwp%2Fv2%2Fmedia&parent=8137"}],"wp:term":[{"taxonomy":"category","embeddable":true,"href":"https:\/\/akdenizolaygazetesi.com\/index.php?rest_route=%2Fwp%2Fv2%2Fcategories&post=8137"},{"taxonomy":"post_tag","embeddable":true,"href":"https:\/\/akdenizolaygazetesi.com\/index.php?rest_route=%2Fwp%2Fv2%2Ftags&post=8137"}],"curies":[{"name":"wp","href":"https:\/\/api.w.org\/{rel}","templated":true}]}}