{"id":8138,"date":"2020-11-04T18:28:36","date_gmt":"2020-11-04T15:28:36","guid":{"rendered":"http:\/\/mersinekonomipolitikagazetesi.com\/?p=8138"},"modified":"2020-11-04T18:28:36","modified_gmt":"2020-11-04T15:28:36","slug":"nevin-yanit-baltaci-tecrubelerini-kucuklere-aktardi","status":"publish","type":"post","link":"https:\/\/akdenizolaygazetesi.com\/?p=8138","title":{"rendered":"Nevin Yan\u0131t Baltac\u0131 tecr\u00fcbelerini k\u00fc\u00e7\u00fcklere aktard\u0131"},"content":{"rendered":"<p>T\u00fcrk atletizminin en iyi k\u0131sa mesafe ko\u015fucular\u0131ndan Avrupa \u015fampiyonu ve olimpiyat 5\u2019incisi eski milli atlet Nevin Yan\u0131t Baltac\u0131, \u0130l Spor Merkezleri kapsam\u0131nda e\u011fitim g\u00f6ren sporculara tecr\u00fcbelerini aktar\u0131yor.<br \/>\n\u00a0<br \/>\nMersin Gen\u00e7lik ve Spor \u0130l M\u00fcd\u00fcrl\u00fc\u011f\u00fc taraf\u0131ndan Nevin Yan\u0131t Atletizm Kompleksi\u2019nde atletizm e\u011fitimi alan sporculara destek verip, gelece\u011fin \u015fampiyonlar\u0131n\u0131 yeti\u015ftirmeye ve tecr\u00fcbelerini aktarmaya ba\u015flayan Nevin Yan\u0131t Baltac\u0131, Gen\u00e7lik ve Spor \u0130l M\u00fcd\u00fcr\u00fc \u00d6kke\u015f Demir ile bir araya geldi. Gen\u00e7lik ve Spor Bakanl\u0131\u011f\u0131 taraf\u0131ndan ald\u0131\u011f\u0131 ba\u015far\u0131l\u0131 sonu\u00e7lar\u0131n ard\u0131ndan isminin verildi\u011fi atletizm kompleksinde gelece\u011fin sporcular\u0131na tecr\u00fcbe anlam\u0131nda bir \u015feyler \u00f6\u011fretmenin bir vefa borcu oldu\u011funu belirten Nevin Yan\u0131t Baltac\u0131, &#8220;K\u00fc\u00e7\u00fck ya\u015flardan beri atletizm sporu ile u\u011fra\u015f\u0131yorum. Bu s\u00fcre\u00e7te bir \u00e7ok ba\u015far\u0131ya imza att\u0131m. Art\u0131k gen\u00e7 sporcular i\u00e7in ilham kayna\u011f\u0131 olmak onlara destek vermek istiyorum. Gelece\u011fimiz olan \u00e7ocuklar\u0131m\u0131z ve gen\u00e7lerimiz i\u00e7in bir nebze olsun bir \u015feyler yapabilir, onlar\u0131n bir yerlere gelmelerine sebep olabilirsek ne mutlu bize. Gelece\u011fin Milli atlet adaylar\u0131 olan sporcular\u0131m\u0131z\u0131n zihinlerinde, Nevin Yan\u0131t olarak iyi, \u00f6rnek bir olmak istiyorum. Onlar\u0131 hedeflerine ula\u015fmalar\u0131 i\u00e7in elimden geleni yapaca\u011f\u0131m. Bu ba\u011flamda bizleri \u00f6nemseyerek ziyaretimize gelen Mersin Gen\u00e7lik ve Spor \u0130l M\u00fcd\u00fcr\u00fcm\u00fcz \u00d6kke\u015f Demir\u2019e spora ve sporcuya olan desteklerinden dolay\u0131 te\u015fekk\u00fcr ediyorum\u201d dedi.<br \/>\n\u00a0<br \/>\nM\u00fcd\u00fcr Demir ise &#8220;Nevin Yan\u0131t Baltac\u0131, T\u00fcrk atletizm tarihinde kendini kan\u0131tlam\u0131\u015f ve \u015fimdi de Mersin\u2019e olan vefa borcunu \u00f6demek ad\u0131na bir \u015feyler yapmak istedi\u011fini belirtti. Bizler de \u0130l M\u00fcd\u00fcrl\u00fc\u011f\u00fc olarak Nevin Yan\u0131t Baltac\u0131 ile birlikte \u00e7ocuklar\u0131m\u0131z\u0131n gelece\u011fi i\u00e7in elimizden gelen ne varsa yapmaya haz\u0131r\u0131z&#8221; diye konu\u015ftu.\u00a0<\/p>\n","protected":false},"excerpt":{"rendered":"<p>T\u00fcrk atletizminin en iyi k\u0131sa mesafe ko\u015fucular\u0131ndan Avrupa \u015fampiyonu ve olimpiyat 5\u2019incisi eski milli atlet Nevin Yan\u0131t Baltac\u0131, \u0130l Spor Merkezleri kapsam\u0131nda e\u011fitim g\u00f6ren sporculara tecr\u00fcbelerini aktar\u0131yor. \u00a0 Mersin Gen\u00e7lik &hellip; <a href=\"https:\/\/akdenizolaygazetesi.com\/?p=8138\" class=\"more-link\">Devam\u0131n\u0131 Oku&#8230;<\/a><\/p>\n","protected":false},"author":1,"featured_media":0,"comment_status":"open","ping_status":"open","sticky":false,"template":"","format":"standard","meta":[],"categories":[],"tags":[],"_links":{"self":[{"href":"https:\/\/akdenizolaygazetesi.com\/index.php?rest_route=\/wp\/v2\/posts\/8138"}],"collection":[{"href":"https:\/\/akdenizolaygazetesi.com\/index.php?rest_route=\/wp\/v2\/posts"}],"about":[{"href":"https:\/\/akdenizolaygazetesi.com\/index.php?rest_route=\/wp\/v2\/types\/post"}],"author":[{"embeddable":true,"href":"https:\/\/akdenizolaygazetesi.com\/index.php?rest_route=\/wp\/v2\/users\/1"}],"replies":[{"embeddable":true,"href":"https:\/\/akdenizolaygazetesi.com\/index.php?rest_route=%2Fwp%2Fv2%2Fcomments&post=8138"}],"version-history":[{"count":0,"href":"https:\/\/akdenizolaygazetesi.com\/index.php?rest_route=\/wp\/v2\/posts\/8138\/revisions"}],"wp:attachment":[{"href":"https:\/\/akdenizolaygazetesi.com\/index.php?rest_route=%2Fwp%2Fv2%2Fmedia&parent=8138"}],"wp:term":[{"taxonomy":"category","embeddable":true,"href":"https:\/\/akdenizolaygazetesi.com\/index.php?rest_route=%2Fwp%2Fv2%2Fcategories&post=8138"},{"taxonomy":"post_tag","embeddable":true,"href":"https:\/\/akdenizolaygazetesi.com\/index.php?rest_route=%2Fwp%2Fv2%2Ftags&post=8138"}],"curies":[{"name":"wp","href":"https:\/\/api.w.org\/{rel}","templated":true}]}}