{"id":8139,"date":"2020-11-04T18:28:36","date_gmt":"2020-11-04T15:28:36","guid":{"rendered":"http:\/\/mersinekonomipolitikagazetesi.com\/?p=8139"},"modified":"2020-11-04T18:28:36","modified_gmt":"2020-11-04T15:28:36","slug":"akdeniz-belediyesi-meu-yenisehir-yerleskesini-yenileyecek","status":"publish","type":"post","link":"https:\/\/akdenizolaygazetesi.com\/?p=8139","title":{"rendered":"Akdeniz Belediyesi,  ME\u00dc Yeni\u015fehir  Yerle\u015fkesini yenileyecek"},"content":{"rendered":"<p>Akdeniz Belediyesi, Mersin \u00dcniversitesi Yeni\u015fehir Yerle\u015fkesinde, oturma banklar\u0131n\u0131n yenilenmesi, tamir, tadilat, boyama, fidan dikimi, peyzaj, budama ve \u00e7imleme \u00e7al\u0131\u015fmas\u0131 yapacak.\u00a0<br \/>\nAkdeniz Belediyesi, Mersin \u00dcniversitesi (ME\u00dc) ile yapt\u0131\u011f\u0131 i\u015fbirli\u011fi kapsam\u0131nda, \u00fcniversitenin Yeni\u015fehir Kampusu i\u00e7erisinde bir tak\u0131m yenileme ve d\u00fczenleme \u00e7al\u0131\u015fmalar\u0131 i\u00e7in destek verecek. Bu kapsamda, Akdeniz Belediye Ba\u015fkan\u0131 Muhammet Mustafa G\u00fcltak, ME\u00dc Rekt\u00f6r Yard\u0131mc\u0131s\u0131 Do\u00e7. Dr. Esma Dumanl\u0131 Kad\u0131zade ile birlikte yerle\u015fkeyi gezdi.\u00a0<br \/>\nYenilenmeye ve de\u011fi\u015fime ihtiya\u00e7 duyulan t\u00fcm alanlar\u0131 inceleyen Ba\u015fkan G\u00fcltak, \u00fcniversite \u00f6\u011frencileri ve akademisyenlerin daha ye\u015fil, nezih ve sa\u011fl\u0131kl\u0131 bir mekanda e\u011fitim s\u00fcrecini ya\u015fayabilmeleri, istediklerinde de dinlenebilmeleri amac\u0131yla ME\u00dc Yeni\u015fehir Yerle\u015fkesi i\u00e7erisinde yenileme \u00e7al\u0131\u015fmas\u0131 yapacaklar\u0131n\u0131 ifade etti. G\u00fcltak, Yeni\u015fehir yerle\u015fkesi i\u00e7erisinde yer alan oturma gruplar\u0131n\u0131n yenilenece\u011fini, ayr\u0131ca yerle\u015fkeye daha fazla fidan dikilerek a\u011fa\u00e7land\u0131r\u0131laca\u011f\u0131n\u0131 ve kapsaml\u0131 \u015fekilde peyzaj\u0131n\u0131n yap\u0131laca\u011f\u0131n\u0131 belirtti. Yerle\u015fkede ihtiya\u00e7 duyan yap\u0131lar\u0131n da tamir edilip tadilattan ge\u00e7irilece\u011fini ve boyanaca\u011f\u0131n\u0131 kaydeden Ba\u015fkan G\u00fcltak, yerle\u015fkenin ba\u015ftan sona yeniden \u00e7imlendirilece\u011fini de s\u00f6zlerine ekledi. \u00a0\u00a0<\/p>\n","protected":false},"excerpt":{"rendered":"<p>Akdeniz Belediyesi, Mersin \u00dcniversitesi Yeni\u015fehir Yerle\u015fkesinde, oturma banklar\u0131n\u0131n yenilenmesi, tamir, tadilat, boyama, fidan dikimi, peyzaj, budama ve \u00e7imleme \u00e7al\u0131\u015fmas\u0131 yapacak.\u00a0 Akdeniz Belediyesi, Mersin \u00dcniversitesi (ME\u00dc) ile yapt\u0131\u011f\u0131 i\u015fbirli\u011fi kapsam\u0131nda, \u00fcniversitenin &hellip; <a href=\"https:\/\/akdenizolaygazetesi.com\/?p=8139\" class=\"more-link\">Devam\u0131n\u0131 Oku&#8230;<\/a><\/p>\n","protected":false},"author":1,"featured_media":0,"comment_status":"open","ping_status":"open","sticky":false,"template":"","format":"standard","meta":[],"categories":[],"tags":[],"_links":{"self":[{"href":"https:\/\/akdenizolaygazetesi.com\/index.php?rest_route=\/wp\/v2\/posts\/8139"}],"collection":[{"href":"https:\/\/akdenizolaygazetesi.com\/index.php?rest_route=\/wp\/v2\/posts"}],"about":[{"href":"https:\/\/akdenizolaygazetesi.com\/index.php?rest_route=\/wp\/v2\/types\/post"}],"author":[{"embeddable":true,"href":"https:\/\/akdenizolaygazetesi.com\/index.php?rest_route=\/wp\/v2\/users\/1"}],"replies":[{"embeddable":true,"href":"https:\/\/akdenizolaygazetesi.com\/index.php?rest_route=%2Fwp%2Fv2%2Fcomments&post=8139"}],"version-history":[{"count":0,"href":"https:\/\/akdenizolaygazetesi.com\/index.php?rest_route=\/wp\/v2\/posts\/8139\/revisions"}],"wp:attachment":[{"href":"https:\/\/akdenizolaygazetesi.com\/index.php?rest_route=%2Fwp%2Fv2%2Fmedia&parent=8139"}],"wp:term":[{"taxonomy":"category","embeddable":true,"href":"https:\/\/akdenizolaygazetesi.com\/index.php?rest_route=%2Fwp%2Fv2%2Fcategories&post=8139"},{"taxonomy":"post_tag","embeddable":true,"href":"https:\/\/akdenizolaygazetesi.com\/index.php?rest_route=%2Fwp%2Fv2%2Ftags&post=8139"}],"curies":[{"name":"wp","href":"https:\/\/api.w.org\/{rel}","templated":true}]}}