{"id":814,"date":"2020-11-04T18:21:26","date_gmt":"2020-11-04T15:21:26","guid":{"rendered":"http:\/\/mersinekonomipolitikagazetesi.com\/?p=814"},"modified":"2020-11-04T18:21:26","modified_gmt":"2020-11-04T15:21:26","slug":"mersin-arkeoloji-muzesi-18-mayista-aciliyor","status":"publish","type":"post","link":"https:\/\/akdenizolaygazetesi.com\/?p=814","title":{"rendered":"Mersin Arkeoloji M\u00fczesi 18 May\u0131s&#8217;ta a\u00e7\u0131l\u0131yor"},"content":{"rendered":"<p>Mersin&#8217;de 2014 y\u0131l\u0131nda yap\u0131m\u0131na ba\u015flanan arkeoloji m\u00fczesi, 18 May\u0131s M\u00fczeler G\u00fcn\u00fc&#8217;nde a\u00e7\u0131lacak.<\/p>\n<p><span style=\"color: rgb(0, 0, 0); font-family: Tahoma, Arial, 'Times New Roman TUR', Verdana; font-size: 15px; line-height: normal;\">Mersin Valili\u011fi&#8217;nden yap\u0131lan yaz\u0131l\u0131 a\u00e7\u0131klamaya g\u00f6re, merkez Yeni\u015fehir il\u00e7esinde bulunan Mu\u011fdat Cami \u00f6n\u00fcnde yap\u0131lan m\u00fczenin a\u00e7\u0131l\u0131\u015f\u0131n\u0131, K\u00fclt\u00fcr ve Turizm Bakan\u0131 Nabi Avc\u0131 yapacak. 7 bin 470 metre kare alan \u00fczerine in\u015fa edilen m\u00fczede, eserlerin sergilendi\u011fi salonlar\u0131n yan\u0131nda ge\u00e7ici sergi salonlar\u0131, m\u00fcze-\u00e7ocuk e\u011fitim b\u00f6l\u00fcm\u00fc, k\u00fct\u00fcphane, hediyelik sat\u0131\u015f yerleri, kafeterya gibi sosyal alanlar da a\u00e7\u0131lacak. M\u00fczede Mersin ve \u00e7evresinde yer alan<\/span><br style=\"color: rgb(0, 0, 0); font-family: Tahoma, Arial, 'Times New Roman TUR', Verdana; font-size: 15px; line-height: normal;\" \/><br \/>\n<span style=\"color: rgb(0, 0, 0); font-family: Tahoma, Arial, 'Times New Roman TUR', Verdana; font-size: 15px; line-height: normal;\">Yumuktepe, Soli-Pompeipolis, Aya\u015f Elaiussa-Sebaste kaz\u0131lar\u0131nda bulunan eserler modern sergileme metotlar\u0131yla izlenebilecek. Ayr\u0131ca canland\u0131rmalar ve eserlerin interaktif sunumlar\u0131yla insanlar tarihte bir yolculuk yapabilecek.<\/span><\/p>\n","protected":false},"excerpt":{"rendered":"<p>Mersin&#8217;de 2014 y\u0131l\u0131nda yap\u0131m\u0131na ba\u015flanan arkeoloji m\u00fczesi, 18 May\u0131s M\u00fczeler G\u00fcn\u00fc&#8217;nde a\u00e7\u0131lacak. Mersin Valili\u011fi&#8217;nden yap\u0131lan yaz\u0131l\u0131 a\u00e7\u0131klamaya g\u00f6re, merkez Yeni\u015fehir il\u00e7esinde bulunan Mu\u011fdat Cami \u00f6n\u00fcnde yap\u0131lan m\u00fczenin a\u00e7\u0131l\u0131\u015f\u0131n\u0131, K\u00fclt\u00fcr ve &hellip; <a href=\"https:\/\/akdenizolaygazetesi.com\/?p=814\" class=\"more-link\">Devam\u0131n\u0131 Oku&#8230;<\/a><\/p>\n","protected":false},"author":1,"featured_media":0,"comment_status":"open","ping_status":"open","sticky":false,"template":"","format":"standard","meta":[],"categories":[],"tags":[],"_links":{"self":[{"href":"https:\/\/akdenizolaygazetesi.com\/index.php?rest_route=\/wp\/v2\/posts\/814"}],"collection":[{"href":"https:\/\/akdenizolaygazetesi.com\/index.php?rest_route=\/wp\/v2\/posts"}],"about":[{"href":"https:\/\/akdenizolaygazetesi.com\/index.php?rest_route=\/wp\/v2\/types\/post"}],"author":[{"embeddable":true,"href":"https:\/\/akdenizolaygazetesi.com\/index.php?rest_route=\/wp\/v2\/users\/1"}],"replies":[{"embeddable":true,"href":"https:\/\/akdenizolaygazetesi.com\/index.php?rest_route=%2Fwp%2Fv2%2Fcomments&post=814"}],"version-history":[{"count":0,"href":"https:\/\/akdenizolaygazetesi.com\/index.php?rest_route=\/wp\/v2\/posts\/814\/revisions"}],"wp:attachment":[{"href":"https:\/\/akdenizolaygazetesi.com\/index.php?rest_route=%2Fwp%2Fv2%2Fmedia&parent=814"}],"wp:term":[{"taxonomy":"category","embeddable":true,"href":"https:\/\/akdenizolaygazetesi.com\/index.php?rest_route=%2Fwp%2Fv2%2Fcategories&post=814"},{"taxonomy":"post_tag","embeddable":true,"href":"https:\/\/akdenizolaygazetesi.com\/index.php?rest_route=%2Fwp%2Fv2%2Ftags&post=814"}],"curies":[{"name":"wp","href":"https:\/\/api.w.org\/{rel}","templated":true}]}}