{"id":8140,"date":"2020-11-04T18:28:36","date_gmt":"2020-11-04T15:28:36","guid":{"rendered":"http:\/\/mersinekonomipolitikagazetesi.com\/?p=8140"},"modified":"2020-11-04T18:28:36","modified_gmt":"2020-11-04T15:28:36","slug":"kktcden-mersine-baris-icin-38-saat-ve-100-km-kulac-attilar","status":"publish","type":"post","link":"https:\/\/akdenizolaygazetesi.com\/?p=8140","title":{"rendered":"KKTC\u2019den Mersin\u2019e bar\u0131\u015f i\u00e7in  38 saat ve 100 km kula\u00e7 att\u0131lar"},"content":{"rendered":"<p>\u201cBuray\u0131 tan\u0131tmak istiyoruz. Bu parkurun turizm a\u00e7\u0131s\u0131ndan \u00f6nemli oldu\u011funu d\u00fc\u015f\u00fcn\u00fcyoruz ve \u00f6nemsiyoruz.\u201d<\/p>\n<p>Kuzey K\u0131br\u0131s T\u00fcrk Cumhuriyeti\u2019nden (KKTC) 1 Eyl\u00fcl D\u00fcnya Bar\u0131\u015f G\u00fcn\u00fc dolay\u0131s\u0131yla y\u00fczmeye ba\u015flayan Hacettepe \u00dcniversitesi Gen\u00e7lik ve Spor Kul\u00fcb\u00fc Derne\u011fi Master Y\u00fczme Tak\u0131m\u0131 sporcular\u0131, Mersin\u2019in Silifke il\u00e7esine ba\u011fl\u0131 Ta\u015fucu sahiline geldi.\u00a0<br \/>\nGirne Liman\u0131\u2019ndan hareket eden 10 sporcu yakla\u015f\u0131k 38 saat sonra Ta\u015fucu Liman\u0131na ula\u015ft\u0131. Sporcular burada Silifke Kaymakam\u0131 Nam\u0131k Kemal Nazl\u0131\u2019ya ve Silifke Belediye Ba\u015fkan Vekili Sad\u0131k Altunok\u2019a T\u00fcrk bayra\u011f\u0131n\u0131 teslim etti. Kaymakam Nazl\u0131, gazetecilere yapt\u0131\u011f\u0131 a\u00e7\u0131klamada, etkinli\u011fin d\u00fcnya bar\u0131\u015f\u0131na katk\u0131 sa\u011flad\u0131\u011f\u0131n\u0131 belirterek, verilen mesaj\u0131n da b\u00fcy\u00fck anlam ifade etti\u011fini vurgulad\u0131. Sporculardan 60 ya\u015f\u0131ndaki Temel Yah\u015fi ise bu mesafede bar\u0131\u015f parkuru olu\u015fturmak istediklerini dile getirdi.\u00a0<br \/>\nG\u00fczel bir etkinli\u011fe imza att\u0131klar\u0131n\u0131 ifade eden Yah\u015fi, \u201cBuray\u0131 tan\u0131tmak istiyoruz. Bu parkurun turizm a\u00e7\u0131s\u0131ndan \u00f6nemli oldu\u011funu d\u00fc\u015f\u00fcn\u00fcyoruz ve \u00f6nemsiyoruz. Ba\u015far\u0131yla tamamlad\u0131k ve mutluyuz\u201d dedi.\u00a0<br \/>\nY\u00fcz\u00fcc\u00fc Deniz Karadelen ise zorlu bir parkurda m\u00fccadele ettiklerini belirterek, \u201c\u0130lk defa KKTC\u2019den T\u00fcrkiye\u2019ye y\u00fczd\u00fck. Bu bizim i\u00e7in \u00f6nemli. \u00c7\u00fcnk\u00fc bar\u0131\u015f\u0131 simgeliyoruz. Bu parkurun d\u00fcnyada bilinmesini istiyoruz. \u00c7ok zorland\u0131k. Gece f\u0131rt\u0131na oldu ama Mersin&#8217;e ula\u015ft\u0131k. Gururluyuz. Yakla\u015f\u0131k 38 saat s\u00fcrd\u00fc ve 100 kilometrelik parkurdu. B\u00fct\u00fcn zorluklara ra\u011fmen kula\u00e7lar\u0131m\u0131z\u0131 att\u0131k. F\u0131rt\u0131na nedeniyle kaptanlar ara vermemizi istedi ama biz aln\u0131m\u0131z\u0131n ak\u0131yla sonuna kadar yapmak istedik. Gece g\u00fczel manzara e\u015fli\u011finde y\u00fczd\u00fck. Eme\u011fi ge\u00e7enlere te\u015fekk\u00fcr ediyoruz\u201d dedi.\u00a0<br \/>\nHacettepe \u00dcniversitesi Gen\u00e7lik ve Spor Kul\u00fcb\u00fc Y\u00f6netim Kurulu Ba\u015fkan\u0131 H\u00fcseyin Kuri\u015f ise, \u201c2019 y\u0131l\u0131nda ilk defa Mersin\u2019den KKTC\u2019ye y\u00fczd\u00fck. \u0130kincisini ise 1 Eyl\u00fcl 2020 tarihinde Girne\u2019den Mersin\u2019e y\u00fczd\u00fck. Bu sayede Uluslararas\u0131 Y\u00fczme Federasyonuna parkurun onaylanmas\u0131 i\u00e7in ba\u015fvuru yapaca\u011f\u0131z. Ba\u015fvurumuz kabul g\u00f6r\u00fcrse spor turizmine ve KKTC\u2019nin tan\u0131nmas\u0131na yard\u0131mc\u0131 olaca\u011f\u0131z. Uluslararas\u0131 arenaya b\u00f6yle bir parkurun kazand\u0131r\u0131lmas\u0131 i\u00e7in elimizden geleni yapaca\u011f\u0131z\u201d dedi.\u00a0<br \/>\nBar\u0131\u015f, birlik ve beraberlik duygular\u0131n\u0131 peki\u015ftirmeyi hedefleyen y\u00fczme ge\u00e7i\u015fi, Girne-Mersin aras\u0131nda y\u00fcz\u00fclebilecek uluslararas\u0131 yeni bir parkur olu\u015fturmak, KKTC\u2019nin tan\u0131t\u0131m\u0131 ile amat\u00f6r ve profesyonel sporculara \u00f6nc\u00fcl\u00fck ederek, spor turizmine katk\u0131 sa\u011flamay\u0131 hedefliyor.\u00a0<br \/>\nHacettepeli 10 y\u00fcz\u00fcc\u00fcn\u00fcn yakla\u015f\u0131k 38 saat kula\u00e7 att\u0131\u011f\u0131 100 km\u2019lik mesafe kat ederek KKTC\u2019den Ta\u015fucu\u2019na ula\u015ft\u0131\u011f\u0131 bildirildi. \u00a0<\/p>\n","protected":false},"excerpt":{"rendered":"<p>\u201cBuray\u0131 tan\u0131tmak istiyoruz. Bu parkurun turizm a\u00e7\u0131s\u0131ndan \u00f6nemli oldu\u011funu d\u00fc\u015f\u00fcn\u00fcyoruz ve \u00f6nemsiyoruz.\u201d Kuzey K\u0131br\u0131s T\u00fcrk Cumhuriyeti\u2019nden (KKTC) 1 Eyl\u00fcl D\u00fcnya Bar\u0131\u015f G\u00fcn\u00fc dolay\u0131s\u0131yla y\u00fczmeye ba\u015flayan Hacettepe \u00dcniversitesi Gen\u00e7lik ve Spor &hellip; <a href=\"https:\/\/akdenizolaygazetesi.com\/?p=8140\" class=\"more-link\">Devam\u0131n\u0131 Oku&#8230;<\/a><\/p>\n","protected":false},"author":1,"featured_media":0,"comment_status":"open","ping_status":"open","sticky":false,"template":"","format":"standard","meta":[],"categories":[],"tags":[],"_links":{"self":[{"href":"https:\/\/akdenizolaygazetesi.com\/index.php?rest_route=\/wp\/v2\/posts\/8140"}],"collection":[{"href":"https:\/\/akdenizolaygazetesi.com\/index.php?rest_route=\/wp\/v2\/posts"}],"about":[{"href":"https:\/\/akdenizolaygazetesi.com\/index.php?rest_route=\/wp\/v2\/types\/post"}],"author":[{"embeddable":true,"href":"https:\/\/akdenizolaygazetesi.com\/index.php?rest_route=\/wp\/v2\/users\/1"}],"replies":[{"embeddable":true,"href":"https:\/\/akdenizolaygazetesi.com\/index.php?rest_route=%2Fwp%2Fv2%2Fcomments&post=8140"}],"version-history":[{"count":0,"href":"https:\/\/akdenizolaygazetesi.com\/index.php?rest_route=\/wp\/v2\/posts\/8140\/revisions"}],"wp:attachment":[{"href":"https:\/\/akdenizolaygazetesi.com\/index.php?rest_route=%2Fwp%2Fv2%2Fmedia&parent=8140"}],"wp:term":[{"taxonomy":"category","embeddable":true,"href":"https:\/\/akdenizolaygazetesi.com\/index.php?rest_route=%2Fwp%2Fv2%2Fcategories&post=8140"},{"taxonomy":"post_tag","embeddable":true,"href":"https:\/\/akdenizolaygazetesi.com\/index.php?rest_route=%2Fwp%2Fv2%2Ftags&post=8140"}],"curies":[{"name":"wp","href":"https:\/\/api.w.org\/{rel}","templated":true}]}}