{"id":8142,"date":"2020-11-04T18:28:36","date_gmt":"2020-11-04T15:28:36","guid":{"rendered":"http:\/\/mersinekonomipolitikagazetesi.com\/?p=8142"},"modified":"2020-11-04T18:28:36","modified_gmt":"2020-11-04T15:28:36","slug":"secer-kultur-ve-sanatta-oncu-olacagiz","status":"publish","type":"post","link":"https:\/\/akdenizolaygazetesi.com\/?p=8142","title":{"rendered":"Se\u00e7er: &#8220;K\u00fclt\u00fcr ve sanatta \u00f6nc\u00fc olaca\u011f\u0131z&#8221;"},"content":{"rendered":"<p>Mersin B\u00fcy\u00fck\u015fehir Belediye Ba\u015fkan\u0131 Vahap Se\u00e7er, belediye olarak k\u00fclt\u00fcrel ve sanatsal faaliyetlerde daha etkin olacaklar\u0131n\u0131, \u00f6nc\u00fcl\u00fck edeceklerini belirterek, \u201cBu kentin bir k\u00fclt\u00fcr kenti, sanat kenti olmas\u0131 i\u00e7in \u00f6n\u00fcnde hi\u00e7bir engel yok&#8221; dedi.\u00a0<br \/>\nSe\u00e7er, merhum avukat, yazar, kent ara\u015ft\u0131rmac\u0131s\u0131 \u015einasi Develi ad\u0131na d\u00fczenlenen kent \u00f6d\u00fcl\u00fcn\u00fcn tan\u0131t\u0131m toplant\u0131s\u0131na kat\u0131ld\u0131. Mersin Barosu lokalinde yap\u0131lan tan\u0131t\u0131m toplant\u0131s\u0131nda kat\u0131l\u0131mc\u0131lara seslenen Se\u00e7er, Mersin\u2019in, Anamur\u2019dan Tarsus\u2019a kadar her bir k\u00f6\u015fesiyle tarihi ve k\u00fclt\u00fcrel birikime sahip bir \u015fehir oldu\u011funa dikkat \u00e7ekti.\u00a0<br \/>\n&#8220;Mersin d\u00fcnyan\u0131n her yerinde tan\u0131nmal\u0131&#8221;\u00a0<br \/>\nKentin bir\u00e7ok b\u00f6lgesinde medeniyetin getirdi\u011fi bir\u00e7ok tarihi, k\u00fclt\u00fcrel birikimin izlerinin yer ald\u0131\u011f\u0131n\u0131 s\u00f6yleyen Se\u00e7er, &#8220;Ya\u015fad\u0131\u011f\u0131m\u0131z bu kadim topraklar i\u00e7in bu \u00f6nemli bir de\u011fer. Ancak bunlar\u0131n de\u011fer olmas\u0131, kimsenin bilmedi\u011fi, yerinde oldu\u011fu ama ke\u015ffedilmedi\u011fi bir de\u011fer olarak kalmas\u0131n\u0131n bizler a\u00e7\u0131s\u0131ndan kendimizi sorgulamam\u0131z gereken bir konu oldu\u011funu d\u00fc\u015f\u00fcn\u00fcyorum. Kenti y\u00f6neten se\u00e7ilmi\u015fler, kenti y\u00f6neten atanm\u0131\u015flar, merkezi y\u00f6netimden yerel y\u00f6netimlere kadar ve en \u00f6nemlisi de kentte ya\u015fayanlar olarak yapaca\u011f\u0131m\u0131z \u00e7al\u0131\u015fmalarda bu bilin\u00e7le birbirimize destek ve katk\u0131 olarak Mersin\u2019in bu de\u011ferlerini a\u00e7\u0131\u011fa \u00e7\u0131kartmam\u0131z laz\u0131m. Mersin\u2019in tan\u0131t\u0131lmas\u0131 laz\u0131m. Mersin\u2019in d\u00fcnyan\u0131n her taraf\u0131ndan bilinen bir yer haline getirilmesi laz\u0131m\u201d diye konu\u015ftu.\u00a0<br \/>\n&#8220;Mersin\u2019in bu de\u011ferlerinin a\u00e7\u0131\u011fa \u00e7\u0131kar\u0131lmas\u0131na \u00e7al\u0131\u015f\u0131yoruz&#8221;\u00a0<br \/>\nAd\u0131na \u00f6d\u00fcl konulan merhum \u015einasi Develi\u2019nin bir as\u0131rl\u0131k \u00f6mr\u00fc boyunca daima \u00fcretmi\u015f, \u00e7al\u0131\u015fm\u0131\u015f bir avukat, bir yazar, bir siyaset\u00e7i oldu\u011funa de\u011finen Ba\u015fkan Se\u00e7er, \u201cHer konuda ara\u015ft\u0131rmalar yapm\u0131\u015f, bilgi birikimini, g\u00f6rg\u00fcs\u00fcn\u00fc, e\u011fitimi kaleme ald\u0131\u011f\u0131 baz\u0131 yaz\u0131larla, makalelerle s\u00fcslemi\u015f. Mersin\u2019e dair eserler b\u0131rakm\u0131\u015f. \u015eimdi de biz bu konuda yap\u0131lan \u00e7al\u0131\u015fmalar\u0131 kitapla\u015ft\u0131rmak i\u00e7in belediye olarak Semihi Vural ile beraber bir \u00e7al\u0131\u015fma ger\u00e7ekle\u015ftiriyoruz. Biz de Mersin B\u00fcy\u00fck\u015fehir Belediyesi olarak elbette Mersin\u2019in bu de\u011ferlerinin a\u00e7\u0131\u011fa \u00e7\u0131kmas\u0131 i\u00e7in bug\u00fcne kadar oldu\u011fu gibi bundan sonra da baz\u0131 \u00e7al\u0131\u015fmalar yapmak durumunday\u0131z\u201d ifadelerini kulland\u0131.\u00a0<br \/>\n&#8220;K\u00fclt\u00fcr sanat kenti olmak i\u00e7in hi\u00e7bir engel yok&#8221;\u00a0<br \/>\n\u00d6n\u00fcm\u00fczdeki s\u00fcre\u00e7te &#8216;Mersin\u2019e de\u011fer katanlar&#8217; projesi ad\u0131 alt\u0131nda yeni bir \u00e7al\u0131\u015fma ba\u015flatacaklar\u0131n\u0131 kaydeden Se\u00e7er, \u015f\u00f6yle devam etti; &#8220;Belki de bug\u00fcn burada toplanmam\u0131za sebep olan \u015einasi Develi Mersin Kent \u00d6d\u00fcl\u00fc de bizim yapt\u0131\u011f\u0131m\u0131z \u00e7al\u0131\u015fmalar\u0131n ya da planlad\u0131\u011f\u0131m\u0131z, yapaca\u011f\u0131m\u0131z \u00e7al\u0131\u015fmalar\u0131n bir \u00f6rne\u011fi niteli\u011finde. Bu da do\u011fru yolda oldu\u011fumuzu g\u00f6steriyor. Daha geni\u015f bir kapsam, daha geni\u015f bir \u00e7at\u0131 alt\u0131nda bu \u00e7al\u0131\u015fmalar\u0131 ger\u00e7ekle\u015ftirmek istiyoruz. Payda\u015flar\u0131m\u0131z \u00e7ok olsun istiyoruz. Belediyelerimiz, sivil toplum kurulu\u015flar\u0131m\u0131z, meslek odalar\u0131m\u0131z bu \u00e7al\u0131\u015fmalar\u0131m\u0131z i\u00e7erisinde bizlerle yol alabilir diye d\u00fc\u015f\u00fcn\u00fcyoruz. K\u00fclt\u00fcr\u00fcn, sanat\u0131n, sporun, insanlar\u0131 bir araya getirecek baz\u0131 etkinliklerin, \u00e7al\u0131\u015fmalar\u0131n, insan\u0131n ya\u015fam\u0131na de\u011fer katacak baz\u0131 \u00e7al\u0131\u015fmalar\u0131n yap\u0131lmas\u0131 konusunda son derece aktif olmak istiyoruz. Son derece kat\u0131l\u0131mc\u0131, etkin olmak istiyoruz. Sadece bir belediye ba\u015fkan\u0131 ya da belediye y\u00f6netimi olarak edilgen bir \u015fekilde yerimizde oturup baz\u0131 bu tip \u00e7al\u0131\u015fmalar\u0131 yapan ki\u015filerin, kurumlar\u0131n, gruplar\u0131n bize birtak\u0131m projelerle ya da taleplerle gelmesini beklemekten ziyade, biz kat\u0131l\u0131mc\u0131 olal\u0131m, gerekirse biz \u00f6nc\u00fc olal\u0131m, baz\u0131 yap\u0131lan \u00e7al\u0131\u015fmalarda payda\u015f olal\u0131m, bir g\u00fc\u00e7 katal\u0131m istiyoruz. Ve bunu da isteyerek ve bilerek yap\u0131yoruz. \u00c7\u00fcnk\u00fc bu kentin bir k\u00fclt\u00fcr kenti, sanat kenti olmas\u0131 i\u00e7in \u00f6n\u00fcnde hi\u00e7bir engel yok. Her t\u00fcrl\u00fc de\u011feri ta\u015f\u0131yoruz. Mersin belki de sadece T\u00fcrkiye\u2019de de\u011fil, d\u00fcnyada bu derece tarihi, k\u00fclt\u00fcrel birikimin oldu\u011fu tek \u015fehir. Bu son derece \u00f6nemli avantajlar sa\u011fl\u0131yor bize.\u201d\u00a0<br \/>\n&#8220;An\u0131s\u0131n\u0131 ya\u015fatmay\u0131 \u00e7ok \u00f6nemli bir sorumluluk olarak g\u00f6r\u00fcyoruz&#8221;\u00a0<br \/>\n\u015einasi Develi Mersin Kent \u00d6d\u00fcl\u00fc projesinin y\u00fcr\u00fct\u00fcc\u00fclerinden Hafize Bilgeno\u011flu da \u201cKentimizin tarihinin ortaya konulmas\u0131nda \u00e7ok b\u00fcy\u00fck emekleri olan, kent belle\u011finin olu\u015fmas\u0131 ve kentimizin bilinirli\u011fi a\u00e7\u0131s\u0131ndan \u00e7ok k\u0131ymetli \u00e7al\u0131\u015fmalar yapm\u0131\u015f \u015einasi Develi&#8217;yi ge\u00e7en ocak ay\u0131nda kaybetmi\u015ftik. Onun hem\u015fehrileri olarak an\u0131s\u0131n\u0131 ya\u015fatmay\u0131 \u00e7ok \u00f6nemli bir sorumluluk olarak g\u00f6r\u00fcyoruz. Bunu yaparken de benzer \u00e7al\u0131\u015fmalar\u0131n bilinirli\u011finin artt\u0131r\u0131lmas\u0131, yenilerinin te\u015fvik edilmesi i\u00e7in bir kent \u00f6d\u00fcl\u00fcn\u00fcn verilmesinin \u00e7ok anlaml\u0131 olaca\u011f\u0131na inan\u0131yoruz&#8221; dedi.\u00a0<\/p>\n","protected":false},"excerpt":{"rendered":"<p>Mersin B\u00fcy\u00fck\u015fehir Belediye Ba\u015fkan\u0131 Vahap Se\u00e7er, belediye olarak k\u00fclt\u00fcrel ve sanatsal faaliyetlerde daha etkin olacaklar\u0131n\u0131, \u00f6nc\u00fcl\u00fck edeceklerini belirterek, \u201cBu kentin bir k\u00fclt\u00fcr kenti, sanat kenti olmas\u0131 i\u00e7in \u00f6n\u00fcnde hi\u00e7bir engel &hellip; <a href=\"https:\/\/akdenizolaygazetesi.com\/?p=8142\" class=\"more-link\">Devam\u0131n\u0131 Oku&#8230;<\/a><\/p>\n","protected":false},"author":1,"featured_media":0,"comment_status":"open","ping_status":"open","sticky":false,"template":"","format":"standard","meta":[],"categories":[],"tags":[],"_links":{"self":[{"href":"https:\/\/akdenizolaygazetesi.com\/index.php?rest_route=\/wp\/v2\/posts\/8142"}],"collection":[{"href":"https:\/\/akdenizolaygazetesi.com\/index.php?rest_route=\/wp\/v2\/posts"}],"about":[{"href":"https:\/\/akdenizolaygazetesi.com\/index.php?rest_route=\/wp\/v2\/types\/post"}],"author":[{"embeddable":true,"href":"https:\/\/akdenizolaygazetesi.com\/index.php?rest_route=\/wp\/v2\/users\/1"}],"replies":[{"embeddable":true,"href":"https:\/\/akdenizolaygazetesi.com\/index.php?rest_route=%2Fwp%2Fv2%2Fcomments&post=8142"}],"version-history":[{"count":0,"href":"https:\/\/akdenizolaygazetesi.com\/index.php?rest_route=\/wp\/v2\/posts\/8142\/revisions"}],"wp:attachment":[{"href":"https:\/\/akdenizolaygazetesi.com\/index.php?rest_route=%2Fwp%2Fv2%2Fmedia&parent=8142"}],"wp:term":[{"taxonomy":"category","embeddable":true,"href":"https:\/\/akdenizolaygazetesi.com\/index.php?rest_route=%2Fwp%2Fv2%2Fcategories&post=8142"},{"taxonomy":"post_tag","embeddable":true,"href":"https:\/\/akdenizolaygazetesi.com\/index.php?rest_route=%2Fwp%2Fv2%2Ftags&post=8142"}],"curies":[{"name":"wp","href":"https:\/\/api.w.org\/{rel}","templated":true}]}}