{"id":8145,"date":"2020-11-04T18:28:37","date_gmt":"2020-11-04T15:28:37","guid":{"rendered":"http:\/\/mersinekonomipolitikagazetesi.com\/?p=8145"},"modified":"2020-11-04T18:28:37","modified_gmt":"2020-11-04T15:28:37","slug":"mersindeki-yemek-personele-tesekkur-yemegiydi","status":"publish","type":"post","link":"https:\/\/akdenizolaygazetesi.com\/?p=8145","title":{"rendered":"&#8220;Mersin&#8217;deki yemek, personele te\u015fekk\u00fcr yeme\u011fiydi&#8221;"},"content":{"rendered":"<p>&#8216;D\u00fc\u011f\u00fcn yeme\u011fi&#8217; iddialar\u0131na yalanlama<\/p>\n<p>Mersin \u0130l Sa\u011fl\u0131k M\u00fcd\u00fcrl\u00fc\u011f\u00fcnce, Sa\u011fl\u0131k M\u00fcd\u00fcr\u00fc Sinan Bah\u00e7ac\u0131&#8217;n\u0131n o\u011flu i\u00e7in devlet imkanlar\u0131 kullan\u0131larak d\u00fc\u011f\u00fcn yeme\u011fi d\u00fczenledi\u011fi y\u00f6n\u00fcndeki haberlerin ger\u00e7e\u011fi yans\u0131tmad\u0131\u011f\u0131 bildirildi.\u00a0<br \/>\n\u0130l Sa\u011fl\u0131k M\u00fcd\u00fcrl\u00fc\u011f\u00fcnden konuya ili\u015fkin yap\u0131lan a\u00e7\u0131klamada, baz\u0131 internet haber sitelerinde &#8216;Sa\u011fl\u0131k m\u00fcd\u00fcr\u00fcn\u00fcn d\u00fc\u011f\u00fcn yeme\u011finde \u00e7al\u0131\u015ft\u0131rd\u0131\u011f\u0131 112 personeli korona oldu&#8217; ve &#8216;Olmad\u0131 m\u00fcd\u00fcr&#8217; ba\u015fl\u0131kl\u0131 as\u0131ls\u0131z, dayanaktan yoksun, y\u0131pratmaya y\u00f6nelik, bas\u0131n etik ilkelerini hi\u00e7e sayan haberler yer ald\u0131\u011f\u0131 belirtildi.\u00a0<br \/>\n\u0130l Sa\u011fl\u0131k M\u00fcd\u00fcr\u00fc Sinan Bah\u00e7ac\u0131&#8217;n\u0131n o\u011flunun nikah merasiminin, Konya \u0130l H\u0131fz\u0131ss\u0131hha Kurulunun alm\u0131\u015f oldu\u011fu karar do\u011frultusunda, yak\u0131n aile efrad\u0131n\u0131n kat\u0131l\u0131m\u0131 ile 29 A\u011fustos 2020 tarihinde Konya&#8217;da yap\u0131ld\u0131\u011f\u0131 belirtilen a\u00e7\u0131klamada, yap\u0131lan merasimin Konya \u0130l H\u0131fz\u0131ss\u0131hha Kurulunun alm\u0131\u015f oldu\u011fu karar do\u011frultusunda ve i\u00e7inde bulunulan hassas d\u00f6neme uygun olarak k\u0131sa tutuldu\u011fu, yemek gibi etkinliklerin yap\u0131lmad\u0131\u011f\u0131 ifade edildi.\u00a0<\/p>\n<p>Habere konu olan, 1 Eyl\u00fcl tarihindeki Mersin Devlet Hastanesi eski yerle\u015fkesinde, saat 18.30 da d\u00fczenlenen yeme\u011fin, Bah\u00e7ac\u0131\u2019n\u0131n o\u011flunun d\u00fc\u011f\u00fcn\u00fc ile bir ilgisi olmad\u0131\u011f\u0131 vurgulanan a\u00e7\u0131klamada, &#8220;D\u00fczenlenen yemek; yakla\u015f\u0131k 3 y\u0131ld\u0131r Sinan Bah\u00e7ac\u0131 ile birlikte 663 Say\u0131l\u0131 KHK kapsam\u0131nda g\u00f6rev yapan ve s\u00f6zle\u015fme s\u00fcreleri 14 Eyl\u00fcl 2020 tarihinde sona erecek olan personele d\u00fczenlenen bir yemektir. Yeme\u011fin amac\u0131, s\u00f6zle\u015fme s\u00fcresi sona eren personele s\u00f6zle\u015fme s\u00fcrecinde vermi\u015f olduklar\u0131 katk\u0131lara te\u015fekk\u00fcr mahiyetindedir. Sinan Bah\u00e7ac\u0131 yemekten \u00f6nce kat\u0131l\u0131mc\u0131lara hitaben, Mersin\u2019in sa\u011fl\u0131\u011f\u0131na yapm\u0131\u015f olduklar\u0131 katk\u0131lardan dolay\u0131 k\u0131sa bir te\u015fekk\u00fcr konu\u015fmas\u0131 yapm\u0131\u015f, icra edilen g\u00f6revin bir bayrak yar\u0131\u015f\u0131 oldu\u011funa de\u011finmi\u015f, yeni d\u00f6nemde g\u00f6reve devam edeceklerin yan\u0131 s\u0131ra baz\u0131 arkada\u015flar\u0131n g\u00f6revi bir ba\u015fkas\u0131na devredece\u011fi minvalinde bir konu\u015fma yapm\u0131\u015ft\u0131r. Konu\u015fman\u0131n bir b\u00f6l\u00fcm\u00fcnde o\u011flunun nikah merasimine de de\u011finerek, pandemi s\u00fcrecinin zorluklar\u0131na vurgu yapm\u0131\u015f, d\u00fc\u011f\u00fcn yerine dar kat\u0131l\u0131ml\u0131 nikah merasimi yapt\u0131klar\u0131n\u0131, Konya \u0130l H\u0131fz\u0131ss\u0131hha Kurulunun alm\u0131\u015f oldu\u011fu karar do\u011frultusunda birlikte g\u00f6rev yapt\u0131\u011f\u0131 mesai arkada\u015flar\u0131n\u0131 davet edememenin \u00fcz\u00fcnt\u00fcs\u00fcn\u00fc ya\u015fad\u0131\u011f\u0131n\u0131 ve merasime sadece yak\u0131n akraba \u00e7evresinin kat\u0131ld\u0131\u011f\u0131n\u0131 ifade etmi\u015ftir&#8221; denildi.\u00a0<\/p>\n<p>&#8220;Yeme\u011fin giderleri, Bah\u00e7ac\u0131&#8217;n\u0131n kendi b\u00fct\u00e7esinden kar\u015f\u0131lanm\u0131\u015ft\u0131r&#8221;<br \/>\n\u00a0<br \/>\n&#8220;\u015eayet bu yemek d\u00fc\u011f\u00fcn yeme\u011fi olsa sadece s\u00f6zle\u015fmeli sa\u011fl\u0131k y\u00f6neticileri de\u011fil, il protokol\u00fc, STK temsilcileri, kamu kurum ve kurulu\u015flar\u0131nda g\u00f6rev yapan di\u011fer y\u00f6neticiler de yeme\u011fe davetli olurdu&#8221; denilen Sa\u011fl\u0131k M\u00fcd\u00fcrl\u00fc\u011f\u00fc a\u00e7\u0131klamas\u0131nda, \u015fu ifadelere yer verildi: &#8220;Her ne kadar d\u00fczenlenen yemek ilimizde g\u00f6rev yapan s\u00f6zle\u015fmeli personele y\u00f6nelik olsa da yeme\u011fin Sinan Bah\u00e7ac\u0131\u2019n\u0131n kendi inisiyatifi ile olmas\u0131 ve m\u00fcd\u00fcrl\u00fck b\u00fct\u00e7esinde herhangi bir kar\u015f\u0131l\u0131\u011f\u0131n\u0131n olmamas\u0131ndan dolay\u0131 Bah\u00e7ac\u0131, kullan\u0131lan malzemelerinin tamam\u0131n\u0131 kendi b\u00fct\u00e7esinden kar\u015f\u0131lam\u0131\u015f ve faturalar kendi ad\u0131na tanzim edilmi\u015ftir. Bizi en \u00e7ok yaralayan da bu iddia olmu\u015ftur.&#8221;\u00a0<\/p>\n<p>Mersin Devlet Hastanesi eski yerle\u015fkesinde d\u00fczenlenen yeme\u011fin, d\u00fczenlendi\u011fi tarih itibar\u0131 ile \u0130l H\u0131fz\u0131ss\u0131hha Kurulunun kararlar\u0131na bir ayk\u0131r\u0131l\u0131k ta\u015f\u0131mad\u0131\u011f\u0131 da vurgulanan a\u00e7\u0131klamada, yeme\u011fin a\u00e7\u0131k havada, en ba\u015f\u0131ndan sona erdi\u011fi ana kadar kat\u0131l\u0131mc\u0131lar\u0131n sosyal mesafe, maske ve hijyen kurallar\u0131na riayet etti\u011fi bir etkinlik oldu\u011fu ifade edildi. Sa\u011fl\u0131k \u00e7al\u0131\u015fanlar\u0131n\u0131n bu s\u00fcre\u00e7te en riskli grupta ve \u00f6n safta yerini alarak m\u00fccadele etti\u011fi dile getirilen a\u00e7\u0131klamada, \u015fu bilgilere yer verildi:\u00a0<br \/>\n&#8220;Bu s\u00fcre\u00e7te sahada aktif olarak g\u00f6rev yapan arkada\u015flar\u0131m\u0131z\u0131n yan\u0131 s\u0131ra m\u00fcd\u00fcrl\u00fc\u011f\u00fcm\u00fcz ana hizmet birimlerinde g\u00f6rev yapan baz\u0131 arkada\u015flar\u0131m\u0131z da vir\u00fcse yakalanm\u0131\u015ft\u0131r. \u00c7ok \u015f\u00fck\u00fcr \u015fu ana kadar tan\u0131 konulan arkada\u015flar\u0131m\u0131zdan hayat\u0131n\u0131 kaybeden olmam\u0131\u015ft\u0131r. Haberde S.B. olarak bahsedilen personelimiz de al\u0131nan numunesinin pozitif \u00e7\u0131kmas\u0131 \u00fczerine g\u00f6zlem alt\u0131na al\u0131nm\u0131\u015f ve ailesi ile birlikte tedavisi devam etmektedir. Bahsi ge\u00e7en personel 1 Eyl\u00fcl tarihinde d\u00fczenlenen etkinlikte hi\u00e7bir g\u00f6rev almam\u0131\u015ft\u0131r.&#8221;\u00a0<\/p>\n<p>1 Eyl\u00fcl saat 18.30&#8217;da d\u00fczenlenen yeme\u011fin, \u0130l Sa\u011fl\u0131k M\u00fcd\u00fcr\u00fc Sinan Bah\u00e7ac\u0131\u2019n\u0131n yakla\u015f\u0131k 3 y\u0131l birlikte \u00e7al\u0131\u015ft\u0131\u011f\u0131 mesai arkada\u015flar\u0131na y\u00f6nelik d\u00fczenledi\u011fi vefa yeme\u011fi oldu\u011fu vurgulanan a\u00e7\u0131klamada, &#8220;B\u00f6yle bir yemekte tak\u0131 tak\u0131lmas\u0131 gibi herhangi bir etkinlik olmam\u0131\u015ft\u0131r. Sonu\u00e7 itibar\u0131 ile bir kurum amirinin zorlu bir d\u00f6nemde birlikte g\u00f6rev yapt\u0131\u011f\u0131 mesai arkada\u015flar\u0131na, maliyetini tamamen kendisinin kar\u015f\u0131layarak d\u00fczenledi\u011fi bir yeme\u011fin amac\u0131ndan sapt\u0131r\u0131larak kamuoyunu yan\u0131ltmaya y\u00f6nelik, haks\u0131z itham ve isnatlar i\u00e7erir \u015fekilde servis edilmesi b\u00fcy\u00fck bir haks\u0131zl\u0131kt\u0131r. Somut belgelere dayanmayarak sadece duyumlar \u00fczerine b\u00f6yle bir habere imza atan ve bu haberi kullananlara kar\u015f\u0131 hukuki yollara ba\u015fvurma hakk\u0131m\u0131z sakl\u0131d\u0131r&#8221; ifadelerine yer verildi.\u00a0<\/p>\n","protected":false},"excerpt":{"rendered":"<p>&#8216;D\u00fc\u011f\u00fcn yeme\u011fi&#8217; iddialar\u0131na yalanlama Mersin \u0130l Sa\u011fl\u0131k M\u00fcd\u00fcrl\u00fc\u011f\u00fcnce, Sa\u011fl\u0131k M\u00fcd\u00fcr\u00fc Sinan Bah\u00e7ac\u0131&#8217;n\u0131n o\u011flu i\u00e7in devlet imkanlar\u0131 kullan\u0131larak d\u00fc\u011f\u00fcn yeme\u011fi d\u00fczenledi\u011fi y\u00f6n\u00fcndeki haberlerin ger\u00e7e\u011fi yans\u0131tmad\u0131\u011f\u0131 bildirildi.\u00a0 \u0130l Sa\u011fl\u0131k M\u00fcd\u00fcrl\u00fc\u011f\u00fcnden konuya ili\u015fkin &hellip; <a href=\"https:\/\/akdenizolaygazetesi.com\/?p=8145\" class=\"more-link\">Devam\u0131n\u0131 Oku&#8230;<\/a><\/p>\n","protected":false},"author":1,"featured_media":0,"comment_status":"open","ping_status":"open","sticky":false,"template":"","format":"standard","meta":[],"categories":[],"tags":[],"_links":{"self":[{"href":"https:\/\/akdenizolaygazetesi.com\/index.php?rest_route=\/wp\/v2\/posts\/8145"}],"collection":[{"href":"https:\/\/akdenizolaygazetesi.com\/index.php?rest_route=\/wp\/v2\/posts"}],"about":[{"href":"https:\/\/akdenizolaygazetesi.com\/index.php?rest_route=\/wp\/v2\/types\/post"}],"author":[{"embeddable":true,"href":"https:\/\/akdenizolaygazetesi.com\/index.php?rest_route=\/wp\/v2\/users\/1"}],"replies":[{"embeddable":true,"href":"https:\/\/akdenizolaygazetesi.com\/index.php?rest_route=%2Fwp%2Fv2%2Fcomments&post=8145"}],"version-history":[{"count":0,"href":"https:\/\/akdenizolaygazetesi.com\/index.php?rest_route=\/wp\/v2\/posts\/8145\/revisions"}],"wp:attachment":[{"href":"https:\/\/akdenizolaygazetesi.com\/index.php?rest_route=%2Fwp%2Fv2%2Fmedia&parent=8145"}],"wp:term":[{"taxonomy":"category","embeddable":true,"href":"https:\/\/akdenizolaygazetesi.com\/index.php?rest_route=%2Fwp%2Fv2%2Fcategories&post=8145"},{"taxonomy":"post_tag","embeddable":true,"href":"https:\/\/akdenizolaygazetesi.com\/index.php?rest_route=%2Fwp%2Fv2%2Ftags&post=8145"}],"curies":[{"name":"wp","href":"https:\/\/api.w.org\/{rel}","templated":true}]}}