{"id":8146,"date":"2020-11-04T18:28:37","date_gmt":"2020-11-04T15:28:37","guid":{"rendered":"http:\/\/mersinekonomipolitikagazetesi.com\/?p=8146"},"modified":"2020-11-04T18:28:37","modified_gmt":"2020-11-04T15:28:37","slug":"engelli-genclik-merkezi-icin-zor-da-olsa-evet-cikti","status":"publish","type":"post","link":"https:\/\/akdenizolaygazetesi.com\/?p=8146","title":{"rendered":"Engelli Gen\u00e7lik Merkezi i\u00e7in zor da olsa evet \u00e7\u0131kt\u0131"},"content":{"rendered":"<p>Meclis \u00fcyelerinin konuyla ilgili fikirlerini ve \u00e7ekincelerini beyan etmelerinin ard\u0131ndan s\u00f6z alan Ba\u015fkan G\u00fcltak\u2019\u0131n talebi ikna konu\u015fmas\u0131 sonu\u00e7 verdi. Akdeniz\u2019de \u2018Engelli Gen\u00e7lik Merkezi\u2019 a\u00e7\u0131lmas\u0131 karar\u0131 Meclisten oybirli\u011fi ile ge\u00e7ti.\u00a0<br \/>\nAkdeniz Belediye Meclisi Eyl\u00fcl ay\u0131 ikinci birle\u015fimini; M. Mustafa G\u00fcltak Ba\u015fkanl\u0131\u011f\u0131\u2019nda, konferans salonunda ger\u00e7ekle\u015ftirdi. A\u00e7\u0131l\u0131\u015f, yoklama ve \u00f6nceki birle\u015fimin tutanak \u00f6zetinin oylanmas\u0131yla ba\u015flayan Meclis\u2019te, komisyonlara havalesi yap\u0131lan g\u00fcndem maddeleri oylan\u0131p oybirli\u011fiyle kabul edildi.\u00a0<br \/>\nToplant\u0131da, Nusratiye Mahallesi\u2019nde bulunan, m\u00fclkiyeti Akdeniz Belediyesi\u2019ne ait bin 396 metrekare alana sahip ta\u015f\u0131nmaz\u0131n, \u2018Engelli Gen\u00e7lik Merkezi\u2019ne d\u00f6n\u00fc\u015ft\u00fcr\u00fclmek \u00fczere Gen\u00e7lik ve Spor \u0130l M\u00fcd\u00fcrl\u00fc\u011f\u00fc\u2019ne tahsisi ve yap\u0131lacak protokoller i\u00e7in Ba\u015fkan G\u00fcltak\u2019a yetki verilmesiyle ilgili \u00f6nerge \u00fczerinde Meclis \u00fcyeleri fikir al\u0131\u015fveri\u015finde bulundu.<br \/>\n\u00a0<br \/>\n\u00d6nce \u00e7ekimser, sonra oybirli\u011fi<\/p>\n<p>S\u00f6z alan CHP ve HDP\u2019li Meclis \u00fcyeleri, engelli gen\u00e7lik merkezi a\u00e7\u0131lmas\u0131na kar\u015f\u0131 olmad\u0131klar\u0131n\u0131, ancak belediyeye ait bu binan\u0131n, ba\u015fka bir kurum eliyle de\u011fil, belediye taraf\u0131ndan gen\u00e7lik ve k\u00fclt\u00fcr merkezi olarak de\u011ferlendirilmesi gerekti\u011fini ifade ederek, yap\u0131lacak oylamada \u00e7ekimser kalacaklar\u0131n\u0131 belirttiler. Gen\u00e7lik ve Spor \u0130l M\u00fcd\u00fcrl\u00fc\u011f\u00fc\u2019ne, il\u00e7e s\u0131n\u0131rlar\u0131nda ba\u015fka bir yap\u0131n\u0131n tahsis edilmesi gerekti\u011fi y\u00f6n\u00fcnde g\u00f6r\u00fc\u015flerini ifade eden Meclis \u00fcyeleri, bir tak\u0131m \u00e7ekincelerini de belirterek, g\u00fcndemle ilgili oylama i\u00e7in zaman istediler, sonraki toplant\u0131ya b\u0131rak\u0131lmas\u0131 y\u00f6n\u00fcnde taleplerini dile getirdiler.<\/p>\n<p>Bu a\u00e7\u0131klamalar \u00fczerine g\u00fcndem maddesi hakk\u0131nda konu\u015fma yapan Ba\u015fkan G\u00fcltak; \u201cTabi ben de bir k\u00fclt\u00fcr merkezi yapmak isterim. Mesela Toroslar, Yeni\u015fehir ve Mezitli \u00f6rnekleri verildi. Bunlar\u0131n her biri 15 ila 35 aras\u0131 d\u00f6n\u00fcm \u00fczerine oturmu\u015f k\u00fclt\u00fcr merkezleri. T\u00fcm belediye ba\u015fkanlar\u0131m\u0131za te\u015fekk\u00fcr ediyoruz. \u00c7ok g\u00fczel bir hizmet vermi\u015fler. Fakat bizim merkezde, b\u0131rak\u0131n 20 d\u00f6n\u00fcm\u00fc, 2 d\u00f6n\u00fcm yerimiz yok. Amac\u0131m, isteklerinizi geri \u00e7evirmek de\u011fil. Sizler de \u00e7ok iyi biliyorsunuz ki merkezde 70-80 y\u0131ll\u0131k bir \u015fehiriz. Bu sorun 15-20 y\u0131l \u00f6nceki belediye ba\u015fkanlar\u0131n\u0131n da sorunu de\u011fil. \u00a0\u00c7ok ge\u00e7mi\u015ften gelen bir sorun; Akdeniz\u2019de yer bulam\u0131yoruz\u201d ifadelerini kulland\u0131.<\/p>\n<p>\u201cBelediyemizin kasas\u0131ndan 1 kuru\u015f \u00e7\u0131kmayacak\u201d<\/p>\n<p>Mevcut yap\u0131y\u0131 satmad\u0131klar\u0131n\u0131, tahsis ettiklerini vurgulayan Ba\u015fkan G\u00fcltak, \u201c\u0130stesek buraya da trampa yapabilirdik ama yapmad\u0131k. \u00c7\u00fcnk\u00fc ger\u00e7ekten \u00e7ok de\u011ferli bir arazi. Sonu\u00e7ta devletin paras\u0131 buraya gelecek, engelli gen\u00e7lik merkezini yapaca\u011f\u0131z ve birlikte i\u015fletece\u011fiz. Belli prosed\u00fcrler tamamland\u0131ktan sonra buras\u0131 Akdeniz insanlar\u0131n\u0131n olacak. Bizden, belediyemizden 1 lira para \u00e7\u0131kmayacak. Belli bir s\u00fcre sonra da buras\u0131 Akdeniz Belediyesi\u2019nin olacak. Arazi de bizim, bina da bizim. Burada hi\u00e7bir s\u0131k\u0131nt\u0131 yok. \u00c7evresindeki donat\u0131lar ve tesislerle birlikte buras\u0131 bir anda 3 bin metrekarenin \u00fczerine \u00e7\u0131kacak ve g\u00fczel bir komplekse d\u00f6n\u00fc\u015fecek. Mersin ve Akdeniz\u2019e engelli gen\u00e7lik merkezi kazand\u0131r\u0131yoruz. Cebimizden de para \u00e7\u0131km\u0131yor. K\u00fclt\u00fcr merkezi i\u00e7in yerimiz olursa yapar\u0131z. Tabi ya\u015fl\u0131lar\u0131m\u0131zla ilgili TEDA\u015e binas\u0131nda da bir \u00e7al\u0131\u015fma yapal\u0131m. Ben de k\u00fclt\u00fcr merkezi yapmak isterim ama 2 d\u00f6n\u00fcm \u00fczerine k\u00fclt\u00fcr merkezi olmaz. Sizlerden ricam, bu g\u00fcndemin Meclisimizden oybirli\u011fi ile ge\u00e7mesi\u201d \u015feklinde konu\u015ftu.\u00a0<br \/>\nAkdeniz Belediye Ba\u015fkan\u0131 M. Mustafa G\u00fcltak\u2019\u0131n, konuyla ilgili a\u00e7\u0131klamas\u0131n\u0131n ard\u0131ndan ge\u00e7ilen oylamada t\u00fcm Meclis \u00fcyeleri el kald\u0131rarak, belediyeye ait yap\u0131n\u0131n Engelli Gen\u00e7lik Merkezi olarak hizmet vermesi i\u00e7in Gen\u00e7lik ve Spor Bakanl\u0131\u011f\u0131\u2019na tahsisi ile ilgili karar\u0131n oybirli\u011fiyle Meclis\u2019ten ge\u00e7mesini sa\u011flad\u0131lar.<br \/>\n\u00a0\u00a0<br \/>\n\u201cYeni hayat tarz\u0131na al\u0131\u015fmam\u0131z gerekiyor\u201d<\/p>\n<p>Temenni ve \u00f6neriler b\u00f6l\u00fcm\u00fcnde, Meclis \u00fcyelerinin; Koronavir\u00fcs salg\u0131n\u0131na kar\u015f\u0131 kent ve il\u00e7e genelinde tedbirleri s\u0131k\u0131la\u015ft\u0131rmaya ili\u015fkin yapt\u0131\u011f\u0131 a\u00e7\u0131klamalar\u0131 \u00fczerine konu\u015fan Ba\u015fkan G\u00fcltak, Covid19 vir\u00fcs\u00fcn\u00fcn, t\u00fcm d\u00fcnyan\u0131n sorunu oldu\u011funu vurgulad\u0131.\u00a0<br \/>\nKoronavir\u00fcs (Covid19) salg\u0131n\u0131yla m\u00fccadelede kurallara mutlaka uyulmas\u0131 gerekti\u011finin alt\u0131n\u0131 \u00e7izen Ba\u015fkan G\u00fcltak; \u201cArt\u0131k \u00f6n\u00fcm\u00fczde yeni bir hayat tarz\u0131 var. Maske, sosyal mesafe ve hijyen&#8230; Bunlara \u00e7ok dikkat edece\u011fiz ve mutlaka uyaca\u011f\u0131z. A\u015f\u0131 bulununcaya kadar b\u00f6yle devam edecek. Aksi takdirde bu sorun \u00e7\u00f6z\u00fclmez. Eczac\u0131 olarak s\u00f6yl\u00fcyorum; Vir\u00fcslerin tedavisi olmaz, a\u015f\u0131s\u0131 olur. Burada tedbirler devreye giriyor. Bunu halka ve kamuoyuna bol bol anlatmak gerekiyor\u201d diye konu\u015ftu.<\/p>\n<p>Ba\u015fkan G\u00fcltak; belediye olarak ilk g\u00fcnden itibaren salg\u0131na kar\u015f\u0131 yo\u011fun bir m\u00fccadele verdiklerinin de alt\u0131n\u0131 \u00e7izerek, maske ve hijyen \u00fcr\u00fcnleri da\u011f\u0131tmaya devam ettiklerini s\u00f6yledi. Ba\u015fkan G\u00fcltak; \u201cTedbiri elden b\u0131rakmayaca\u011f\u0131z, sosyal mesafe ve temizli\u011fe dikkat edecek, a\u015f\u0131n\u0131n bulunmas\u0131n\u0131 bekleyece\u011fiz. V\u00fccut direncimizi y\u00fcksek tutal\u0131m. Bula\u015f noktalar\u0131, d\u00fc\u011f\u00fcnler, taziyeler, askere g\u00f6ndermeler ve kapal\u0131 alanlar. Vir\u00fcs t\u00fcm d\u00fcnyada h\u0131zla art\u0131yor. Kurallara uyarsak atlat\u0131r\u0131z ama uymazsak d\u00fcnya \u00e7ap\u0131nda bu vir\u00fcs h\u0131zla yay\u0131lmaya devam edecek\u201d dedi.\u00a0<br \/>\nKonu\u015fmas\u0131n\u0131n sonunda; g\u00fcndeme al\u0131nan t\u00fcm kararlar\u0131n oybirli\u011fi ile ge\u00e7mesi nedeniyle Meclis \u00fcyelerine te\u015fekk\u00fcr eden Ba\u015fkan G\u00fcltak, bir sonraki Meclis toplant\u0131s\u0131n\u0131n, 1 Ekim 2020 Per\u015fembe g\u00fcn\u00fc yap\u0131laca\u011f\u0131n\u0131 s\u00f6zlerine ekledi.\u00a0<\/p>\n","protected":false},"excerpt":{"rendered":"<p>Meclis \u00fcyelerinin konuyla ilgili fikirlerini ve \u00e7ekincelerini beyan etmelerinin ard\u0131ndan s\u00f6z alan Ba\u015fkan G\u00fcltak\u2019\u0131n talebi ikna konu\u015fmas\u0131 sonu\u00e7 verdi. Akdeniz\u2019de \u2018Engelli Gen\u00e7lik Merkezi\u2019 a\u00e7\u0131lmas\u0131 karar\u0131 Meclisten oybirli\u011fi ile ge\u00e7ti.\u00a0 Akdeniz &hellip; <a href=\"https:\/\/akdenizolaygazetesi.com\/?p=8146\" class=\"more-link\">Devam\u0131n\u0131 Oku&#8230;<\/a><\/p>\n","protected":false},"author":1,"featured_media":0,"comment_status":"open","ping_status":"open","sticky":false,"template":"","format":"standard","meta":[],"categories":[],"tags":[],"_links":{"self":[{"href":"https:\/\/akdenizolaygazetesi.com\/index.php?rest_route=\/wp\/v2\/posts\/8146"}],"collection":[{"href":"https:\/\/akdenizolaygazetesi.com\/index.php?rest_route=\/wp\/v2\/posts"}],"about":[{"href":"https:\/\/akdenizolaygazetesi.com\/index.php?rest_route=\/wp\/v2\/types\/post"}],"author":[{"embeddable":true,"href":"https:\/\/akdenizolaygazetesi.com\/index.php?rest_route=\/wp\/v2\/users\/1"}],"replies":[{"embeddable":true,"href":"https:\/\/akdenizolaygazetesi.com\/index.php?rest_route=%2Fwp%2Fv2%2Fcomments&post=8146"}],"version-history":[{"count":0,"href":"https:\/\/akdenizolaygazetesi.com\/index.php?rest_route=\/wp\/v2\/posts\/8146\/revisions"}],"wp:attachment":[{"href":"https:\/\/akdenizolaygazetesi.com\/index.php?rest_route=%2Fwp%2Fv2%2Fmedia&parent=8146"}],"wp:term":[{"taxonomy":"category","embeddable":true,"href":"https:\/\/akdenizolaygazetesi.com\/index.php?rest_route=%2Fwp%2Fv2%2Fcategories&post=8146"},{"taxonomy":"post_tag","embeddable":true,"href":"https:\/\/akdenizolaygazetesi.com\/index.php?rest_route=%2Fwp%2Fv2%2Ftags&post=8146"}],"curies":[{"name":"wp","href":"https:\/\/api.w.org\/{rel}","templated":true}]}}