{"id":815,"date":"2020-11-04T18:21:26","date_gmt":"2020-11-04T15:21:26","guid":{"rendered":"http:\/\/mersinekonomipolitikagazetesi.com\/?p=815"},"modified":"2020-11-04T18:21:26","modified_gmt":"2020-11-04T15:21:26","slug":"tarhan-en-buyuk-hayalim-mezitlide-yasayanlarin-mutlu-olmasidir","status":"publish","type":"post","link":"https:\/\/akdenizolaygazetesi.com\/?p=815","title":{"rendered":"Tarhan: &#8220;En b\u00fcy\u00fck hayalim Mezitli&#8217;de ya\u015fayanlar\u0131n mutlu olmas\u0131d\u0131r&#8221;"},"content":{"rendered":"<p>Mersin&#8217;in merkez il\u00e7e Mezitli Belediye Ba\u015fkan\u0131 Ne\u015fet Tarhan, &#8220;En b\u00fcy\u00fck hayalim, Mezitli&#8217;de ya\u015fayan insanlar\u0131n mutlu olmas\u0131d\u0131r&#8221; dedi.<\/p>\n<p><span style=\"color: rgb(0, 0, 0); font-family: Tahoma, Arial, 'Times New Roman TUR', Verdana; font-size: 15px; line-height: normal;\">\u00d6zel bir okulun \u00f6\u011frencileriyle \u2018Belediye Y\u00f6netimi ve Mezitli\u2019 konulu panelde bir araya gelen Ba\u015fkan Tarhan, projeleri ve ger\u00e7ekle\u015ftirdi\u011fi hizmetler hakk\u0131nda bilgiler verdi, \u00f6\u011frencilerin sorular\u0131n\u0131 yan\u0131tlad\u0131.\u00a0<\/span><br style=\"color: rgb(0, 0, 0); font-family: Tahoma, Arial, 'Times New Roman TUR', Verdana; font-size: 15px; line-height: normal;\" \/><br \/>\n<span style=\"color: rgb(0, 0, 0); font-family: Tahoma, Arial, 'Times New Roman TUR', Verdana; font-size: 15px; line-height: normal;\">25 y\u0131l gibi uzun bir s\u00fcredir belediyenin \u00e7e\u015fitli kademelerinde g\u00f6rev ald\u0131\u011f\u0131n\u0131 belirten Ba\u015fkan Tarhan, 3 y\u0131ld\u0131r da Mezitli i\u00e7in hizmet \u00fcretmeye \u00e7al\u0131\u015ft\u0131\u011f\u0131n\u0131 s\u00f6yledi. Bir hayali ger\u00e7ekle\u015ftirmek amac\u0131yla Mezitli Belediye ba\u015fkan\u0131 oldu\u011funu ifade eden Tarhan, &#8220;Herkesin bir hayali vard\u0131r. Salonda bulunan \u00f6\u011frencilerinde bir hayali vard\u0131r. Belki kimisi doktor olmak istiyor. Belki de i\u015f adam\u0131 veya hakim olmak isteyenler var. Benim de en b\u00fcy\u00fck hayalim Mezitli&#8217;de ya\u015fayan insanlar\u0131n mutlu olmas\u0131d\u0131r. Bunu sa\u011flamak i\u00e7in de \u00e7e\u015fitli projelere imza at\u0131yor, etkinlikler d\u00fczenliyoruz&#8221; diye konu\u015ftu.<\/span><\/p>\n","protected":false},"excerpt":{"rendered":"<p>Mersin&#8217;in merkez il\u00e7e Mezitli Belediye Ba\u015fkan\u0131 Ne\u015fet Tarhan, &#8220;En b\u00fcy\u00fck hayalim, Mezitli&#8217;de ya\u015fayan insanlar\u0131n mutlu olmas\u0131d\u0131r&#8221; dedi. \u00d6zel bir okulun \u00f6\u011frencileriyle \u2018Belediye Y\u00f6netimi ve Mezitli\u2019 konulu panelde bir araya gelen &hellip; <a href=\"https:\/\/akdenizolaygazetesi.com\/?p=815\" class=\"more-link\">Devam\u0131n\u0131 Oku&#8230;<\/a><\/p>\n","protected":false},"author":1,"featured_media":0,"comment_status":"open","ping_status":"open","sticky":false,"template":"","format":"standard","meta":[],"categories":[],"tags":[],"_links":{"self":[{"href":"https:\/\/akdenizolaygazetesi.com\/index.php?rest_route=\/wp\/v2\/posts\/815"}],"collection":[{"href":"https:\/\/akdenizolaygazetesi.com\/index.php?rest_route=\/wp\/v2\/posts"}],"about":[{"href":"https:\/\/akdenizolaygazetesi.com\/index.php?rest_route=\/wp\/v2\/types\/post"}],"author":[{"embeddable":true,"href":"https:\/\/akdenizolaygazetesi.com\/index.php?rest_route=\/wp\/v2\/users\/1"}],"replies":[{"embeddable":true,"href":"https:\/\/akdenizolaygazetesi.com\/index.php?rest_route=%2Fwp%2Fv2%2Fcomments&post=815"}],"version-history":[{"count":0,"href":"https:\/\/akdenizolaygazetesi.com\/index.php?rest_route=\/wp\/v2\/posts\/815\/revisions"}],"wp:attachment":[{"href":"https:\/\/akdenizolaygazetesi.com\/index.php?rest_route=%2Fwp%2Fv2%2Fmedia&parent=815"}],"wp:term":[{"taxonomy":"category","embeddable":true,"href":"https:\/\/akdenizolaygazetesi.com\/index.php?rest_route=%2Fwp%2Fv2%2Fcategories&post=815"},{"taxonomy":"post_tag","embeddable":true,"href":"https:\/\/akdenizolaygazetesi.com\/index.php?rest_route=%2Fwp%2Fv2%2Ftags&post=815"}],"curies":[{"name":"wp","href":"https:\/\/api.w.org\/{rel}","templated":true}]}}