{"id":8151,"date":"2020-11-04T18:28:37","date_gmt":"2020-11-04T15:28:37","guid":{"rendered":"http:\/\/mersinekonomipolitikagazetesi.com\/?p=8151"},"modified":"2020-11-04T18:28:37","modified_gmt":"2020-11-04T15:28:37","slug":"turkiye-narenciye-ihracatinda-yuzde-32-artis-yakaladi","status":"publish","type":"post","link":"https:\/\/akdenizolaygazetesi.com\/?p=8151","title":{"rendered":"T\u00fcrkiye narenciye ihracat\u0131nda y\u00fczde 32 art\u0131\u015f yakalad\u0131"},"content":{"rendered":"<p>Akdeniz Ya\u015f Meyve Sebze \u0130hracat\u00e7\u0131lar\u0131 Birli\u011fi Y\u00f6netim Kurulu Ba\u015fkan\u0131 Nejdat Sin, ya\u015f meyve ve sebze ihracat\u0131nda en \u00f6nemli \u00fcr\u00fcn grubunu olu\u015fturan narenciyede 2020 y\u0131l\u0131n\u0131n ilk 8 ay\u0131nda 666 bin ton \u00fcr\u00fcn ihra\u00e7 ederek T\u00fcrkiye\u2019ye 339,8 milyon dolar d\u00f6viz kazand\u0131rd\u0131klar\u0131n\u0131 a\u00e7\u0131klad\u0131. Yeni narenciye ihracat sezonunun 3 Eyl\u00fcl\u2019den itibaren Mayer cinsi limonla ba\u015flad\u0131\u011f\u0131n\u0131 kaydeden Ba\u015fkan Nejdat Sin, \u201cAkdeniz Ya\u015f Meyve Sebze \u0130hracat\u00e7\u0131lar\u0131 Birli\u011fi olarak \u00fclkemizin Ocak-A\u011fustos d\u00f6nemi narenciye ihracat\u0131n\u0131n y\u00fczde 77\u2019sini ger\u00e7ekle\u015ftirmi\u015f olman\u0131n mutlulu\u011funu ya\u015f\u0131yoruz\u201d dedi.\u00a0<br \/>\nYa\u015f meyve sebze sekt\u00f6r\u00fcn\u00fcn lideri olarak T\u00fcrkiye\u2019de koordinat\u00f6rl\u00fck ve sekretarya hizmetlerini y\u00fcr\u00fcten Akdeniz Ya\u015f Meyve Sebze \u0130hracat\u00e7\u0131lar\u0131 Birli\u011fi\u2019nin yeni narenciye sezonuna girilirken sekt\u00f6r payda\u015flar\u0131n\u0131 bir araya getirdi\u011fini belirten Ba\u015fkan Nejdat Sin, ihracat\u00e7\u0131lar\u0131n elini g\u00fc\u00e7lendirecek ortak \u00e7al\u0131\u015fmalar\u0131n y\u00fcr\u00fct\u00fclmesi, ihracatta kar\u015f\u0131la\u015f\u0131labilecek sorunlara birlikte \u00e7\u00f6z\u00fcm \u00fcretilmesi ve yeni sezona dair beklentilerin de\u011ferlendirildi\u011fi toplant\u0131n\u0131n verimli ge\u00e7ti\u011fini s\u00f6yledi. Narenciye \u00fcr\u00fcnlerinde cinslerine g\u00f6re rekolte farkl\u0131l\u0131klar\u0131 ya\u015fand\u0131\u011f\u0131n\u0131 dile getiren Sin, \u201cNarenciye ihracat\u0131nda \u015fuan i\u00e7in herhangi bir k\u0131s\u0131tlama bulunmuyor. Bakanl\u0131k yetkilileriyle yapt\u0131\u011f\u0131m\u0131z g\u00f6r\u00fc\u015fmelerde de \u00f6n\u00fcm\u00fczdeki s\u00fcre\u00e7te narenciye \u00fcr\u00fcnlerinde k\u0131s\u0131tlama olmayaca\u011f\u0131 y\u00f6n\u00fcnde izlenim olu\u015ftu. Ge\u00e7en y\u0131la k\u0131yasla daha bereketli bir sezon olaca\u011f\u0131n\u0131 \u00f6ng\u00f6r\u00fcyoruz. May\u0131s ay\u0131nda bir hafta s\u00fcren a\u015f\u0131r\u0131 s\u0131cak hava ve poyraz narenciyede rekolte beklentisini d\u00fc\u015f\u00fcrm\u00fc\u015ft\u00fc. Bu olumsuzluk haziran ay\u0131 ve sonras\u0131ndaki uygun hava ko\u015fullar\u0131 sayesinde ortadan kalkt\u0131. Limon ve greyfurtta ge\u00e7en y\u0131ldan daha fazla verim var. Mandalina ve portakal\u0131n baz\u0131 cinslerinde eksikler olsa da ge\u00e7en y\u0131ldan y\u00fcksek verim bekliyoruz. Yeni narenciye sezonunun \u00fcreticilerimize, ihracat\u00e7\u0131lar\u0131m\u0131za hay\u0131rl\u0131, u\u011furlu olmas\u0131n\u0131 temenni ediyoruz. \u0130yi bir sezon ge\u00e7irece\u011fimize inan\u0131yoruz\u201d diye konu\u015ftu.\u00a0<\/p>\n<p>En fazla narenciye ihracat\u0131 Rusya\u2019ya<br \/>\n\u00a0<br \/>\n2020 y\u0131l\u0131n\u0131n ilk 8 ay\u0131nda T\u00fcrkiye\u2019nin ya\u015f meyve sebze ihracat\u0131n\u0131n ge\u00e7en y\u0131l\u0131n ayn\u0131 d\u00f6nemine g\u00f6re y\u00fczde 24 art\u0131\u015fla 1 milyar 493 milyon dolara ula\u015ft\u0131\u011f\u0131n\u0131, bu rakamda narenciye \u00fcr\u00fcnlerinin pay\u0131n\u0131n y\u00fczde 22,7 oldu\u011funu ifade eden Ba\u015fkan Sin, \u201cOcak-A\u011fustos aylar\u0131 aras\u0131nda sekt\u00f6r olarak narenciye ihracat\u0131nda ge\u00e7en y\u0131l\u0131n ayn\u0131 d\u00f6nemine k\u0131yasla y\u00fczde 32\u2019lik art\u0131\u015f sa\u011flad\u0131k. En fazla narenciye ihracat\u0131 ger\u00e7ekle\u015ftirdi\u011fimiz \u00fclkelere bakt\u0131\u011f\u0131m\u0131zda 119,4 milyon dolar de\u011fer ile Rusya birinci, 33,4 milyon dolar de\u011fer ile Ukrayna ikinci, 32,4 milyon dolar de\u011fer ile Irak \u00fc\u00e7\u00fcnc\u00fc s\u0131rada yer ald\u0131. Narenciye ihracat\u0131nda en fazla art\u0131\u015f sa\u011flad\u0131\u011f\u0131m\u0131z \u00fclkelerin ba\u015f\u0131nda y\u00fczde 539 art\u0131\u015f ve 3,6 milyon dolar de\u011fer ile \u0130talya geldi. Bu \u00fclkeyi y\u00fczde 212 art\u0131\u015f ve 4,1 milyon dolar de\u011fer ile Beyaz Rusya, y\u00fczde 197 art\u0131\u015f ve 18 milyon dolar ile Polonya takip etti\u201d dedi.\u00a0<\/p>\n<p>Narenciyede ihracat \u015fampiyonu mandarin<br \/>\n\u00a0<br \/>\nT\u00fcrkiye\u2019nin narenciye ihracat\u0131n\u0131 \u00e7e\u015fitlere g\u00f6re de\u011ferlendiren Ba\u015fkan Sin, \u015funlar\u0131 s\u00f6yledi:\u00a0<br \/>\n\u201c2020 y\u0131l\u0131n\u0131n ilk 8 ay\u0131nda narenciye \u00fcr\u00fcn grubunda en fazla ihra\u00e7 etti\u011fimiz meyve mandarin oldu. 228 bin tonluk mandarin ihracat\u0131m\u0131zdan 125,6 milyon dolar d\u00f6viz geliri sa\u011flad\u0131k, ge\u00e7en y\u0131la g\u00f6re y\u00fczde 67 oran\u0131nda art\u0131\u015f yakalad\u0131k. Limon ihracat\u0131m\u0131z 157 bin 736 ton miktar ve 95,8 milyon dolar de\u011fer olarak ger\u00e7ekle\u015fti. 164 bin 350 tonluk portakal ihracat\u0131m\u0131zda 65,2 milyon dolarl\u0131k de\u011fere ula\u015ft\u0131k. Greyfurt ihracat\u0131m\u0131z ise 115 bin 578 ton ve 53 milyon dolar olarak raporlara yans\u0131d\u0131.\u201d \u00a0<\/p>\n","protected":false},"excerpt":{"rendered":"<p>Akdeniz Ya\u015f Meyve Sebze \u0130hracat\u00e7\u0131lar\u0131 Birli\u011fi Y\u00f6netim Kurulu Ba\u015fkan\u0131 Nejdat Sin, ya\u015f meyve ve sebze ihracat\u0131nda en \u00f6nemli \u00fcr\u00fcn grubunu olu\u015fturan narenciyede 2020 y\u0131l\u0131n\u0131n ilk 8 ay\u0131nda 666 bin ton &hellip; <a href=\"https:\/\/akdenizolaygazetesi.com\/?p=8151\" class=\"more-link\">Devam\u0131n\u0131 Oku&#8230;<\/a><\/p>\n","protected":false},"author":1,"featured_media":0,"comment_status":"open","ping_status":"open","sticky":false,"template":"","format":"standard","meta":[],"categories":[],"tags":[],"_links":{"self":[{"href":"https:\/\/akdenizolaygazetesi.com\/index.php?rest_route=\/wp\/v2\/posts\/8151"}],"collection":[{"href":"https:\/\/akdenizolaygazetesi.com\/index.php?rest_route=\/wp\/v2\/posts"}],"about":[{"href":"https:\/\/akdenizolaygazetesi.com\/index.php?rest_route=\/wp\/v2\/types\/post"}],"author":[{"embeddable":true,"href":"https:\/\/akdenizolaygazetesi.com\/index.php?rest_route=\/wp\/v2\/users\/1"}],"replies":[{"embeddable":true,"href":"https:\/\/akdenizolaygazetesi.com\/index.php?rest_route=%2Fwp%2Fv2%2Fcomments&post=8151"}],"version-history":[{"count":0,"href":"https:\/\/akdenizolaygazetesi.com\/index.php?rest_route=\/wp\/v2\/posts\/8151\/revisions"}],"wp:attachment":[{"href":"https:\/\/akdenizolaygazetesi.com\/index.php?rest_route=%2Fwp%2Fv2%2Fmedia&parent=8151"}],"wp:term":[{"taxonomy":"category","embeddable":true,"href":"https:\/\/akdenizolaygazetesi.com\/index.php?rest_route=%2Fwp%2Fv2%2Fcategories&post=8151"},{"taxonomy":"post_tag","embeddable":true,"href":"https:\/\/akdenizolaygazetesi.com\/index.php?rest_route=%2Fwp%2Fv2%2Ftags&post=8151"}],"curies":[{"name":"wp","href":"https:\/\/api.w.org\/{rel}","templated":true}]}}