{"id":8154,"date":"2020-11-04T18:28:37","date_gmt":"2020-11-04T15:28:37","guid":{"rendered":"http:\/\/mersinekonomipolitikagazetesi.com\/?p=8154"},"modified":"2020-11-04T18:28:37","modified_gmt":"2020-11-04T15:28:37","slug":"mdtonun-yeni-genel-sekreteri-mesut-ozturk","status":"publish","type":"post","link":"https:\/\/akdenizolaygazetesi.com\/?p=8154","title":{"rendered":"MDTO\u2019nun Yeni Genel Sekreteri Mesut \u00d6zt\u00fcrk"},"content":{"rendered":"<p><span style=\"line-height: 1.6em;\">Kpt. Mesut \u00d6zt\u00fcrk Mersin Deniz Ticaret Odas\u0131\u2019nda Genel Sekreterlik g\u00f6revini \u00fcstlendi.\u00a0<\/span><\/p>\n<p>\u00a0<br \/>\nMersin Deniz Ticaret Odas\u0131\u2019nda (MDTO) Genel Sekreterlik g\u00f6revini y\u00fcr\u00fcten Korer \u00d6zbenli\u2019nin emekliye ayr\u0131lmas\u0131 nedeniyle bo\u015falan MDTO Genel Sekreterli\u011fi g\u00f6revine Kpt. Mesut \u00d6zt\u00fcrk atand\u0131.<br \/>\n\u0130stanbul Teknik \u00dcniversitesi (\u0130T\u00dc) Denizcilik Fak\u00fcltesi\u2019nden 1984 y\u0131l\u0131nda mezun olan Kpt. Mesut \u00d6zt\u00fcrk deniz hizmetlerinin ard\u0131ndan Denizcilik M\u00fcste\u015farl\u0131\u011f\u0131 Mersin ve Samsun B\u00f6lge M\u00fcd\u00fcrl\u00fc\u011f\u00fc ile Denizcilik M\u00fcste\u015farl\u0131\u011f\u0131\u2019nda M\u00fcste\u015farl\u0131k M\u00fc\u015faviri olarak g\u00f6rev yapt\u0131.\u00a0<br \/>\n\u00d6zt\u00fcrk, 2011 y\u0131l\u0131ndan beri Mersin Deniz Ticaret Odas\u0131\u2019nda Genel Sekreter Yard\u0131mc\u0131s\u0131 olarak g\u00f6rev yapmaktayd\u0131.\u00a0<br \/>\nGenel Sekreterli\u011fe atanmas\u0131yla ilgili a\u00e7\u0131klamalarda bulunan \u00d6zt\u00fcrk, Korer \u00d6zbenli ile Denizcilik M\u00fcste\u015farl\u0131\u011f\u0131\u2019nda da birlikte \u00e7al\u0131\u015ft\u0131klar\u0131n\u0131 belirterek \u00d6zbenli\u2019nin y\u00f6netme becerisi ve bilgi birikiminden \u00e7ok \u015fey \u00f6\u011frendiklerini kaydetti.\u00a0<br \/>\n\u00d6zt\u00fcrk a\u00e7\u0131klamas\u0131nda \u201cB\u00f6lgemizi \u00e7ok iyi tan\u0131yorum. \u00dcyelerimizin ve b\u00f6lgemizin sorunlar\u0131n\u0131 biliyorum. Bizler de \u00e7al\u0131\u015fma arkada\u015flar\u0131m\u0131zla Odam\u0131z\u0131 bulundu\u011fu \u00e7izgiden daha yukar\u0131lara \u00e7\u0131karmaya gayret ederek Mersin Deniz Ticaret Odas\u0131\u2019na, denizcilik camiam\u0131za ve b\u00f6lgemiz denizcili\u011fine en iyi \u015fekilde hizmet vermeye \u00e7al\u0131\u015faca\u011f\u0131z\u201d ifadelerini kulland\u0131.\u00a0<\/p>\n","protected":false},"excerpt":{"rendered":"<p>Kpt. Mesut \u00d6zt\u00fcrk Mersin Deniz Ticaret Odas\u0131\u2019nda Genel Sekreterlik g\u00f6revini \u00fcstlendi.\u00a0 \u00a0 Mersin Deniz Ticaret Odas\u0131\u2019nda (MDTO) Genel Sekreterlik g\u00f6revini y\u00fcr\u00fcten Korer \u00d6zbenli\u2019nin emekliye ayr\u0131lmas\u0131 nedeniyle bo\u015falan MDTO Genel Sekreterli\u011fi &hellip; <a href=\"https:\/\/akdenizolaygazetesi.com\/?p=8154\" class=\"more-link\">Devam\u0131n\u0131 Oku&#8230;<\/a><\/p>\n","protected":false},"author":1,"featured_media":0,"comment_status":"open","ping_status":"open","sticky":false,"template":"","format":"standard","meta":[],"categories":[],"tags":[],"_links":{"self":[{"href":"https:\/\/akdenizolaygazetesi.com\/index.php?rest_route=\/wp\/v2\/posts\/8154"}],"collection":[{"href":"https:\/\/akdenizolaygazetesi.com\/index.php?rest_route=\/wp\/v2\/posts"}],"about":[{"href":"https:\/\/akdenizolaygazetesi.com\/index.php?rest_route=\/wp\/v2\/types\/post"}],"author":[{"embeddable":true,"href":"https:\/\/akdenizolaygazetesi.com\/index.php?rest_route=\/wp\/v2\/users\/1"}],"replies":[{"embeddable":true,"href":"https:\/\/akdenizolaygazetesi.com\/index.php?rest_route=%2Fwp%2Fv2%2Fcomments&post=8154"}],"version-history":[{"count":0,"href":"https:\/\/akdenizolaygazetesi.com\/index.php?rest_route=\/wp\/v2\/posts\/8154\/revisions"}],"wp:attachment":[{"href":"https:\/\/akdenizolaygazetesi.com\/index.php?rest_route=%2Fwp%2Fv2%2Fmedia&parent=8154"}],"wp:term":[{"taxonomy":"category","embeddable":true,"href":"https:\/\/akdenizolaygazetesi.com\/index.php?rest_route=%2Fwp%2Fv2%2Fcategories&post=8154"},{"taxonomy":"post_tag","embeddable":true,"href":"https:\/\/akdenizolaygazetesi.com\/index.php?rest_route=%2Fwp%2Fv2%2Ftags&post=8154"}],"curies":[{"name":"wp","href":"https:\/\/api.w.org\/{rel}","templated":true}]}}