{"id":8155,"date":"2020-11-04T18:28:37","date_gmt":"2020-11-04T15:28:37","guid":{"rendered":"http:\/\/mersinekonomipolitikagazetesi.com\/?p=8155"},"modified":"2020-11-04T18:28:37","modified_gmt":"2020-11-04T15:28:37","slug":"balayindan-donen-avukat-cifte-trafikte-sozlu-silahli-tehdit","status":"publish","type":"post","link":"https:\/\/akdenizolaygazetesi.com\/?p=8155","title":{"rendered":"Balay\u0131ndan d\u00f6nen avukat \u00e7ifte trafikte s\u00f6zl\u00fc silahl\u0131 tehdit"},"content":{"rendered":"<p><span style=\"line-height: 1.6em;\">\u00a0Mersin&#8217;in Erdemli il\u00e7esinde balay\u0131ndan d\u00f6nen avukat \u00e7ift, kimli\u011fi belirsiz 4 ki\u015finin kendilerini trafikte s\u00f6zl\u00fc ve silahl\u0131 tehdit etti\u011fini ileri s\u00fcrerek zanl\u0131lar hakk\u0131nda savc\u0131l\u0131\u011fa su\u00e7 duyurusunda bulundu. Erdemli Adliyesi giri\u015finde Mersin Barosu avukatlar\u0131 da haz\u0131r bekleyerek avukat arkada\u015flar\u0131na destek verip, sald\u0131r\u0131y\u0131 k\u0131nad\u0131.\u00a0<\/span><\/p>\n<p>Edinilen bilgiye g\u00f6re Erdemli&#8217;de avukatl\u0131k yapan Mustafa ve B\u00fc\u015fra Do\u011fan \u00e7ifti Kapadokya&#8217;daki balay\u0131n\u0131 tamamlay\u0131p memleketlerine geri d\u00f6nerken, Erdemli&#8217;ye ba\u011fl\u0131 Arpa\u00e7bah\u015fi\u015f Mahallesinde k\u0131rm\u0131z\u0131 \u0131\u015f\u0131kta durdu. \u0130ddiaya g\u00f6re i\u00e7erisinde 4 ki\u015finin bulundu\u011fu otomobildekiler \u00e7iftin \u0131\u015f\u0131kta durmas\u0131na tepki g\u00f6sterdi. Ard\u0131nda avukat \u00e7ifti \u00f6nce s\u00f6zle taciz etti. Ard\u0131ndan da silah g\u00f6stererek \u00e7ifti durmaya zorlad\u0131. Daha sonra 4 ki\u015fi \u00e7iftin bulundu\u011fu otomobile sald\u0131rd\u0131. Zanl\u0131lar\u0131n olay yerinden uzakla\u015fmas\u0131yla avukat \u00e7ift karakola giderek ifade verdi, ard\u0131ndan da adliyeye giderek savc\u0131l\u0131\u011fa zanl\u0131lar hakk\u0131nda su\u00e7 duyurusunda bulundu.\u00a0<br \/>\n&#8220;Tehdit ve hakaretlere maruz kald\u0131k&#8221;\u00a0<br \/>\nTrafikte s\u00f6zl\u00fc ve silahl\u0131 tacize maruz kald\u0131\u011f\u0131n\u0131 ifade eden Avukat Mustafa Do\u011fan, &#8220;Balay\u0131 d\u00f6n\u00fc\u015f\u00fcnde trafikte 4 ki\u015fi taraf\u0131ndan silahla tehdit edildik. Ayn\u0131 zamanda tehdit ve hakaretlere maruz kald\u0131k. B\u00fcy\u00fck ihtimal madde ya da alkol etkisinde olduklar\u0131 i\u00e7in ne yapacaklar\u0131n\u0131 \u00e7ok fazla sezinleyemedi\u011fim i\u00e7in hi\u00e7bir \u015fekilde ara\u00e7tan inemedim. E\u015fim panik atak ge\u00e7irdi\u011fi i\u00e7in onunla ilgilenmek zorunda kald\u0131m. O anda yapabilece\u011fimiz hi\u00e7bir \u015fey yoktu. Emniyet g\u00fc\u00e7lerine haber verip biran \u00f6nce olay yerinden uzakla\u015ft\u0131k&#8221; dedi.\u00a0<br \/>\n&#8220;Arac\u0131m\u0131za fiziki hasar verdiler, camlara ta\u015fla vurdular&#8221;\u00a0<br \/>\nGerekli yasal s\u00fcreci ba\u015flatt\u0131klar\u0131n\u0131 ifade eden Do\u011fan, &#8220;Ara\u00e7lar\u0131ndan silah g\u00f6stermek suretiyle tehdit ettiler. Zorla \u015feritten \u00e7\u0131karmak i\u00e7in ara\u00e7la arac\u0131m\u0131 s\u0131k\u0131\u015ft\u0131rd\u0131lar. So\u011fukkanl\u0131l\u0131ktan dolay\u0131 bir kaza ya\u015famad\u0131k. Silahla tehdit ettikleri i\u00e7in mecburen arac\u0131m\u0131z\u0131 durdurmak zorunda kald\u0131k. Kendileriyle m\u00fcnaka\u015fa etmedim, konu\u015fmad\u0131m. Ancak arac\u0131ma fiziki hasar verdiler. Camlar\u0131 k\u0131rmak i\u00e7in ta\u015fla vurdular. Bizleri s\u00fcrekli tehdit ettiler&#8221; diye konu\u015ftu.\u00a0<br \/>\nEmniyet g\u00fc\u00e7leri avukat \u00e7ifte s\u00f6zl\u00fc ve silahl\u0131 tacizde bulunan zanl\u0131lar\u0131n kimliklerinin belirlenip yakalanmas\u0131 i\u00e7in \u00e7al\u0131\u015fma ba\u015flatt\u0131.\u00a0<\/p>\n","protected":false},"excerpt":{"rendered":"<p>\u00a0Mersin&#8217;in Erdemli il\u00e7esinde balay\u0131ndan d\u00f6nen avukat \u00e7ift, kimli\u011fi belirsiz 4 ki\u015finin kendilerini trafikte s\u00f6zl\u00fc ve silahl\u0131 tehdit etti\u011fini ileri s\u00fcrerek zanl\u0131lar hakk\u0131nda savc\u0131l\u0131\u011fa su\u00e7 duyurusunda bulundu. Erdemli Adliyesi giri\u015finde Mersin &hellip; <a href=\"https:\/\/akdenizolaygazetesi.com\/?p=8155\" class=\"more-link\">Devam\u0131n\u0131 Oku&#8230;<\/a><\/p>\n","protected":false},"author":1,"featured_media":0,"comment_status":"open","ping_status":"open","sticky":false,"template":"","format":"standard","meta":[],"categories":[],"tags":[],"_links":{"self":[{"href":"https:\/\/akdenizolaygazetesi.com\/index.php?rest_route=\/wp\/v2\/posts\/8155"}],"collection":[{"href":"https:\/\/akdenizolaygazetesi.com\/index.php?rest_route=\/wp\/v2\/posts"}],"about":[{"href":"https:\/\/akdenizolaygazetesi.com\/index.php?rest_route=\/wp\/v2\/types\/post"}],"author":[{"embeddable":true,"href":"https:\/\/akdenizolaygazetesi.com\/index.php?rest_route=\/wp\/v2\/users\/1"}],"replies":[{"embeddable":true,"href":"https:\/\/akdenizolaygazetesi.com\/index.php?rest_route=%2Fwp%2Fv2%2Fcomments&post=8155"}],"version-history":[{"count":0,"href":"https:\/\/akdenizolaygazetesi.com\/index.php?rest_route=\/wp\/v2\/posts\/8155\/revisions"}],"wp:attachment":[{"href":"https:\/\/akdenizolaygazetesi.com\/index.php?rest_route=%2Fwp%2Fv2%2Fmedia&parent=8155"}],"wp:term":[{"taxonomy":"category","embeddable":true,"href":"https:\/\/akdenizolaygazetesi.com\/index.php?rest_route=%2Fwp%2Fv2%2Fcategories&post=8155"},{"taxonomy":"post_tag","embeddable":true,"href":"https:\/\/akdenizolaygazetesi.com\/index.php?rest_route=%2Fwp%2Fv2%2Ftags&post=8155"}],"curies":[{"name":"wp","href":"https:\/\/api.w.org\/{rel}","templated":true}]}}